{"id":16890,"date":"2018-07-19T17:43:54","date_gmt":"2018-07-19T15:43:54","guid":{"rendered":"https:\/\/www.mojevrijeme.hr\/magazin\/?p=16890"},"modified":"2018-07-19T17:54:53","modified_gmt":"2018-07-19T15:54:53","slug":"euforija-i-sivi-oblak-sto-se-zapravo-dogodilo-na-doceku-vatrenih","status":"publish","type":"post","link":"https:\/\/www.mojevrijeme.hr\/magazin\/2018\/07\/euforija-i-sivi-oblak-sto-se-zapravo-dogodilo-na-doceku-vatrenih\/","title":{"rendered":"Euforija i sivi oblak: \u0160to se zapravo dogodilo na do\u010deku Vatrenih?"},"content":{"rendered":"<p>&#8220;Povratak Vatrenih popra\u0107en je kolektivnom euforijom koju su mnogi usporedili s nacionalnim ushitom koji je izazvala operacija Oluja. Kao i tada, mnogi misle da je rije\u010d o nultoj to\u010dki hrvatske renesanse. Stvarno?&#8221; pi\u0161e <a href=\"https:\/\/www.dw.com\/hr\/tko-je-dobio-a-tko-izgubio-u-nogometnoj-euforiji\/a-44742674\" target=\"_blank\" rel=\"noopener\">Deutsche Welle<\/a>.<\/p>\n<p>Do\u010dek nogometne reprezentacije po svojim razmjerima bio je spektakl kakvog Hrvatska ne pamti i impresivan je po mnogo\u010demu. Prvenstveno po izostanku ozbiljnih incidenata i sigurnosne prijetnje, unato\u010d pola milijuna navija\u010da koji su se rasporedili na 15 kilometara dugoj trasi, o \u010demu su odu\u0161evljeno izvijestili i brojni strani novinari. Povremene provokacije u vidu usta\u0161kog pozdrava \u201eZa dom spremni&#8221; i isticanja parola i simbola propale NDH bili su daleko ispod o\u010dekivanog \u0161to se mo\u017ee smatrati velikim uspjehom hrvatskih gra\u0111ana.<\/p>\n<h3>Thompson \u2013 sivi oblak nad autobusom<\/h3>\n<p>\u010cinjenicu da su nogometa\u0161i i izbornik <strong>Zlatko Dali\u0107<\/strong> u pobjedni\u010dki autobus koji se satima kretao kroz razdraganu masu pozvali ikonu tvrde desnice \u2013 pjeva\u010da <strong>Marka Perkovi\u0107a Thompsona<\/strong> unio je, prije svega, nervozu u dobar dio pratitelja spektakla. \u201eHo\u0107e li se veli\u010danstven do\u010dek pretvoriti u nacionalisti\u010dki dernek?&#8221; pitanje je koje su si me\u0111usobno postavljali kolege novinari svjesni da bi Thompsonova pjesma \u201e\u010cavoglave\u201c koja po\u010dinje upravo sa \u201eZa dom spremni&#8221; mogla uni\u0161titi cijeli doga\u0111aj i promijeniti njegov smisao. Iako je na inzistiranje nogometa\u0161a zapjevao u finalu spektakla, \u201e\u010cavoglave\u201c su izostale, a publika nije negodovala kada je organizator prekinuo ovaj nastup. To je bilo i svojevrsno poni\u017eenje za Thompsona koji je progla\u0161en sivim oblakom nad ovom navija\u010dkom paradom. Umjesto ratni\u010dke, okupljeni gra\u0111ani odabrali su navija\u010dku pjesmu.<\/p><div id=\"mojev-1718144765\" class=\"mojev-u-tekstu mojev-entity-placement\" style=\"margin-left: auto;margin-right: auto;text-align: center;\"><div class=\"mojev-adlabel\">oglas<\/div><div style=\"height: 250px;\"><script async src=\"https:\/\/pagead2.googlesyndication.com\/pagead\/js\/adsbygoogle.js?client=ca-pub-8106111766207173\"\r\n     crossorigin=\"anonymous\"><\/script>\r\n<!-- Prikazni 1 u tekstu -->\r\n<ins class=\"adsbygoogle\"\r\n     style=\"display:block\"\r\n     data-ad-client=\"ca-pub-8106111766207173\"\r\n     data-ad-slot=\"8535551207\"\r\n     data-ad-format=\"auto\"\r\n     data-full-width-responsive=\"true\"><\/ins>\r\n<script>\r\n     (adsbygoogle = window.adsbygoogle || []).push({});\r\n<\/script><\/div><\/div><br style=\"clear: both; display: block; float: none;\"\/>\n<p>Odgovornost ne treba tra\u017eiti me\u0111u nogometa\u0161ima nesvjesnima politi\u010dke poruke koju su poslali. Ba\u0161 kao i u drugim zemljama, njihov javni identitet nije zasnovan na gra\u0111anskom anga\u017emanu. Uostalom, oni su i ina\u010de glazbeno fluidni pa \u0107e ju\u010der slu\u0161ati Thompsona, a ve\u0107 dana zaplesati uz Daru Bubamaru i Milu Kiti\u0107a. Prije svega, rije\u010d je o propustu organizatora koji nije na vrijeme predvidio ovakav desant na pozornicu koja ipak nije postavljena za privatnu zabavu sportskih heroja.<\/p>\n<p><img loading=\"lazy\" decoding=\"async\" class=\"aligncenter size-medium wp-image-16822\" src=\"https:\/\/www.mojevrijeme.hr\/magazin\/wp-content\/uploads\/2018\/07\/vatreni-novac-636x352.jpg\" alt=\"\" width=\"636\" height=\"352\" srcset=\"https:\/\/www.mojevrijeme.hr\/magazin\/wp-content\/uploads\/2018\/07\/vatreni-novac-636x352.jpg 636w, https:\/\/www.mojevrijeme.hr\/magazin\/wp-content\/uploads\/2018\/07\/vatreni-novac.jpg 740w\" sizes=\"auto, (max-width: 636px) 100vw, 636px\" \/><\/p>\n<h3>Kako je nastala euforija?<\/h3>\n<p>Osim na sjajnom sportskom uspjehu, ovaj fenomen eufori\u010dnog do\u010deka nogometa\u0161a po\u010diva na stanju koje su kreirali mediji i vladaju\u0107i politi\u010dari name\u0107u\u0107i nogomet kao tabletu Prozaca depresivnoj naciji. Pripisivale su se tako izborniku Zlatku Dali\u0107u \u010dudesne mo\u0107i stvaranja nacionalnog zajedni\u0161tva, a srebro doneseno iz Rusije predstavljano je kao ishodi\u0161na to\u010dka nove hrvatske renesanse. U svemu su sudjelovali i brojni stru\u010dnjaci, od psihologa preko politologa do sociologa \u010diji su nastupi pomalo nalikovali predavanjima\u00a0self-help\u00a0majstora u naivnom preslikavanju nogometne svla\u010dionice na politiku i gospodarstvo.<\/p>\n<p>No Dali\u0107 je samo nogometni izbornik i sporta\u0161 i od njega ne treba o\u010dekivati akcije koje \u0107e spasiti dru\u0161tvo. Pokazao je to ve\u0107 u pomalo bahatom odgovoru novinaru koji ga je pitao za\u0161to je pozvao Thompsona u autobus. \u201eHrvatska je druga u svijetu, a vi mene pitate o pjeva\u010dima, nemojte me provocirati. Pjevao je pjeva\u010d koji je na\u0161a himna\u201c, rekao je\u00a0 i otkrio da zajedni\u0161tvo o kojem je govorio nije zajedni\u0161tvo u toleranciji i promoviranju vrijednosti prihvatljivih svima.<\/p>\n<p><iframe loading=\"lazy\" src=\"https:\/\/www.youtube.com\/embed\/w4XaHlwJoiM?rel=0\" width=\"648\" height=\"410\" frameborder=\"0\" allowfullscreen=\"allowfullscreen\"><span data-mce-type=\"bookmark\" style=\"display: inline-block; width: 0px; overflow: hidden; line-height: 0;\" class=\"mce_SELRES_start\">\ufeff<\/span><\/iframe><\/p>\n<h3>Tko se sve poku\u0161ao okoristiti narodnim veseljem?<\/h3>\n<p>O\u010dekivano, privatizacija domoljublja i zajedni\u0161tva nije izostala na konzervativno-klerikalnom dijelu politi\u010dke scene koja je u narodnoj radosti vidjela mobilizacijski moment za obra\u010dun s neistomi\u0161ljenicima i vladaju\u0107ima.<\/p>\n<p>\u201eZajedni\u0161tvo naroda, Crkve, vojske i Vatrenih postoji. Rat razdora, kako bi zadr\u017eali svoje privilegije i jaram nad narodom, su opet proglasili politi\u010dari i sluganska pera. Ne\u0107emo vas vi\u0161e trpjeti. Izgubiti \u0107ete na svim frontama. Ve\u0107 ste izgubili, samo je pitanje vremena kada \u0107ete nestati. I povijest \u0107e vas zvati ono \u0161to jeste, bezli\u010dne sluge i izdajnici. \u017divjela hrvatska sloboda!\u201c S tim je rije\u010dima na \u201enarodne neprijatelje\u201c ukazao <strong>Vice Batarelo<\/strong>, jedan od vo\u0111a konzervativne revolucije u Hrvatskoj.<\/p>\n<p>Korak dalje oti\u0161ao je popularni hrvatski sve\u0107enik <strong>Ivan Ike Manduri\u0107<\/strong>, podupiratelj prosvjeda iz Savske 66 kojim je mali dio branitelja ru\u0161io vladu Zorana Milanovi\u0107a (SDP). I ovoga puta Manduri\u0107 du\u0161manina vidi u Banskim dvorima pa, izme\u0111u ostalog poru\u010duje da je premijer Andrej Plenkovi\u0107 (HDZ) narodni neprijatelj broj 1. \u201eNjegova politika svodi se na ga\u017eenje i zatiranje nacionalnog identiteta i kr\u0161\u0107anskih vrijednosti i svega onog \u0161to je Hrvat te\u0161kom mukom pod svakakvim terorima \u010duvao i gradio i za\u0161to su branitelji ginuli\u201c, pi\u0161e sve\u0107enik o Plenkovi\u0107u kao \u201epravom pravcatom nacionalnom izdajniku prvog reda\u201c i dodaje: \u201eOvaj zanos, sam po sebi, silno puno zna\u010di i vi\u0161e ni\u0161ta ne\u0107e biti isto. No, istovremeno, dok sve ostaje\u00a0 na samom zanosu, sve \u0107e ostati isto. Sve dok se ne anulira i onesposobi najve\u0107eg neprijatelja Hrvatske \u2013 premijera; sve dok izdajnik naroda \u2013 njegovog duha, identiteta i vjere \u2013 ima vlast\u201c, zaklju\u010duje ovaj sluga bo\u017eji.<\/p>\n<div id=\"attachment_16807\" style=\"width: 646px\" class=\"wp-caption aligncenter\"><img loading=\"lazy\" decoding=\"async\" aria-describedby=\"caption-attachment-16807\" class=\"size-medium wp-image-16807\" src=\"https:\/\/www.mojevrijeme.hr\/magazin\/wp-content\/uploads\/2018\/07\/kolinda-macron-636x352.jpg\" alt=\"\" width=\"636\" height=\"352\" srcset=\"https:\/\/www.mojevrijeme.hr\/magazin\/wp-content\/uploads\/2018\/07\/kolinda-macron-636x352.jpg 636w, https:\/\/www.mojevrijeme.hr\/magazin\/wp-content\/uploads\/2018\/07\/kolinda-macron.jpg 740w\" sizes=\"auto, (max-width: 636px) 100vw, 636px\" \/><p id=\"caption-attachment-16807\" class=\"wp-caption-text\">Vladimir Putin, Emmauel Macron i Kolinda Grabar-Kitarovi\u0107<\/p><\/div>\n<h3>Predsjednica na svjetskom tronu<\/h3>\n<p>Iako se Manduri\u0107 naknadno ispri\u010dao za ove rije\u010di, u njima je sublimirano sve ono \u0161to su u nogomet posljednjih tjedana poku\u0161ali u\u010ditati oni koji se nisu samo veselili nogometnom uspjehu, a to je lov na politi\u010dke neprijatelje. No politi\u010dko vrhnje sporta u Hrvatskoj uvijek je znao pobrati ba\u0161 HDZ. I ovoga puta u sjeni nogometne groznice, ispod radara, donijete su va\u017ene dr\u017eavne odluke. I predsjednica <strong>Kolinda Grabar-Kitarovi\u0107<\/strong>, izvorna hadezeovka, svojim je neobi\u010dnim i neobuzdanim pona\u0161anjem u Rusiji postigla planetarni uspjeh me\u0111u ljudima sitih politi\u010dara otu\u0111enih od vlastite bira\u010dke baze. Dodu\u0161e, slika Hrvatske koju je prezentirala, a u kojoj dr\u017eavnici di\u0161u s narodom, putuju jeftinim prijevozom i u kojoj \u017eena mo\u017ee biti \u0161to god po\u017eeli, ne odgovara stvarnosti.<\/p>\n<p>Dana\u0161nje jutro u Zagrebu je sasma obi\u010dno, svakodnevno. Oni koji moraju radi oti\u0161li su na posao. Oni koji nemaju stalni posao, gledaju kako pre\u017eivjeti do idu\u0107e socijalne naknade ili honorara ispla\u0107enog na crno. Oni sretniji, ve\u0107 su na pla\u017ei. Neki ve\u0107 pla\u010du kako \u0107e idu\u0107e dvije godine morati otpla\u0107ivati kredit koji su dignuli za put u Rusiju. Euforija nao\u010digled popu\u0161ta i sve je manje vremena za one koji se \u017eele okoristiti njome. <em>(<a href=\"https:\/\/www.dw.com\/hr\/tko-je-dobio-a-tko-izgubio-u-nogometnoj-euforiji\/a-44742674\" target=\"_blank\" rel=\"noopener\">Sini\u0161a Bogdani\u0107, Deutsche Welle<\/a>)\u00a0<\/em><\/p>\n<div id=\"mojev-1847360393\" class=\"mojev-kraj-teksta mojev-entity-placement\" style=\"margin-bottom: 20px;margin-left: auto;margin-right: auto;text-align: center;\"><div class=\"mojev-adlabel\">oglas<\/div><div style=\"height: 250px;\"><script async src=\"https:\/\/pagead2.googlesyndication.com\/pagead\/js\/adsbygoogle.js?client=ca-pub-8106111766207173\"\r\n     crossorigin=\"anonymous\"><\/script>\r\n<!-- Display-1 -->\r\n<ins class=\"adsbygoogle\"\r\n     style=\"display:block\"\r\n     data-ad-client=\"ca-pub-8106111766207173\"\r\n     data-ad-slot=\"1465712950\"\r\n     data-ad-format=\"auto\"\r\n     data-full-width-responsive=\"true\"><\/ins>\r\n<script>\r\n     (adsbygoogle = window.adsbygoogle || []).push({});\r\n<\/script><\/div><\/div>","protected":false},"excerpt":{"rendered":"<p>Odgovornost ne treba tra\u017eiti me\u0111u nogometa\u0161ima nesvjesnima politi\u010dke poruke koju su poslali. Ba\u0161 kao i u drugim zemljama, njihov javni identitet nije zasnovan na gra\u0111anskom anga\u017emanu. Uostalom, oni su i ina\u010de glazbeno fluidni pa \u0107e ju\u010der slu\u0161ati Thompsona, a ve\u0107 dana zaplesati uz Daru Bubamaru i Milu Kiti\u0107a. <\/p>\n","protected":false},"author":1,"featured_media":16891,"comment_status":"closed","ping_status":"closed","sticky":false,"template":"","format":"standard","meta":{"footnotes":""},"categories":[2],"tags":[359,1296,1314,39],"class_list":["post-16890","post","type-post","status-publish","format-standard","has-post-thumbnail","hentry","category-mozaik","tag-kolinda","tag-nogomet","tag-vatreni","tag-zagreb"],"_links":{"self":[{"href":"https:\/\/www.mojevrijeme.hr\/magazin\/wp-json\/wp\/v2\/posts\/16890","targetHints":{"allow":["GET"]}}],"collection":[{"href":"https:\/\/www.mojevrijeme.hr\/magazin\/wp-json\/wp\/v2\/posts"}],"about":[{"href":"https:\/\/www.mojevrijeme.hr\/magazin\/wp-json\/wp\/v2\/types\/post"}],"author":[{"embeddable":true,"href":"https:\/\/www.mojevrijeme.hr\/magazin\/wp-json\/wp\/v2\/users\/1"}],"replies":[{"embeddable":true,"href":"https:\/\/www.mojevrijeme.hr\/magazin\/wp-json\/wp\/v2\/comments?post=16890"}],"version-history":[{"count":0,"href":"https:\/\/www.mojevrijeme.hr\/magazin\/wp-json\/wp\/v2\/posts\/16890\/revisions"}],"wp:featuredmedia":[{"embeddable":true,"href":"https:\/\/www.mojevrijeme.hr\/magazin\/wp-json\/wp\/v2\/media\/16891"}],"wp:attachment":[{"href":"https:\/\/www.mojevrijeme.hr\/magazin\/wp-json\/wp\/v2\/media?parent=16890"}],"wp:term":[{"taxonomy":"category","embeddable":true,"href":"https:\/\/www.mojevrijeme.hr\/magazin\/wp-json\/wp\/v2\/categories?post=16890"},{"taxonomy":"post_tag","embeddable":true,"href":"https:\/\/www.mojevrijeme.hr\/magazin\/wp-json\/wp\/v2\/tags?post=16890"}],"curies":[{"name":"wp","href":"https:\/\/api.w.org\/{rel}","templated":true}]}}