{"id":16976,"date":"2018-07-27T18:28:37","date_gmt":"2018-07-27T16:28:37","guid":{"rendered":"https:\/\/www.mojevrijeme.hr\/magazin\/?p=16976"},"modified":"2018-07-27T18:28:37","modified_gmt":"2018-07-27T16:28:37","slug":"brigitte-ste-krititizirali-zbog-kasne-trudnoce-a-sto-je-s-clooneyem","status":"publish","type":"post","link":"https:\/\/www.mojevrijeme.hr\/magazin\/2018\/07\/brigitte-ste-krititizirali-zbog-kasne-trudnoce-a-sto-je-s-clooneyem\/","title":{"rendered":"Brigitte ste krititizirali zbog kasne trudno\u0107e, a \u0161to je s Clooneyem?"},"content":{"rendered":"<p>Trebaju li \u017eene ra\u0111ati poslije pedesete ili \u010dak poslije \u010detrdesete? To je pitanje aktualizirano nakon \u0161to su svi mediji objavili vijest da je danska glumica i fotomodel <strong>Brigitte Nielsen<\/strong> rodila svoje peto dijete u 55. godini \u017eivota i to s petim suprugom.<\/p>\n<p>\u201eMnoge su \u017eene rekle da sam prestara, ali koliki su mu\u0161karci dobili prvo dijete u \u0161ezdesetima i sedamdesetima i od toga se nije radio problem?\u201c komentirala je Brigitte nastalu situaciju za koju smatra da je sasvim prirodna. \u201ePo\u0161tujem sva\u010dije mi\u0161ljenje, nekome se to ne svi\u0111a, ali to je moj \u017eivot, a ja i suprug imamo solidnu vezu\u201c, ispri\u010dala je za BBC.<\/p>\n<p>Nielsen se udala za <strong>Mattiju Dessia<\/strong> (39) u 2006. godini, a po\u010dela je zamrzavati svoja jaja\u0161ca kad aje imala 40 godina. Novoro\u0111ena Frida je njeno prvo dijete s petim suprugom.<\/p><div id=\"mojev-3536633532\" class=\"mojev-u-tekstu mojev-entity-placement\" style=\"margin-left: auto;margin-right: auto;text-align: center;\"><div class=\"mojev-adlabel\">oglas<\/div><div style=\"height: 250px;\"><script async src=\"https:\/\/pagead2.googlesyndication.com\/pagead\/js\/adsbygoogle.js?client=ca-pub-8106111766207173\"\r\n     crossorigin=\"anonymous\"><\/script>\r\n<!-- Prikazni 1 u tekstu -->\r\n<ins class=\"adsbygoogle\"\r\n     style=\"display:block\"\r\n     data-ad-client=\"ca-pub-8106111766207173\"\r\n     data-ad-slot=\"8535551207\"\r\n     data-ad-format=\"auto\"\r\n     data-full-width-responsive=\"true\"><\/ins>\r\n<script>\r\n     (adsbygoogle = window.adsbygoogle || []).push({});\r\n<\/script><\/div><\/div><br style=\"clear: both; display: block; float: none;\"\/>\n<div id=\"attachment_4661\" style=\"width: 646px\" class=\"wp-caption aligncenter\"><img loading=\"lazy\" decoding=\"async\" aria-describedby=\"caption-attachment-4661\" class=\"size-medium wp-image-4661\" src=\"https:\/\/www.mojevrijeme.hr\/magazin\/wp-content\/uploads\/2015\/06\/george-clooney-naked-636x352.jpg\" alt=\"Kako biti seksi? George Clooney nude pics.\" width=\"636\" height=\"352\" srcset=\"https:\/\/www.mojevrijeme.hr\/magazin\/wp-content\/uploads\/2015\/06\/george-clooney-naked-636x352.jpg 636w, https:\/\/www.mojevrijeme.hr\/magazin\/wp-content\/uploads\/2015\/06\/george-clooney-naked-150x83.jpg 150w, https:\/\/www.mojevrijeme.hr\/magazin\/wp-content\/uploads\/2015\/06\/george-clooney-naked.jpg 740w\" sizes=\"auto, (max-width: 636px) 100vw, 636px\" \/><p id=\"caption-attachment-4661\" class=\"wp-caption-text\">George Clooney (foto: BigStock)<\/p><\/div>\n<p>Britanska stru\u010dnjakinja za plodnost <strong>dr. Zeynep Gurtin<\/strong> za BBC je potvrdila da se starije majke puno vi\u0161e osu\u0111uju od starih o\u010deva. \u201eNitko nije ni podignuo obrvu oko <strong>Georgea Clooneya<\/strong> koji je postao otac blizanaca u 56. godini \u017eivota. Kada je rije\u010d o o\u010devima, pretpostavljamo da oni mogu biti bezbolno uklonjeni, da su manje uklju\u010deni u odgoj djeteta. S druge strane, \u017eenama se govori da su sebi\u010dne, ako maj\u010dinstvo ostave za kasnije.\u201c<\/p>\n<blockquote class=\"instagram-media\" style=\"background: #FFF; border: 0; border-radius: 3px; box-shadow: 0 0 1px 0 rgba(0,0,0,0.5),0 1px 10px 0 rgba(0,0,0,0.15); margin: 1px; max-width: 540px; min-width: 326px; padding: 0; width: calc(100% - 2px);\" data-instgrm-permalink=\"https:\/\/www.instagram.com\/p\/BkjNnSeHVQz\/\" data-instgrm-version=\"9\">\n<div style=\"padding: 8px;\">\n<div style=\"background: #F8F8F8; line-height: 0; margin-top: 40px; padding: 57.36111111111111% 0; text-align: center; width: 100%;\">\n<div style=\"background: url(data:image\/png; base64,ivborw0kggoaaaansuheugaaacwaaaascamaaaapwqozaaaabgdbtueaalgpc\/xhbqaaaafzukdcak7ohokaaaamuexurczmzpf399fx1+bm5mzy9amaaadisurbvdjlvzxbesmgces5\/p8\/t9furvcrmu73jwlzosgsiizurcjo\/ad+eqjjb4hv8bft+idpqocx1wjosbfhh2xssxeiyn3uli\/6mnree07uiwjev8ueowds88ly97kqytlijkktuybbruayvh5wohixmpi5we58ek028czwyuqdlkpg1bkb4nnm+veanfhqn1k4+gpt6ugqcvu2h2ovuif\/gwufyy8owepdyzsa3avcqpvovvzzz2vtnn2wu8qzvjddeto90gsy9mvlqtgysy231mxry6i2ggqjrty0l8fxcxfcbbhwrsyyaaaaaelftksuqmcc); display: block; height: 44px; margin: 0 auto -44px; position: relative; top: -22px; width: 44px;\"><\/div>\n<\/div>\n<p style=\"color: #c9c8cd; font-family: Arial,sans-serif; font-size: 14px; line-height: 17px; margin-bottom: 0; margin-top: 8px; overflow: hidden; padding: 8px 0 7px; text-align: center; text-overflow: ellipsis; white-space: nowrap;\"><a style=\"color: #c9c8cd; font-family: Arial,sans-serif; font-size: 14px; font-style: normal; font-weight: normal; line-height: 17px; text-decoration: none;\" href=\"https:\/\/www.instagram.com\/p\/BkjNnSeHVQz\/\" target=\"_blank\" rel=\"noopener\">A post shared by Brigitte Nielsen (@realbrigittenielsen)<\/a> on <time style=\"font-family: Arial,sans-serif; font-size: 14px; line-height: 17px;\" datetime=\"2018-06-28T01:38:49+00:00\">Jun 27, 2018 at 6:38pm PDT<\/time><\/p>\n<\/div>\n<\/blockquote>\n<p><script async defer src=\"\/\/www.instagram.com\/embed.js\"><\/script><\/p>\n<div id=\"mojev-3513075852\" class=\"mojev-kraj-teksta mojev-entity-placement\" style=\"margin-bottom: 20px;margin-left: auto;margin-right: auto;text-align: center;\"><div class=\"mojev-adlabel\">oglas<\/div><div style=\"height: 250px;\"><script async src=\"https:\/\/pagead2.googlesyndication.com\/pagead\/js\/adsbygoogle.js?client=ca-pub-8106111766207173\"\r\n     crossorigin=\"anonymous\"><\/script>\r\n<!-- Display-1 -->\r\n<ins class=\"adsbygoogle\"\r\n     style=\"display:block\"\r\n     data-ad-client=\"ca-pub-8106111766207173\"\r\n     data-ad-slot=\"1465712950\"\r\n     data-ad-format=\"auto\"\r\n     data-full-width-responsive=\"true\"><\/ins>\r\n<script>\r\n     (adsbygoogle = window.adsbygoogle || []).push({});\r\n<\/script><\/div><\/div>","protected":false},"excerpt":{"rendered":"<p> Kada je rije\u010d o o\u010devima, pretpostavljamo da oni mogu biti bezbolno uklonjeni, da su manje uklju\u010deni u odgoj djeteta. S druge strane, \u017eenama se govori da su sebi\u010dne, ako maj\u010dinstvo ostave za kasnije. <\/p>\n","protected":false},"author":1,"featured_media":15724,"comment_status":"closed","ping_status":"closed","sticky":false,"template":"","format":"standard","meta":{"footnotes":""},"categories":[84],"tags":[1256,594,855],"class_list":["post-16976","post","type-post","status-publish","format-standard","has-post-thumbnail","hentry","category-show","tag-brigitte-nielsen","tag-george-clooney","tag-odgodeno-roditeljstvo"],"_links":{"self":[{"href":"https:\/\/www.mojevrijeme.hr\/magazin\/wp-json\/wp\/v2\/posts\/16976","targetHints":{"allow":["GET"]}}],"collection":[{"href":"https:\/\/www.mojevrijeme.hr\/magazin\/wp-json\/wp\/v2\/posts"}],"about":[{"href":"https:\/\/www.mojevrijeme.hr\/magazin\/wp-json\/wp\/v2\/types\/post"}],"author":[{"embeddable":true,"href":"https:\/\/www.mojevrijeme.hr\/magazin\/wp-json\/wp\/v2\/users\/1"}],"replies":[{"embeddable":true,"href":"https:\/\/www.mojevrijeme.hr\/magazin\/wp-json\/wp\/v2\/comments?post=16976"}],"version-history":[{"count":0,"href":"https:\/\/www.mojevrijeme.hr\/magazin\/wp-json\/wp\/v2\/posts\/16976\/revisions"}],"wp:featuredmedia":[{"embeddable":true,"href":"https:\/\/www.mojevrijeme.hr\/magazin\/wp-json\/wp\/v2\/media\/15724"}],"wp:attachment":[{"href":"https:\/\/www.mojevrijeme.hr\/magazin\/wp-json\/wp\/v2\/media?parent=16976"}],"wp:term":[{"taxonomy":"category","embeddable":true,"href":"https:\/\/www.mojevrijeme.hr\/magazin\/wp-json\/wp\/v2\/categories?post=16976"},{"taxonomy":"post_tag","embeddable":true,"href":"https:\/\/www.mojevrijeme.hr\/magazin\/wp-json\/wp\/v2\/tags?post=16976"}],"curies":[{"name":"wp","href":"https:\/\/api.w.org\/{rel}","templated":true}]}}