{"id":17053,"date":"2018-08-03T12:59:39","date_gmt":"2018-08-03T10:59:39","guid":{"rendered":"https:\/\/www.mojevrijeme.hr\/magazin\/?p=17053"},"modified":"2018-08-03T13:04:17","modified_gmt":"2018-08-03T11:04:17","slug":"joan-collins-85-skinula-sminku-i-zaigrala-zenu-svojih-godina","status":"publish","type":"post","link":"https:\/\/www.mojevrijeme.hr\/magazin\/2018\/08\/joan-collins-85-skinula-sminku-i-zaigrala-zenu-svojih-godina\/","title":{"rendered":"Joan Collins (85) \u2013 skinula \u0161minku i zaigrala \u017eenu svojih godina"},"content":{"rendered":"<p>Jedna od posljednjih filmskih diva starog sjaja, britanska glumica <strong>Joan Collins<\/strong>, odbacila je glamur i \u0161minku za potrebe najnovije uloge. Snimaju\u0107i film Gerry, u kojem naslovne uloge imaju Matt Damon i Casey Affleck, Collins je skinula \u0161minku i pokazala svoje godine \u2013 njih 85!<\/p>\n<p>Lik <strong>Hilde<\/strong> koji tuma\u010di u kratkom filmu <strong>Paula Agara<\/strong>\u00a0je starica koja \u017eivi u stara\u010dkom domu.\u00a0Dodu\u0161e, \u0161minkeri tvrde da su slavnu Collins dodatno postarali za ovu ulogu. Collins je paralelno glumila i u deset epizoda osme sezone serije <strong>American Horror Story<\/strong>, a uskoro bi trebala po\u010deti i snimanje filma o ostarjelom filma\u0161u koji gubi bogatstvo i seli se u Indiju. Film Unforgettable \u0107e re\u017eirati <strong>JC Falcon<\/strong>.<\/p>\n<blockquote class=\"instagram-media\" style=\"background: #FFF; border: 0; border-radius: 3px; box-shadow: 0 0 1px 0 rgba(0,0,0,0.5),0 1px 10px 0 rgba(0,0,0,0.15); margin: 1px; max-width: 540px; min-width: 326px; padding: 0; width: calc(100% - 2px);\" data-instgrm-permalink=\"https:\/\/www.instagram.com\/p\/BfBvPpXjhwk\/?utm_source=ig_embed\" data-instgrm-version=\"9\">\n<div style=\"padding: 8px;\">\n<div style=\"background: #F8F8F8; line-height: 0; margin-top: 40px; padding: 62.5% 0; text-align: center; width: 100%;\">\n<div style=\"background: url(data:image\/png; base64,ivborw0kggoaaaansuheugaaacwaaaascamaaaapwqozaaaabgdbtueaalgpc\/xhbqaaaafzukdcak7ohokaaaamuexurczmzpf399fx1+bm5mzy9amaaadisurbvdjlvzxbesmgces5\/p8\/t9furvcrmu73jwlzosgsiizurcjo\/ad+eqjjb4hv8bft+idpqocx1wjosbfhh2xssxeiyn3uli\/6mnree07uiwjev8ueowds88ly97kqytlijkktuybbruayvh5wohixmpi5we58ek028czwyuqdlkpg1bkb4nnm+veanfhqn1k4+gpt6ugqcvu2h2ovuif\/gwufyy8owepdyzsa3avcqpvovvzzz2vtnn2wu8qzvjddeto90gsy9mvlqtgysy231mxry6i2ggqjrty0l8fxcxfcbbhwrsyyaaaaaelftksuqmcc); display: block; height: 44px; margin: 0 auto -44px; position: relative; top: -22px; width: 44px;\"><\/div>\n<\/div>\n<p style=\"color: #c9c8cd; font-family: Arial,sans-serif; font-size: 14px; line-height: 17px; margin-bottom: 0; margin-top: 8px; overflow: hidden; padding: 8px 0 7px; text-align: center; text-overflow: ellipsis; white-space: nowrap;\"><a style=\"color: #c9c8cd; font-family: Arial,sans-serif; font-size: 14px; font-style: normal; font-weight: normal; line-height: 17px; text-decoration: none;\" href=\"https:\/\/www.instagram.com\/p\/BfBvPpXjhwk\/?utm_source=ig_embed\" target=\"_blank\" rel=\"noopener\">A post shared by Gerry (@gerry_film)<\/a> on <time style=\"font-family: Arial,sans-serif; font-size: 14px; line-height: 17px;\" datetime=\"2018-02-10T19:01:32+00:00\">Feb 10, 2018 at 11:01am PST<\/time><\/p>\n<\/div>\n<\/blockquote>\n<p><script async defer src=\"\/\/www.instagram.com\/embed.js\"><\/script><\/p>\n<p>Na\u0161oj je publici Collins najpoznatija po ulozi zlo\u010deste <strong>Alexis<\/strong>, prve supruge nafta\u0161a Blakea Carringtona, koju je tuma\u010dila u majci svih sapunica \u2013 <strong>Dinastiji<\/strong>. &#8220;Joan ima jednu izvanrednu prednost nad ostalim zvijezdama. Nema komplekse zbog uloge koju tuma\u010di. Ako treba igrati 60-godi\u0161nju \u017eenu, onda i tra\u017ei da je takvom u\u010dinim. I tek kada su \u0161minka i frizura gotove, ona se pretvara u osobu koju igra&#8221;, izjavio je <strong>Bob Seidel<\/strong>, \u0161minker sa seta Dinastije daleke 1986. godine. <a href=\"https:\/\/www.mojevrijeme.hr\/magazin\/2016\/03\/jedan-dan-na-snimanju-dinastije\/\" target=\"_blank\" rel=\"noopener\">Cijeli prilog mo\u017eete pro\u010ditati ovdje<\/a>.<\/p><div id=\"mojev-646480881\" class=\"mojev-u-tekstu mojev-entity-placement\" style=\"margin-left: auto;margin-right: auto;text-align: center;\"><div class=\"mojev-adlabel\">oglas<\/div><div style=\"height: 250px;\"><script async src=\"https:\/\/pagead2.googlesyndication.com\/pagead\/js\/adsbygoogle.js?client=ca-pub-8106111766207173\"\r\n     crossorigin=\"anonymous\"><\/script>\r\n<!-- Prikazni 1 u tekstu -->\r\n<ins class=\"adsbygoogle\"\r\n     style=\"display:block\"\r\n     data-ad-client=\"ca-pub-8106111766207173\"\r\n     data-ad-slot=\"8535551207\"\r\n     data-ad-format=\"auto\"\r\n     data-full-width-responsive=\"true\"><\/ins>\r\n<script>\r\n     (adsbygoogle = window.adsbygoogle || []).push({});\r\n<\/script><\/div><\/div><br style=\"clear: both; display: block; float: none;\"\/>\n<div id=\"attachment_17058\" style=\"width: 651px\" class=\"wp-caption aligncenter\"><img loading=\"lazy\" decoding=\"async\" aria-describedby=\"caption-attachment-17058\" class=\"wp-image-17058 size-large\" src=\"https:\/\/www.mojevrijeme.hr\/magazin\/wp-content\/uploads\/2018\/08\/alexis-jugoslavija-srbija-641x740.jpg\" alt=\"dinastija, alexis, joan collins, sapunica\" width=\"641\" height=\"740\" srcset=\"https:\/\/www.mojevrijeme.hr\/magazin\/wp-content\/uploads\/2018\/08\/alexis-jugoslavija-srbija-641x740.jpg 641w, https:\/\/www.mojevrijeme.hr\/magazin\/wp-content\/uploads\/2018\/08\/alexis-jugoslavija-srbija-551x636.jpg 551w, https:\/\/www.mojevrijeme.hr\/magazin\/wp-content\/uploads\/2018\/08\/alexis-jugoslavija-srbija.jpg 740w\" sizes=\"auto, (max-width: 641px) 100vw, 641px\" \/><p id=\"caption-attachment-17058\" class=\"wp-caption-text\">Dinastija (screenshot: HTV)<\/p><\/div>\n<p>&nbsp;<\/p>\n<p>&nbsp;<\/p>\n<p>&nbsp;<\/p>\n<div id=\"mojev-1577161518\" class=\"mojev-kraj-teksta mojev-entity-placement\" style=\"margin-bottom: 20px;margin-left: auto;margin-right: auto;text-align: center;\"><div class=\"mojev-adlabel\">oglas<\/div><div style=\"height: 250px;\"><script async src=\"https:\/\/pagead2.googlesyndication.com\/pagead\/js\/adsbygoogle.js?client=ca-pub-8106111766207173\"\r\n     crossorigin=\"anonymous\"><\/script>\r\n<!-- Display-1 -->\r\n<ins class=\"adsbygoogle\"\r\n     style=\"display:block\"\r\n     data-ad-client=\"ca-pub-8106111766207173\"\r\n     data-ad-slot=\"1465712950\"\r\n     data-ad-format=\"auto\"\r\n     data-full-width-responsive=\"true\"><\/ins>\r\n<script>\r\n     (adsbygoogle = window.adsbygoogle || []).push({});\r\n<\/script><\/div><\/div>","protected":false},"excerpt":{"rendered":"<p>Jedna od posljednjih filmskih diva starog sjaja, britanska glumica Joan Collins, odbacila je glamur i \u0161minku za potrebe najnovije uloge. Snimaju\u0107i film Gerry, u kojem naslovne uloge imaju Matt Damon i Casey Affleck, Collins je skinula \u0161minku i pokazala svoje godine \u2013 njih 85! Lik Hilde koji tuma\u010di u kratkom filmu Paula Agara\u00a0je starica koja [&hellip;]<\/p>\n","protected":false},"author":1,"featured_media":17056,"comment_status":"closed","ping_status":"closed","sticky":false,"template":"","format":"standard","meta":{"footnotes":""},"categories":[84],"tags":[221,201,1332],"class_list":["post-17053","post","type-post","status-publish","format-standard","has-post-thumbnail","hentry","category-show","tag-dinastija","tag-glumci","tag-joan-collins"],"_links":{"self":[{"href":"https:\/\/www.mojevrijeme.hr\/magazin\/wp-json\/wp\/v2\/posts\/17053","targetHints":{"allow":["GET"]}}],"collection":[{"href":"https:\/\/www.mojevrijeme.hr\/magazin\/wp-json\/wp\/v2\/posts"}],"about":[{"href":"https:\/\/www.mojevrijeme.hr\/magazin\/wp-json\/wp\/v2\/types\/post"}],"author":[{"embeddable":true,"href":"https:\/\/www.mojevrijeme.hr\/magazin\/wp-json\/wp\/v2\/users\/1"}],"replies":[{"embeddable":true,"href":"https:\/\/www.mojevrijeme.hr\/magazin\/wp-json\/wp\/v2\/comments?post=17053"}],"version-history":[{"count":0,"href":"https:\/\/www.mojevrijeme.hr\/magazin\/wp-json\/wp\/v2\/posts\/17053\/revisions"}],"wp:featuredmedia":[{"embeddable":true,"href":"https:\/\/www.mojevrijeme.hr\/magazin\/wp-json\/wp\/v2\/media\/17056"}],"wp:attachment":[{"href":"https:\/\/www.mojevrijeme.hr\/magazin\/wp-json\/wp\/v2\/media?parent=17053"}],"wp:term":[{"taxonomy":"category","embeddable":true,"href":"https:\/\/www.mojevrijeme.hr\/magazin\/wp-json\/wp\/v2\/categories?post=17053"},{"taxonomy":"post_tag","embeddable":true,"href":"https:\/\/www.mojevrijeme.hr\/magazin\/wp-json\/wp\/v2\/tags?post=17053"}],"curies":[{"name":"wp","href":"https:\/\/api.w.org\/{rel}","templated":true}]}}