{"id":1737,"date":"2014-11-05T06:51:47","date_gmt":"2014-11-05T05:51:47","guid":{"rendered":"http:\/\/www.mojevrijeme.hr\/magazin\/?p=1737"},"modified":"2023-05-14T13:10:52","modified_gmt":"2023-05-14T11:10:52","slug":"radati-nakon-pedesete-da-ili-ne","status":"publish","type":"post","link":"https:\/\/www.mojevrijeme.hr\/magazin\/2014\/11\/radati-nakon-pedesete-da-ili-ne\/","title":{"rendered":"Ra\u0111ati nakon pedesete, da ili ne?"},"content":{"rendered":"<p>Slu\u010daj talijanske plesa\u010dice C<strong>armen Russo<\/strong> koja se je prije nekoliko godina odlu\u010dila roditi dijete s 53 godine u Italiji je potaknuo\u00a0raspravu o tome do kada bi \u017eene trebale ra\u0111ati. Russo je zamolila javnost da ju ne osu\u0111uje i kao poznato lice pomaknula je granice maj\u010dinstva u Italiji. \u00a0Nastupala je u ve\u0107ini tv-showa od 1980-ih, kada je upoznala svog sada\u0161njeg supruga <strong>Enza Paola Turchija<\/strong> i s njim osnovala plesni duo, pi\u0161e <a title=\"Deutsche Welle\" href=\"http:\/\/www.dw.de\/trebaju-li-starije-%C5%BEene-ra%C4%91ati-djecu\/a-16354584\" target=\"_blank\" rel=\"noopener\">Deutsche Welle<\/a>. Njih dvoje sami sebe zovu \u201cvje\u010dnom djecom\u201d i napravili su sve \u0161to su mogli kako bi pobijedili svoju starost. Mnogo se \u0161pekuliralo o koli\u010dini plasti\u010dnih operacija kojima se Russo podvrgnula kako bi izgledala tako mlada.<\/p>\n<h3>\u2018Imam 53 godine, ali \u0161to je toliko lo\u0161e u tome?\u2019<\/h3>\n<p>\u201cJa i moj mu\u017e \u0107emo postati roditelji u o\u017eujku, trenutno sam u \u010detvrtom mjesecu trudno\u0107e\u201d, obznanila je Carmen Russo za Berlusconijev magazin Chi nekoliko mjeseci prije nego je rodila Mariju. \u201cZnam da imam 53 godine, ali \u0161to je toliko lo\u0161e u tome?\u201d, rekla je i javnost pozvala da je ne osu\u0111uje obe\u0107av\u0161i da \u0107e se za svoje budu\u0107e dijete \u201codr\u017eavati mladom i zdravom \u0161to je du\u017ee mogu\u0107e\u201d. \u201cUvijek sam \u017eeljela biti majka, ali na\u0161e dijete jednostavno nije htjelo do\u0107i prirodnim putem\u201d, ispovijedila se plesa\u010dica. Umjetna oplodnja joj je kona\u010dno pomogla da ostvari svoj san o maj\u010dinstvu. \u201cTo je Bo\u017eji dar\u201d, ka\u017ee Russo koja je kao i njezin suprug vrlo religiozna. Koriste\u0107i umjetnu oplodnju u poznijim godinama, par se pridru\u017eio nizu poznatih koji su u\u010dinili isto.<\/p>\n<p>I njihova sunarodnjakinja, rock-pjeva\u010dica <strong>Gianna Nannini<\/strong>, rodila je k\u0107er s 54 godine. \u017dene su i iz drugih zemalja posljednjih godina dospjele na naslovnice jer su rodile s preko 50 ili \u010dak 60 godina. Sve je, dakle, relativno \u2013 u usporedbi s njima, majka koja rodi s 40 je \u2013 \u201cmlada majka\u201d. Iako uvijek ima ljudi koji osu\u0111uju postarije majke, u Italiji su komentari na \u201cslu\u010daj Russo\u201d ve\u0107inom bili pozitivni.<\/p><div id=\"mojev-1686741111\" class=\"mojev-u-tekstu mojev-entity-placement\" style=\"margin-left: auto;margin-right: auto;text-align: center;\"><div class=\"mojev-adlabel\">oglas<\/div><div style=\"height: 250px;\"><script async src=\"https:\/\/pagead2.googlesyndication.com\/pagead\/js\/adsbygoogle.js?client=ca-pub-8106111766207173\"\r\n     crossorigin=\"anonymous\"><\/script>\r\n<!-- Prikazni 1 u tekstu -->\r\n<ins class=\"adsbygoogle\"\r\n     style=\"display:block\"\r\n     data-ad-client=\"ca-pub-8106111766207173\"\r\n     data-ad-slot=\"8535551207\"\r\n     data-ad-format=\"auto\"\r\n     data-full-width-responsive=\"true\"><\/ins>\r\n<script>\r\n     (adsbygoogle = window.adsbygoogle || []).push({});\r\n<\/script><\/div><\/div><br style=\"clear: both; display: block; float: none;\"\/>\n<p>&nbsp;<\/p>\n<div id=\"attachment_1739\" style=\"width: 646px\" class=\"wp-caption alignnone\"><img loading=\"lazy\" decoding=\"async\" aria-describedby=\"caption-attachment-1739\" class=\"size-medium wp-image-1739\" src=\"http:\/\/www.mojevrijeme.hr\/magazin\/wp-content\/uploads\/2014\/11\/carmen-russo-636x352.jpg\" alt=\"Mogu li starije \u017eene zatrudnjeti?\" width=\"636\" height=\"352\" srcset=\"https:\/\/www.mojevrijeme.hr\/magazin\/wp-content\/uploads\/2014\/11\/carmen-russo-636x352.jpg 636w, https:\/\/www.mojevrijeme.hr\/magazin\/wp-content\/uploads\/2014\/11\/carmen-russo.jpg 740w\" sizes=\"auto, (max-width: 636px) 100vw, 636px\" \/><p id=\"caption-attachment-1739\" class=\"wp-caption-text\">Carmen Russo, nekad i danas (foto: tisak)<\/p><\/div>\n<h3>Strah od pove\u0107anog rizika<\/h3>\n<p><strong>Kraljevski koled\u017e ginekologa<\/strong> (RCOG) u Velikoj Britaniji ipak savjetuje \u017eenama da je najbolji, najsigurniji i najzdraviji period za ra\u0111anje djece od 20. do 35. godine \u017eivota. Nakon toga, upozoravaju britanski stru\u010dnjaci, rizik komplikacija se sve vi\u0161e pove\u0107ava, ne samo u pogledu spontanih poba\u010daja i pove\u0107ane neplodnosti , ve\u0107 i komplikacija, deformacija i smrtnosti \u2013 i mama i djece. Zakone prirode, poru\u010duju, treba po\u0161tovati.<\/p>\n<p>Na pitanje koliko je za majku opasno prolaziti kroz trudno\u0107u nakon \u0161to se njezin reproduktivni sustav mo\u017eda ve\u0107 ugasi, <strong>dr. Daghni Rajasingam<\/strong>, glasnogovornica RCOG-a, odgovara: \u201c\u017dene starije od 35 godina imaju pove\u0107an rizik komplikacija u ranoj trudno\u0107i, ali i u poodmaklom stadiju trudno\u0107e. Kod starijih \u017eena je pove\u0107ana opasnost od poba\u010daja, ektopi\u010dke trudno\u0107e ili ra\u0111anja mrtvoro\u0111en\u010dadi. Daljnje komplikacije koje se dovode u vezu sa starijom \u017eivotnom dobi majke uklju\u010duju dijabetes, prijevremeno odvajanje posteljice, povi\u0161eni tlak i carski rez.\u201d<\/p>\n<h3>Dobre strane kasnog maj\u010dinstva<\/h3>\n<p>Ali \u010dinjenica je i da \u017eivimo du\u017ee, jedemo zdravije i radimo du\u017ee, pa za\u0161to ne bismo i ra\u0111ali djecu kasnije? Ameri\u010dki stru\u010dnjaci su ustanovili da se broj \u017eena koje ra\u0111aju nakon 45. godine \u017eivota u razdoblju od 1980. do 2004. udvostru\u010dio pa sada izdaje i magazin posebno za tu ciljnu publiku. Neki \u0107e kriti\u010dari predbaciti \u017eenama da \u017eele danas imati sve \u2013 karijeru, zabavu, \u017eivot, a zatim i djecu \u2013 kad god to po\u017eele, da modernom tehnologijom i uspijevamo pobijediti biolo\u0161ke zakone, ali da je to sebi\u010dno i nefer prema djetetu. Ono \u0107e, argumentiraju oni neskloni pomicanju dobnih granica maj\u010dinstva, patiti zbog starijih roditelja a ovi im zbog starosti ne\u0107e mo\u0107i pomo\u0107i kada im to jo\u0161 bude trebalo.<\/p>\n<p>Ali ima i argumenata koji govore u prilog \u201cstarijim roditeljima\u201d. Istra\u017eivanje <strong>Nacionalnog instituta za dje\u010dje zdravlje i ljudski razvoj<\/strong> (NICHD) u SAD-u pokazalo je tako da su stariji roditelji obi\u010dno u boljoj financijskoj situaciji, da imaju vi\u0161e strpljenja i vremena za djecu i da se manje dr\u017ee tradicionalnih metoda odgoja. Svjesni da su stariji, \u201cplaniraju unaprijed i pridaju ve\u0107u pozornost ishrani i tjelovje\u017ebi kako bi osigurali najbolje mogu\u0107e fizi\u010dko stanje i tako se brinuli za svoju djecu \u0161to je dulje mogu\u0107e\u201d, navodi se. Treba na umu imati jo\u0161 jedan aspekt: stariji o\u010devi se ne kritiziraju tako puno kao majke iako se veliki broj argumenata koje govore protiv kasnog maj\u010dinstva mo\u017ee upotrebiti \u2013 i protiv kasnog o\u010dinstva.<\/p>\n<p><a title=\"Deutsche Welle\" href=\"http:\/\/www.dw.de\/trebaju-li-starije-%C5%BEene-ra%C4%91ati-djecu\/a-16354584\" target=\"_blank\" rel=\"noopener\">\/autor:\u00a0Emma Wallis\/Melina Bor\u010dak, Deutsche Welle\/<\/a><\/p>\n<div id=\"mojev-1164932631\" class=\"mojev-kraj-teksta mojev-entity-placement\" style=\"margin-bottom: 20px;margin-left: auto;margin-right: auto;text-align: center;\"><div class=\"mojev-adlabel\">oglas<\/div><div style=\"height: 250px;\"><script async src=\"https:\/\/pagead2.googlesyndication.com\/pagead\/js\/adsbygoogle.js?client=ca-pub-8106111766207173\"\r\n     crossorigin=\"anonymous\"><\/script>\r\n<!-- Display-1 -->\r\n<ins class=\"adsbygoogle\"\r\n     style=\"display:block\"\r\n     data-ad-client=\"ca-pub-8106111766207173\"\r\n     data-ad-slot=\"1465712950\"\r\n     data-ad-format=\"auto\"\r\n     data-full-width-responsive=\"true\"><\/ins>\r\n<script>\r\n     (adsbygoogle = window.adsbygoogle || []).push({});\r\n<\/script><\/div><\/div>","protected":false},"excerpt":{"rendered":"<p>Sve je vi\u0161e \u017eena koje se odlu\u010duju za trudno\u0107u u drugom \u017eivotnom poluvremenu. Dok dru\u0161tvo jo\u0161 uvijek osu\u0111uje takve odluke, neki znanstvenici tvrde da od toga imaju koristi i dijete, i postariji roditelji. Starije o\u010deve pri tom nitko ne dovodi u pitanje. <\/p>\n","protected":false},"author":1,"featured_media":1738,"comment_status":"closed","ping_status":"open","sticky":false,"template":"","format":"standard","meta":{"footnotes":""},"categories":[2],"tags":[287,48],"class_list":["post-1737","post","type-post","status-publish","format-standard","has-post-thumbnail","hentry","category-mozaik","tag-menopauza","tag-trudnoca"],"_links":{"self":[{"href":"https:\/\/www.mojevrijeme.hr\/magazin\/wp-json\/wp\/v2\/posts\/1737","targetHints":{"allow":["GET"]}}],"collection":[{"href":"https:\/\/www.mojevrijeme.hr\/magazin\/wp-json\/wp\/v2\/posts"}],"about":[{"href":"https:\/\/www.mojevrijeme.hr\/magazin\/wp-json\/wp\/v2\/types\/post"}],"author":[{"embeddable":true,"href":"https:\/\/www.mojevrijeme.hr\/magazin\/wp-json\/wp\/v2\/users\/1"}],"replies":[{"embeddable":true,"href":"https:\/\/www.mojevrijeme.hr\/magazin\/wp-json\/wp\/v2\/comments?post=1737"}],"version-history":[{"count":0,"href":"https:\/\/www.mojevrijeme.hr\/magazin\/wp-json\/wp\/v2\/posts\/1737\/revisions"}],"wp:featuredmedia":[{"embeddable":true,"href":"https:\/\/www.mojevrijeme.hr\/magazin\/wp-json\/wp\/v2\/media\/1738"}],"wp:attachment":[{"href":"https:\/\/www.mojevrijeme.hr\/magazin\/wp-json\/wp\/v2\/media?parent=1737"}],"wp:term":[{"taxonomy":"category","embeddable":true,"href":"https:\/\/www.mojevrijeme.hr\/magazin\/wp-json\/wp\/v2\/categories?post=1737"},{"taxonomy":"post_tag","embeddable":true,"href":"https:\/\/www.mojevrijeme.hr\/magazin\/wp-json\/wp\/v2\/tags?post=1737"}],"curies":[{"name":"wp","href":"https:\/\/api.w.org\/{rel}","templated":true}]}}