{"id":17529,"date":"2018-09-03T17:14:39","date_gmt":"2018-09-03T15:14:39","guid":{"rendered":"https:\/\/www.mojevrijeme.hr\/magazin\/?p=17529"},"modified":"2018-09-18T11:32:43","modified_gmt":"2018-09-18T09:32:43","slug":"gordana-deranja-imamo-velik-broj-poslova-za-umirovljenike","status":"publish","type":"post","link":"https:\/\/www.mojevrijeme.hr\/magazin\/2018\/09\/gordana-deranja-imamo-velik-broj-poslova-za-umirovljenike\/","title":{"rendered":"Gordana Deranja: Imamo velik broj poslova za umirovljenike"},"content":{"rendered":"<p>Predsjednica <strong>Hrvatske udruge poslodavaca<\/strong> (HUP) <strong>Gordana Deranja<\/strong> komentirala je za <a href=\"https:\/\/slobodnadalmacija.hr\/novosti\/hrvatska\/clanak\/id\/563777\/predsjednica-hup-a-komentira-mirovinsku-i-poreznu-reformu-te-upozorava-na-goruci-turisticki-problem-potjerali-smo-strane-nauticare\" target=\"_blank\" rel=\"noopener\">Slobodnu\u00a0Dalmaciju<\/a> nabavljenu\u00a0mirovinsku reformu. Slobodna podsje\u0107a da ni reforma mirovinskog sustava\u00a0koja je zapo\u010dela krajem 90-tih godina i po\u010detkom 2000-tih nije provedena kako je zami\u0161ljeno.<\/p>\n<p>&#8220;Hrvatska treba sveobuhvatnu mirovinsku reformu. Vrlo je ozbiljan podatak da je tek 18 posto gra\u0111ana svoju punu mirovinu zaradilo radom. U budu\u0107nosti su takvi omjeri neodr\u017eivi. Smatram da bi trebalo nagra\u0111ivati dulji ostanak u radnom odnosu \u0161to bi polu\u010dilo puno bolje efekte od penalizacije prijevremenog odlaska u mirovinu. Tako\u0111er, danas u Hrvatskoj imamo veliki broj poslova koje bismo mogli ponuditi na\u0161im umirovljenicima koje bismo vratili na tr\u017ei\u0161te rada i sigurna sam da s njihove strane postoji interes &#8211; samo kada bi zakon takvo ne\u0161to kvalitetno omogu\u0107io&#8221;, komentira Deranja.<\/p>\n<div id=\"mojev-2048821295\" class=\"mojev-kraj-teksta mojev-entity-placement\" style=\"margin-bottom: 20px;margin-left: auto;margin-right: auto;text-align: center;\"><div class=\"mojev-adlabel\">oglas<\/div><div style=\"height: 250px;\"><script async src=\"https:\/\/pagead2.googlesyndication.com\/pagead\/js\/adsbygoogle.js?client=ca-pub-8106111766207173\"\r\n     crossorigin=\"anonymous\"><\/script>\r\n<!-- Display-1 -->\r\n<ins class=\"adsbygoogle\"\r\n     style=\"display:block\"\r\n     data-ad-client=\"ca-pub-8106111766207173\"\r\n     data-ad-slot=\"1465712950\"\r\n     data-ad-format=\"auto\"\r\n     data-full-width-responsive=\"true\"><\/ins>\r\n<script>\r\n     (adsbygoogle = window.adsbygoogle || []).push({});\r\n<\/script><\/div><\/div>","protected":false},"excerpt":{"rendered":"<p>Predsjednica Hrvatske udruge poslodavaca (HUP) Gordana Deranja komentirala je za Slobodnu\u00a0Dalmaciju nabavljenu\u00a0mirovinsku reformu. Slobodna podsje\u0107a da ni reforma mirovinskog sustava\u00a0koja je zapo\u010dela krajem 90-tih godina i po\u010detkom 2000-tih nije provedena kako je zami\u0161ljeno.\u00a0<\/p>\n","protected":false},"author":1,"featured_media":17530,"comment_status":"closed","ping_status":"closed","sticky":false,"template":"","format":"standard","meta":{"footnotes":""},"categories":[9],"tags":[1363,18,1116,1342],"class_list":["post-17529","post","type-post","status-publish","format-standard","has-post-thumbnail","hentry","category-vijesti","tag-gordana-deranja","tag-mirovine","tag-mirovinska-reforma","tag-rad-uz-mirovinu"],"_links":{"self":[{"href":"https:\/\/www.mojevrijeme.hr\/magazin\/wp-json\/wp\/v2\/posts\/17529","targetHints":{"allow":["GET"]}}],"collection":[{"href":"https:\/\/www.mojevrijeme.hr\/magazin\/wp-json\/wp\/v2\/posts"}],"about":[{"href":"https:\/\/www.mojevrijeme.hr\/magazin\/wp-json\/wp\/v2\/types\/post"}],"author":[{"embeddable":true,"href":"https:\/\/www.mojevrijeme.hr\/magazin\/wp-json\/wp\/v2\/users\/1"}],"replies":[{"embeddable":true,"href":"https:\/\/www.mojevrijeme.hr\/magazin\/wp-json\/wp\/v2\/comments?post=17529"}],"version-history":[{"count":0,"href":"https:\/\/www.mojevrijeme.hr\/magazin\/wp-json\/wp\/v2\/posts\/17529\/revisions"}],"wp:featuredmedia":[{"embeddable":true,"href":"https:\/\/www.mojevrijeme.hr\/magazin\/wp-json\/wp\/v2\/media\/17530"}],"wp:attachment":[{"href":"https:\/\/www.mojevrijeme.hr\/magazin\/wp-json\/wp\/v2\/media?parent=17529"}],"wp:term":[{"taxonomy":"category","embeddable":true,"href":"https:\/\/www.mojevrijeme.hr\/magazin\/wp-json\/wp\/v2\/categories?post=17529"},{"taxonomy":"post_tag","embeddable":true,"href":"https:\/\/www.mojevrijeme.hr\/magazin\/wp-json\/wp\/v2\/tags?post=17529"}],"curies":[{"name":"wp","href":"https:\/\/api.w.org\/{rel}","templated":true}]}}