{"id":17878,"date":"2018-09-23T11:42:55","date_gmt":"2018-09-23T09:42:55","guid":{"rendered":"https:\/\/www.mojevrijeme.hr\/magazin\/?p=17878"},"modified":"2018-09-23T11:42:55","modified_gmt":"2018-09-23T09:42:55","slug":"mladi-izbjegavaju-facebook-jer-je-to-za-stare-ali-i-mi-se-moramo-negdje-druziti","status":"publish","type":"post","link":"https:\/\/www.mojevrijeme.hr\/magazin\/2018\/09\/mladi-izbjegavaju-facebook-jer-je-to-za-stare-ali-i-mi-se-moramo-negdje-druziti\/","title":{"rendered":"Mladi izbjegavaju Facebook &#8216;jer je to za stare&#8217;? Ali i mi se moramo negdje dru\u017eiti!"},"content":{"rendered":"<p>&#8220;Jo\u0161 jedan dan i jo\u0161 jedan izvje\u0161taj o tome kako je mladima Facebook sve manje i manje privla\u010dan&#8221;, pi\u0161e kolumnistica Observera Barbara Ellen.\u00a0Pritom misli na istra\u017eivanje <a href=\"https:\/\/reutersinstitute.politics.ox.ac.uk\/risj-review\/changing-face-social-media-and-rise-messaging-apps-news\" target=\"_blank\" rel=\"noopener\">Reutersova instituta<\/a>\u00a0 za prou\u010davanje novinarstva na Sveu\u010dili\u0161tu Oxford, koje ka\u017ee da je mladima Facebook sve odbojniji zbog vrlo ra\u0161irenih la\u017enih vijesti (<em>fake news<\/em>), varljivih algoritama i napada na demokraciju radi \u010dega preferiraju, primjerice WhatsApp (\u010diji je vlasnik, paradoksalno, tako\u0111er Facebook).<\/p>\n<p>Sve su to valjani razlozi, pi\u0161e dalje Ellen. Pa i mnoge starije osobe odbijaju upravo navedene stvari. No postoji jo\u0161 jedan va\u017ean razlog za\u0161to je Facebook mladima sve manje privla\u010dan. Mnogi od njih ne vole Facebook zbog \u2013 starijih ljudi. Kad se mlade pita da u nekoliko rije\u010di opi\u0161u tu dru\u0161tvenu mre\u017eu, obi\u010dno koriste izraze poput &#8220;ne-cool ujak&#8221;, &#8220;kriza srednjih godina&#8221;, &#8220;egocentrizam&#8221; i &#8220;sociopat&#8221;. Ne misle pritom na neke stare bakica i djedice koji nekontrolirano klikaju mi\u0161em grickaju\u0107i pritom mentol bombone. Vjerojatno misle na osobe poput mene i vas.<\/p>\n<p>Doista, i sama prisutnost starijih osoba mo\u017ee Facebook mladima u\u010diniti neprivla\u010dnim. No mladi bi mogli biti malo tolerantniji i shvatiti da i nama treba mjesto gdje mo\u017eemo objavljivati fotografije iz mladih dana kad nas uhvati nostalgija. Da, to je dosta pora\u017eavaju\u0107e, ali istinito. Ba\u0161 kao i objave vezane uz Trumpa, Brexit, prastare fore, sredovje\u010dno gubljenje vremena i uobi\u010dajeno zanovijetanje o tome kako je <a href=\"https:\/\/www.mojevrijeme.hr\/magazin\/2017\/07\/je-li-jugoslavija-bila-bolja-ili-pamtimo-samo-sretne-dane\/\" target=\"_blank\" rel=\"noopener\">&#8220;nekad bilo bolje&#8221;<\/a>.<\/p><div id=\"mojev-4162797428\" class=\"mojev-u-tekstu mojev-entity-placement\" style=\"margin-left: auto;margin-right: auto;text-align: center;\"><div class=\"mojev-adlabel\">oglas<\/div><div style=\"height: 250px;\"><script async src=\"https:\/\/pagead2.googlesyndication.com\/pagead\/js\/adsbygoogle.js?client=ca-pub-8106111766207173\"\r\n     crossorigin=\"anonymous\"><\/script>\r\n<!-- Prikazni 1 u tekstu -->\r\n<ins class=\"adsbygoogle\"\r\n     style=\"display:block\"\r\n     data-ad-client=\"ca-pub-8106111766207173\"\r\n     data-ad-slot=\"8535551207\"\r\n     data-ad-format=\"auto\"\r\n     data-full-width-responsive=\"true\"><\/ins>\r\n<script>\r\n     (adsbygoogle = window.adsbygoogle || []).push({});\r\n<\/script><\/div><\/div><br style=\"clear: both; display: block; float: none;\"\/>\n<p>Dio mene razumije \u0161to smeta mlade. No drugi dio se pita za\u0161to je ovaj tip dobizma (engl.\u00a0<em>ageism<\/em>\u00a0\u2013 diskriminacija na osnovu dobi, op.u.) vezan uz dru\u0161tvene mre\u017ee prihvatljiv? \u0160tovi\u0161e, nije li \u017eelja da se netko priklju\u010di Facebooku upravo suprotna od zna\u010denja rije\u010di sociopat?<\/p>\n<p>Tu je jo\u0161 jedno pitanje: kako mladi znaju da ih stariji nerviraju? Ne znam ni\u0161ta o &#8220;lajkovima&#8221; na Twitteru, Instagramu, ili WhatsAppu, no jedna od zna\u010dajki Facebooka je da ne stupa\u0161 u interakciju s drugima ukoliko to ne \u017eeli\u0161.\u00a0Zna\u010di, \u010dak i kad bih to \u017eeljela, vrlo te\u0161ko bi mi po\u0161lo za rukom &#8220;upropastiti&#8221; Facebook mla\u0111im osobama. U osnovi, ja ne poznajem nikakve mlade ljude na Facebooku, a prili\u010dno sam sigurna i da oni ne poznaju i ne vide ni mene. Pa odakle onda dolazi ta averzija?<\/p>\n<p>Ako doista postoje neki ozbiljni problemi koji tjeraju mlade s Facebooka, to je razumljivo. Ako se radi o obi\u010dnom zamoru tom dru\u0161tvenom mre\u017eom s obzirom na njezinu &#8220;godinu proizvodnje&#8221;, i to je u redu. Me\u0111utim, kad sljede\u0107i put netko pita neku mla\u0111u osobu za\u0161to ne voli Facebook, mo\u017eda bi se taj mladac trebao suzdr\u017eati od bla\u0107enja starijih \u2013 koje na Facebooku ionako ne vidi. Kad ve\u0107 pote\u017eemo temu &#8220;cool&#8221; i &#8220;ne-cool&#8221; pona\u0161anja.\u201c<\/p>\n<div id=\"mojev-1948334566\" class=\"mojev-kraj-teksta mojev-entity-placement\" style=\"margin-bottom: 20px;margin-left: auto;margin-right: auto;text-align: center;\"><div class=\"mojev-adlabel\">oglas<\/div><div style=\"height: 250px;\"><script async src=\"https:\/\/pagead2.googlesyndication.com\/pagead\/js\/adsbygoogle.js?client=ca-pub-8106111766207173\"\r\n     crossorigin=\"anonymous\"><\/script>\r\n<!-- Display-1 -->\r\n<ins class=\"adsbygoogle\"\r\n     style=\"display:block\"\r\n     data-ad-client=\"ca-pub-8106111766207173\"\r\n     data-ad-slot=\"1465712950\"\r\n     data-ad-format=\"auto\"\r\n     data-full-width-responsive=\"true\"><\/ins>\r\n<script>\r\n     (adsbygoogle = window.adsbygoogle || []).push({});\r\n<\/script><\/div><\/div>","protected":false},"excerpt":{"rendered":"<p>Koristite li neku dru\u0161tvenu mre\u017eu? U dana\u0161nje vrijeme sve je manje onih koji \u0107e na ovo pitanje odgovoriti nije\u010dno. No o kojoj se mre\u017ei radi govori puno o va\u0161oj dobi. Mladi tako izbjegavaju Facebook jer ka\u017eu da je to za stare. No ako ti mladi nisu frendovi sa starijima na Fejsu, kako uop\u0107e znaju da su ondje? <\/p>\n","protected":false},"author":4,"featured_media":4937,"comment_status":"closed","ping_status":"closed","sticky":false,"template":"","format":"standard","meta":{"footnotes":""},"categories":[2],"tags":[1185,453,126],"class_list":["post-17878","post","type-post","status-publish","format-standard","has-post-thumbnail","hentry","category-mozaik","tag-ageizam","tag-drustvene-mreze","tag-tehnologija"],"_links":{"self":[{"href":"https:\/\/www.mojevrijeme.hr\/magazin\/wp-json\/wp\/v2\/posts\/17878","targetHints":{"allow":["GET"]}}],"collection":[{"href":"https:\/\/www.mojevrijeme.hr\/magazin\/wp-json\/wp\/v2\/posts"}],"about":[{"href":"https:\/\/www.mojevrijeme.hr\/magazin\/wp-json\/wp\/v2\/types\/post"}],"author":[{"embeddable":true,"href":"https:\/\/www.mojevrijeme.hr\/magazin\/wp-json\/wp\/v2\/users\/4"}],"replies":[{"embeddable":true,"href":"https:\/\/www.mojevrijeme.hr\/magazin\/wp-json\/wp\/v2\/comments?post=17878"}],"version-history":[{"count":0,"href":"https:\/\/www.mojevrijeme.hr\/magazin\/wp-json\/wp\/v2\/posts\/17878\/revisions"}],"wp:featuredmedia":[{"embeddable":true,"href":"https:\/\/www.mojevrijeme.hr\/magazin\/wp-json\/wp\/v2\/media\/4937"}],"wp:attachment":[{"href":"https:\/\/www.mojevrijeme.hr\/magazin\/wp-json\/wp\/v2\/media?parent=17878"}],"wp:term":[{"taxonomy":"category","embeddable":true,"href":"https:\/\/www.mojevrijeme.hr\/magazin\/wp-json\/wp\/v2\/categories?post=17878"},{"taxonomy":"post_tag","embeddable":true,"href":"https:\/\/www.mojevrijeme.hr\/magazin\/wp-json\/wp\/v2\/tags?post=17878"}],"curies":[{"name":"wp","href":"https:\/\/api.w.org\/{rel}","templated":true}]}}