{"id":17926,"date":"2018-09-26T16:34:51","date_gmt":"2018-09-26T14:34:51","guid":{"rendered":"https:\/\/www.mojevrijeme.hr\/magazin\/?p=17926"},"modified":"2018-09-26T16:36:09","modified_gmt":"2018-09-26T14:36:09","slug":"crvene-trokolice-malta-uvodi-besplatan-prijevoz-za-starije","status":"publish","type":"post","link":"https:\/\/www.mojevrijeme.hr\/magazin\/2018\/09\/crvene-trokolice-malta-uvodi-besplatan-prijevoz-za-starije\/","title":{"rendered":"Crvene trokolice: Malta uvodi besplatan prijevoz za starije"},"content":{"rendered":"<p>Obi\u010dni odlazak do trgovine po namirnice, do apoteke po lijekove, do crkve ili na po\u0161tu, mnogim starijim osobama predstavlja velik problem. Za to postoji mnogo razloga: mnogi se stariji te\u017ee kre\u0107u, mnogi ne voze, ne snalaze se u javnom gradskom prijevozu, nemaju nikoga svoga tko bi im pomogao, a pogotovo nemaju novca za taksi. Rje\u0161enje za ovaj problem moglo bi biti u pilot projektu kojeg je predstavila Malta. Naime, u nekim op\u0107inama te sredozemne dr\u017eave pokrenut je program besplatnog prijevoza osoba starije dobi koje imaju neke obaveze izvan ku\u0107e, pi\u0161e portal <a href=\"https:\/\/www.timesofmalta.com\/articles\/view\/20180924\/community\/the-elderly-to-be-chauffeured-for-their-errands-in-pilot-project.689953\">Times of Malta<\/a>.<\/p>\n<p>Prvi koji \u0107e mo\u0107i isprobati novu uslugu, nazvanu <strong>Silver T<\/strong>, su mje\u0161tani gradova \u017burrieq, G\u017cira i Mosta, rekao je \u010dlan malte\u0161kog parlamenta i povjerenik za pitanja starijih osoba, <strong>Anthony Agius\u00a0Decelis<\/strong>. Uslugu \u0107e obavljati dom za starije i nemo\u0107ne St Vincent de Paul, a korisnici koji se njome mogu slu\u017eiti svi su oni koji posjeduju tzv. &#8220;iskaznicu za starije&#8221; ili &#8220;Karta Anzjana&#8221;. Prije nego projekt krene u svoju provedbu, sve starije osobe u navedenim mjestima primit \u0107e obavijest o novoj usluzi te detalje o tome kako mogu naru\u010diti prijevoz. Besplatan prijevoz obavljat \u0107e se u posebnim crvenim trokolicama, a mo\u0107i \u0107e se koristiti za odlazak do lije\u010dnika, u banku, gradsko vije\u0107e, trgovinu ili crkvu.<\/p>\n<div id=\"fb-root\"><\/div>\n<p><script async=\"1\" defer=\"1\" crossorigin=\"anonymous\" src=\"https:\/\/connect.facebook.net\/de_DE\/sdk.js#xfbml=1&amp;version=v3.2\"><\/script><\/p>\n<div class=\"fb-post\" data-href=\"https:\/\/www.facebook.com\/AnthonyAgiusDecelis\/photos\/pcb.1861723057252051\/1861722993918724\/?type=3&amp;theater\" data-width=\"740\">\n<blockquote cite=\"https:\/\/www.facebook.com\/AnthonyAgiusDecelis\/photos\/a.522695224488181\/1861722993918724\/?type=3\" class=\"fb-xfbml-parse-ignore\"><p>Gepostet von <a href=\"https:\/\/www.facebook.com\/AnthonyAgiusDecelis\/\">Anthony Agius Decelis<\/a> am&nbsp;<a href=\"https:\/\/www.facebook.com\/AnthonyAgiusDecelis\/photos\/a.522695224488181\/1861722993918724\/?type=3\">Montag, 24. September 2018<\/a><\/p><\/blockquote>\n<\/div>\n<div id=\"mojev-2883677556\" class=\"mojev-kraj-teksta mojev-entity-placement\" style=\"margin-bottom: 20px;margin-left: auto;margin-right: auto;text-align: center;\"><div class=\"mojev-adlabel\">oglas<\/div><div style=\"height: 250px;\"><script async src=\"https:\/\/pagead2.googlesyndication.com\/pagead\/js\/adsbygoogle.js?client=ca-pub-8106111766207173\"\r\n     crossorigin=\"anonymous\"><\/script>\r\n<!-- Display-1 -->\r\n<ins class=\"adsbygoogle\"\r\n     style=\"display:block\"\r\n     data-ad-client=\"ca-pub-8106111766207173\"\r\n     data-ad-slot=\"1465712950\"\r\n     data-ad-format=\"auto\"\r\n     data-full-width-responsive=\"true\"><\/ins>\r\n<script>\r\n     (adsbygoogle = window.adsbygoogle || []).push({});\r\n<\/script><\/div><\/div>","protected":false},"excerpt":{"rendered":"<p>Na Malti su do\u0161li na zanimljivu ideju kako pomo\u0107i starijim osobama koje moraju ne\u0161to obaviti u gradu. Naime, pokrenuli su projekt besplatnog prijevoza za starije koji moraju skoknuti do trgovine, lije\u010dnika, na po\u0161tu ili u crkvu. Prijevoz je besplatan svima koji posjeduju iskaznicu za starije. <\/p>\n","protected":false},"author":4,"featured_media":17932,"comment_status":"closed","ping_status":"closed","sticky":false,"template":"","format":"standard","meta":{"footnotes":""},"categories":[2],"tags":[878,362,1372,132],"class_list":["post-17926","post","type-post","status-publish","format-standard","has-post-thumbnail","hentry","category-mozaik","tag-javni-prijevoz","tag-prijevoz","tag-socijalne-usluge","tag-starost"],"_links":{"self":[{"href":"https:\/\/www.mojevrijeme.hr\/magazin\/wp-json\/wp\/v2\/posts\/17926","targetHints":{"allow":["GET"]}}],"collection":[{"href":"https:\/\/www.mojevrijeme.hr\/magazin\/wp-json\/wp\/v2\/posts"}],"about":[{"href":"https:\/\/www.mojevrijeme.hr\/magazin\/wp-json\/wp\/v2\/types\/post"}],"author":[{"embeddable":true,"href":"https:\/\/www.mojevrijeme.hr\/magazin\/wp-json\/wp\/v2\/users\/4"}],"replies":[{"embeddable":true,"href":"https:\/\/www.mojevrijeme.hr\/magazin\/wp-json\/wp\/v2\/comments?post=17926"}],"version-history":[{"count":0,"href":"https:\/\/www.mojevrijeme.hr\/magazin\/wp-json\/wp\/v2\/posts\/17926\/revisions"}],"wp:featuredmedia":[{"embeddable":true,"href":"https:\/\/www.mojevrijeme.hr\/magazin\/wp-json\/wp\/v2\/media\/17932"}],"wp:attachment":[{"href":"https:\/\/www.mojevrijeme.hr\/magazin\/wp-json\/wp\/v2\/media?parent=17926"}],"wp:term":[{"taxonomy":"category","embeddable":true,"href":"https:\/\/www.mojevrijeme.hr\/magazin\/wp-json\/wp\/v2\/categories?post=17926"},{"taxonomy":"post_tag","embeddable":true,"href":"https:\/\/www.mojevrijeme.hr\/magazin\/wp-json\/wp\/v2\/tags?post=17926"}],"curies":[{"name":"wp","href":"https:\/\/api.w.org\/{rel}","templated":true}]}}