{"id":18092,"date":"2018-10-02T12:38:27","date_gmt":"2018-10-02T10:38:27","guid":{"rendered":"https:\/\/www.mojevrijeme.hr\/magazin\/?p=18092"},"modified":"2018-10-02T12:40:12","modified_gmt":"2018-10-02T10:40:12","slug":"nemam-braniteljsku-mirovinu-dobili-su-je-oni-koji-su-potplatili-lijecnike","status":"publish","type":"post","link":"https:\/\/www.mojevrijeme.hr\/magazin\/2018\/10\/nemam-braniteljsku-mirovinu-dobili-su-je-oni-koji-su-potplatili-lijecnike\/","title":{"rendered":"&#8216;Nemam braniteljsku mirovinu, nisam imao za potplatiti lije\u010dnike&#8217;"},"content":{"rendered":"<p><strong>Zoran Kolari\u0107 (43)<\/strong> iz Srijema hrvatski je branitelj koji je pet i pol godina proveo u Pumama vara\u017edinske 7. gardijske brigade. Za <a href=\"https:\/\/podravski.hr\/ogorceni-branitelj-drzava-daje-mirovinu-ljudima-koji-nisu-vidjeli-puske-ja-sam-na-ratistu-prozivio-svasta-a-danas-nemam-od-cega-zivjeti\/\" target=\"_blank\" rel=\"noopener\">Podravski.hr<\/a> ispri\u010dao je ono o \u010demu se pri\u010da ispod glasa, a to su protuzakonski dodijeljene braniteljske mirovine.<\/p>\n<p>Kolari\u0107 je invalid i da bi pre\u017eivio prodaje grah u par kilometara udaljenoj Lepavini do koje ide pje\u0161ice .\u00a0Kao branitelj prima <strong>opskrbninu od 1.300 kuna<\/strong> i to su mu sva primanja. &#8220;Mirovinu nemam, nisu mi je dali. Imaju je oni koji su se ulizivali i platili doktore, a ja nisam imao novca i evo&#8221;, ispri\u010dao je. Dodaje da je uniformu skinuo\u00a0 2000. godine i od tada je povremeno radio kod privatnika na \u0161umarskim poslovima. Ka\u017ee kako \u0107e za dvije godine, kad navr\u0161i 45 godina, ste\u0107i pravo na invalidsku mirovinu.<\/p>\n<p>&#8220;Imao sam tu \u2018nesre\u0107u\u2019 da u ratu nisam bio ranjen. Ali dvije noge su mi zdrobljene. Desnu mi je zdrobio auto, a lijevu drvo u \u0161umi. Nema pravde. Mislim da zaslu\u017eujem mirovinu. Pitao sam, ali ni\u0161ta od toga. Zato ima la\u017enih branitelja, vi\u0161e od pet hiljada&#8221;, tvrdi ovaj ogor\u010deni veteran Domovinskog rata.<\/p><div id=\"mojev-1929907899\" class=\"mojev-u-tekstu mojev-entity-placement\" style=\"margin-left: auto;margin-right: auto;text-align: center;\"><div class=\"mojev-adlabel\">oglas<\/div><div style=\"height: 250px;\"><script async src=\"https:\/\/pagead2.googlesyndication.com\/pagead\/js\/adsbygoogle.js?client=ca-pub-8106111766207173\"\r\n     crossorigin=\"anonymous\"><\/script>\r\n<!-- Prikazni 1 u tekstu -->\r\n<ins class=\"adsbygoogle\"\r\n     style=\"display:block\"\r\n     data-ad-client=\"ca-pub-8106111766207173\"\r\n     data-ad-slot=\"8535551207\"\r\n     data-ad-format=\"auto\"\r\n     data-full-width-responsive=\"true\"><\/ins>\r\n<script>\r\n     (adsbygoogle = window.adsbygoogle || []).push({});\r\n<\/script><\/div><\/div><br style=\"clear: both; display: block; float: none;\"\/>\n<p>Smatra da sustav brige o braniteljima nije dobar jer, s jedne strane, dr\u017eava pla\u0107a potpore i mirovine ljudima koji nisu vidjeli pu\u0161ku, a s druge strane vojnici koji su uniformu nosili godinama, poput njega, dobivaju toliko malo novca da se s njim ne mo\u017ee normalno \u017eivjeti, pi\u0161e <a href=\"https:\/\/podravski.hr\/ogorceni-branitelj-drzava-daje-mirovinu-ljudima-koji-nisu-vidjeli-puske-ja-sam-na-ratistu-prozivio-svasta-a-danas-nemam-od-cega-zivjeti\/\" target=\"_blank\" rel=\"noopener\">Podravski.hr<\/a>.<\/p>\n<div id=\"mojev-3245411368\" class=\"mojev-kraj-teksta mojev-entity-placement\" style=\"margin-bottom: 20px;margin-left: auto;margin-right: auto;text-align: center;\"><div class=\"mojev-adlabel\">oglas<\/div><div style=\"height: 250px;\"><script async src=\"https:\/\/pagead2.googlesyndication.com\/pagead\/js\/adsbygoogle.js?client=ca-pub-8106111766207173\"\r\n     crossorigin=\"anonymous\"><\/script>\r\n<!-- Display-1 -->\r\n<ins class=\"adsbygoogle\"\r\n     style=\"display:block\"\r\n     data-ad-client=\"ca-pub-8106111766207173\"\r\n     data-ad-slot=\"1465712950\"\r\n     data-ad-format=\"auto\"\r\n     data-full-width-responsive=\"true\"><\/ins>\r\n<script>\r\n     (adsbygoogle = window.adsbygoogle || []).push({});\r\n<\/script><\/div><\/div>","protected":false},"excerpt":{"rendered":"<p>Imao sam tu \u2018nesre\u0107u\u2019 da u ratu nisam bio ranjen. Ali dvije noge su mi zdrobljene. Desnu mi je zdrobio auto, a lijevu drvo u \u0161umi. Nema pravde. Mislim da zaslu\u017eujem mirovinu. Pitao sam, ali ni\u0161ta od toga. Zato ima la\u017enih branitelja, vi\u0161e od pet hiljada. <\/p>\n","protected":false},"author":1,"featured_media":15741,"comment_status":"closed","ping_status":"closed","sticky":false,"template":"","format":"standard","meta":{"footnotes":""},"categories":[9],"tags":[627,289,934],"class_list":["post-18092","post","type-post","status-publish","format-standard","has-post-thumbnail","hentry","category-vijesti","tag-branitelji","tag-kriminal","tag-povlastene-mirovine"],"_links":{"self":[{"href":"https:\/\/www.mojevrijeme.hr\/magazin\/wp-json\/wp\/v2\/posts\/18092","targetHints":{"allow":["GET"]}}],"collection":[{"href":"https:\/\/www.mojevrijeme.hr\/magazin\/wp-json\/wp\/v2\/posts"}],"about":[{"href":"https:\/\/www.mojevrijeme.hr\/magazin\/wp-json\/wp\/v2\/types\/post"}],"author":[{"embeddable":true,"href":"https:\/\/www.mojevrijeme.hr\/magazin\/wp-json\/wp\/v2\/users\/1"}],"replies":[{"embeddable":true,"href":"https:\/\/www.mojevrijeme.hr\/magazin\/wp-json\/wp\/v2\/comments?post=18092"}],"version-history":[{"count":0,"href":"https:\/\/www.mojevrijeme.hr\/magazin\/wp-json\/wp\/v2\/posts\/18092\/revisions"}],"wp:featuredmedia":[{"embeddable":true,"href":"https:\/\/www.mojevrijeme.hr\/magazin\/wp-json\/wp\/v2\/media\/15741"}],"wp:attachment":[{"href":"https:\/\/www.mojevrijeme.hr\/magazin\/wp-json\/wp\/v2\/media?parent=18092"}],"wp:term":[{"taxonomy":"category","embeddable":true,"href":"https:\/\/www.mojevrijeme.hr\/magazin\/wp-json\/wp\/v2\/categories?post=18092"},{"taxonomy":"post_tag","embeddable":true,"href":"https:\/\/www.mojevrijeme.hr\/magazin\/wp-json\/wp\/v2\/tags?post=18092"}],"curies":[{"name":"wp","href":"https:\/\/api.w.org\/{rel}","templated":true}]}}