{"id":18222,"date":"2018-10-07T09:21:02","date_gmt":"2018-10-07T07:21:02","guid":{"rendered":"https:\/\/www.mojevrijeme.hr\/magazin\/?p=18222"},"modified":"2019-04-17T17:58:54","modified_gmt":"2019-04-17T15:58:54","slug":"je-li-franjo-dobar-ili-los-papa","status":"publish","type":"post","link":"https:\/\/www.mojevrijeme.hr\/magazin\/2018\/10\/je-li-franjo-dobar-ili-los-papa\/","title":{"rendered":"Je li Franjo dobar ili lo\u0161 papa?"},"content":{"rendered":"<p><strong>Jorge Mario Bergoglio<\/strong> prvi je papa iz Latinske Amerike, prvi s ju\u017ene polutke, prvi papa isusovac i prvi papa koji je uzeo novo papinsko ime nakon to\u010dno 1100 godina. Katoli\u010dkom crkvom upravlja od 2013. godine. Iako, za razliku od prethodnika, gradi imid\u017e \u201eskromnog pape iz naroda koji se ne boji vjernika i osuvremenjivana institucije\u201c, odr\u017eava tradicionalni pogled u vezi poba\u010daja, eutanazije, kontracepcije, homoseksualnosti, re\u0111enja \u017eena, i sve\u0107eni\u010dkog celibata.<\/p>\n<p>Franjo je omiljen u narodu, no kritiziraju ga i ljevi\u010dari i desni\u010dari. Za prve je njegova skromnost tek ambala\u017ea u kojoj ne postoji deklarirani sadr\u017eaj. Za druge je njegova spremnost za dijalog s marginaliziranim dijelom vjernika dokaz da je politi\u010dki lijevo pa ga zovu i \u201ecrvenim papom\u201c. Debatu pod nazivom \u201eJe li Franjo zaista dobar papa\u201c pokrenuo je debatni portal Kialo. Prenosimo najbolje ocijenjene argumente onih koji misle da je, ali i onih koji misle da nije.<\/p>\n<div id=\"zeleno\">Franjo povezuje katoli\u010dku doktrinu s aktualnim globalnim problemima i tako dokazuje da je Crkva relevantna za cijeli svijet.<\/div>\n<div id=\"zeleno\">Franjo Crkvu vra\u0107a k temeljnim kr\u0161\u0107anskim vrijednostima.<\/div>\n<div id=\"zeleno\">Papa je zna\u010dajno otvorio Crkvu vjernicima. Sada je to puno vi\u0161e Crkva dobrodo\u0161lice.<\/div>\n<div id=\"zeleno\">On je prvi papa koji je ispravno adresirao rastu\u0107u krizu seksualnog zlostavljanja unutar Crkve.<\/div>\n<div id=\"zeleno\">Raspr\u0161io je centre mo\u0107i unutar Crkve.<\/div>\n<p>&nbsp;<\/p>\n<div id=\"crveno\">Dobar papa je onaj koji ujedinjuje kr\u0161\u0107ane pod svojim vodstvom. Ali papini liberalni stavovi o pitanjima religije podijelili su Crkvu.<\/div>\n<div id=\"crveno\">Prema u\u010denjima, Crkva postoji u kontinuitetu sa svojim tradicijama i pro\u0161lo\u0161\u0107u. Reformacija doktrina koje papa predla\u017ee su kr\u0161enje tih principa, a on postaje opasnost za Katoli\u010dku crkvu.<\/div>\n<div id=\"crveno\">Crkva je povijesno i strukturno ekstremno opasna institucija. Svatko tko je pristane voditi, bez fundamentalnih reformi, mo\u017ee biti samo lo\u0161 papa.<\/div>\n<div id=\"crveno\">Sve promijene koje je papa u\u010dinio u Crkvi kao instituciji jesu kozmeti\u010dke i povr\u0161ne naravi.<\/div>\n<div id=\"crveno\">Crkva treba papu koji \u0107e je povesti u 21. stolje\u0107e, a Franjo do sada to nije uspio.<\/div>\n<div id=\"crveno\">Franjo je poznat po homofobiji. Njegov pontifikat samo dokazuje da Crkva ne prepoznaje pripadnike seksualnih i rodnih manjina kao jednako vrijedne.<\/div>\n<p>Kako biste vi odgovorili na naslovno pitanje?<\/p><div id=\"mojev-55969294\" class=\"mojev-u-tekstu mojev-entity-placement\" style=\"margin-left: auto;margin-right: auto;text-align: center;\"><div class=\"mojev-adlabel\">oglas<\/div><div style=\"height: 250px;\"><script async src=\"https:\/\/pagead2.googlesyndication.com\/pagead\/js\/adsbygoogle.js?client=ca-pub-8106111766207173\"\r\n     crossorigin=\"anonymous\"><\/script>\r\n<!-- Prikazni 1 u tekstu -->\r\n<ins class=\"adsbygoogle\"\r\n     style=\"display:block\"\r\n     data-ad-client=\"ca-pub-8106111766207173\"\r\n     data-ad-slot=\"8535551207\"\r\n     data-ad-format=\"auto\"\r\n     data-full-width-responsive=\"true\"><\/ins>\r\n<script>\r\n     (adsbygoogle = window.adsbygoogle || []).push({});\r\n<\/script><\/div><\/div><br style=\"clear: both; display: block; float: none;\"\/>\n<div id=\"mojev-2736182941\" class=\"mojev-kraj-teksta mojev-entity-placement\" style=\"margin-bottom: 20px;margin-left: auto;margin-right: auto;text-align: center;\"><div class=\"mojev-adlabel\">oglas<\/div><div style=\"height: 250px;\"><script async src=\"https:\/\/pagead2.googlesyndication.com\/pagead\/js\/adsbygoogle.js?client=ca-pub-8106111766207173\"\r\n     crossorigin=\"anonymous\"><\/script>\r\n<!-- Display-1 -->\r\n<ins class=\"adsbygoogle\"\r\n     style=\"display:block\"\r\n     data-ad-client=\"ca-pub-8106111766207173\"\r\n     data-ad-slot=\"1465712950\"\r\n     data-ad-format=\"auto\"\r\n     data-full-width-responsive=\"true\"><\/ins>\r\n<script>\r\n     (adsbygoogle = window.adsbygoogle || []).push({});\r\n<\/script><\/div><\/div>","protected":false},"excerpt":{"rendered":"<p>Franjo je omiljen u narodu, no kritiziraju ga i ljevi\u010dari i desni\u010dari. Za prve je njegova skromnost tek maska. Za druge je njegova spremnost za dijalog s marginaliziranim dijelom vjernika dokaz da je politi\u010dki lijevo pa ga zovu i &#8216;crvenim papom&#8217;<\/p>\n","protected":false},"author":1,"featured_media":13197,"comment_status":"closed","ping_status":"closed","sticky":false,"template":"","format":"standard","meta":{"footnotes":""},"categories":[2],"tags":[1124,303,713],"class_list":["post-18222","post","type-post","status-publish","format-standard","has-post-thumbnail","hentry","category-mozaik","tag-papa-franjo","tag-religija","tag-vjera"],"_links":{"self":[{"href":"https:\/\/www.mojevrijeme.hr\/magazin\/wp-json\/wp\/v2\/posts\/18222","targetHints":{"allow":["GET"]}}],"collection":[{"href":"https:\/\/www.mojevrijeme.hr\/magazin\/wp-json\/wp\/v2\/posts"}],"about":[{"href":"https:\/\/www.mojevrijeme.hr\/magazin\/wp-json\/wp\/v2\/types\/post"}],"author":[{"embeddable":true,"href":"https:\/\/www.mojevrijeme.hr\/magazin\/wp-json\/wp\/v2\/users\/1"}],"replies":[{"embeddable":true,"href":"https:\/\/www.mojevrijeme.hr\/magazin\/wp-json\/wp\/v2\/comments?post=18222"}],"version-history":[{"count":0,"href":"https:\/\/www.mojevrijeme.hr\/magazin\/wp-json\/wp\/v2\/posts\/18222\/revisions"}],"wp:featuredmedia":[{"embeddable":true,"href":"https:\/\/www.mojevrijeme.hr\/magazin\/wp-json\/wp\/v2\/media\/13197"}],"wp:attachment":[{"href":"https:\/\/www.mojevrijeme.hr\/magazin\/wp-json\/wp\/v2\/media?parent=18222"}],"wp:term":[{"taxonomy":"category","embeddable":true,"href":"https:\/\/www.mojevrijeme.hr\/magazin\/wp-json\/wp\/v2\/categories?post=18222"},{"taxonomy":"post_tag","embeddable":true,"href":"https:\/\/www.mojevrijeme.hr\/magazin\/wp-json\/wp\/v2\/tags?post=18222"}],"curies":[{"name":"wp","href":"https:\/\/api.w.org\/{rel}","templated":true}]}}