{"id":18236,"date":"2018-10-07T12:09:44","date_gmt":"2018-10-07T10:09:44","guid":{"rendered":"https:\/\/www.mojevrijeme.hr\/magazin\/?p=18236"},"modified":"2019-04-17T17:57:10","modified_gmt":"2019-04-17T15:57:10","slug":"milka-planinc-premijerka-u-suknenim-carapama","status":"publish","type":"post","link":"https:\/\/www.mojevrijeme.hr\/magazin\/2018\/10\/milka-planinc-premijerka-u-suknenim-carapama\/","title":{"rendered":"Milka Planinc, premijerka u suknenim \u010darapama"},"content":{"rendered":"<p>Jugoslavenska politi\u010darka <strong>Milka Planinc<\/strong> preminula je na dana\u0161nji dan (7. listopada) 2010. godine u Zagrebu. Bila je sedma jugoslavenska premijerka \u2013 predsjednica Saveznog izvr\u0161nog vije\u0107a SFRJ.<\/p>\n<p>Ro\u0111ena je 21. studenog 1924. u \u017ditni\u0107u kod Drni\u0161a. Planinc se 1943. godine pridru\u017eila partizanima. Prije toga je kao srednjo\u0161kolka u Splitu sudjelovala u akcijama SKOJ-a, protive\u0107i se talijanskom okupatoru. Stoga ne \u010dudi da je obna\u0161ala i funkciju predsjednice <strong>Centralnog komiteta Saveza komunista Hrvatske<\/strong> (CKSKH). Na to je mjesto do\u0161la nakon sloma Hrvatskog prolje\u0107a. Optu\u017eivalo ju se da je dala uhititi brojne hrvatske politi\u010dare (prolje\u0107are) koje je tada\u0161nji re\u017eim optu\u017eio za nacionalizam i separatizam. U\u017eivala je za\u0161titu do\u017eivotnog jugoslavenskog predsjednika Josipa Broza Tita.<\/p>\n<p>Njen premijerski mandat po\u010deo je 1982. godine i trajao je do 1986. To se razdoblje pamti kao vrijeme <strong>velikih nesta\u0161ica<\/strong> kave, ulja, \u0161e\u0107era, deterd\u017eenata, goriva\u2026 Posljedica je to Programa stabilizacije kojim je uvela ograni\u010denja uvoza robe \u0161iroke potro\u0161nje. Propisala je i niz rigoroznih mjera poput vo\u017enje <strong>par-nepar<\/strong>, no zahvaljuju\u0107i njima, Jugoslavija je stabilizirala devizne rezerve i izbjegla potpuni kolaps.<\/p><div id=\"mojev-2949994832\" class=\"mojev-u-tekstu mojev-entity-placement\" style=\"margin-left: auto;margin-right: auto;text-align: center;\"><div class=\"mojev-adlabel\">oglas<\/div><div style=\"height: 250px;\"><script async src=\"https:\/\/pagead2.googlesyndication.com\/pagead\/js\/adsbygoogle.js?client=ca-pub-8106111766207173\"\r\n     crossorigin=\"anonymous\"><\/script>\r\n<!-- Prikazni 1 u tekstu -->\r\n<ins class=\"adsbygoogle\"\r\n     style=\"display:block\"\r\n     data-ad-client=\"ca-pub-8106111766207173\"\r\n     data-ad-slot=\"8535551207\"\r\n     data-ad-format=\"auto\"\r\n     data-full-width-responsive=\"true\"><\/ins>\r\n<script>\r\n     (adsbygoogle = window.adsbygoogle || []).push({});\r\n<\/script><\/div><\/div><br style=\"clear: both; display: block; float: none;\"\/>\n<h3>\u017dena, poru\u010dnica, premijerka&#8230;<\/h3>\n<p>Narodna predaja ka\u017ee kako je za vrijeme nesta\u0161ice najlonki, za primjer drugima, nosila debele suknene \u010darape i poru\u010divala \u017eenama da Jugoslavenke mogu i bez najlonki. Iz vremena Hrvatskog prolje\u0107a ostala je zapam\u0107ena parola &#8220;Ne\u0107emo Milku kuharicu, ho\u0107emo Savku doktoricu&#8221;. Kasnije je za hrvatske medije ispri\u010dala da se sa svojom prethodnicom na mjestu \u0161efice CKSKH, protjeranom\u00a0<strong>Savkom Dab\u010devi\u0107 Ku\u010dar<\/strong>, tek povr\u0161no dru\u017eila te da nikada nisu bile bliske prijateljice.<\/p>\n<p>U Zagrebu je zavr\u0161ila Vi\u0161u upravnu \u0161kolu. U JNA je imala <strong>\u010din poru\u010dnika<\/strong>. Jedina je \u017eena u povijesti koja je bila premijerka jedne socijalisti\u010dke zemlje. Ovo su neke od njenih izjava koje je dala 2007. godine za <strong>Jutarnji list<\/strong>.<\/p>\n<div id=\"attachment_14271\" style=\"width: 646px\" class=\"wp-caption aligncenter\"><img loading=\"lazy\" decoding=\"async\" aria-describedby=\"caption-attachment-14271\" class=\"size-medium wp-image-14271\" src=\"https:\/\/www.mojevrijeme.hr\/magazin\/wp-content\/uploads\/2018\/04\/tito-milka-planinc-636x352.jpg\" alt=\"Milka Planinc biografija\" width=\"636\" height=\"352\" srcset=\"https:\/\/www.mojevrijeme.hr\/magazin\/wp-content\/uploads\/2018\/04\/tito-milka-planinc-636x352.jpg 636w, https:\/\/www.mojevrijeme.hr\/magazin\/wp-content\/uploads\/2018\/04\/tito-milka-planinc-150x83.jpg 150w, https:\/\/www.mojevrijeme.hr\/magazin\/wp-content\/uploads\/2018\/04\/tito-milka-planinc.jpg 740w\" sizes=\"auto, (max-width: 636px) 100vw, 636px\" \/><p id=\"caption-attachment-14271\" class=\"wp-caption-text\">Josip Broz Tito i Milka Planinc (foto: RTVSLO)<\/p><\/div>\n<div id=\"sivo\"><\/p>\n<h3>O Hrvatskoj<\/h3>\n<p>Borila sam se za Hrvatsku. Kakva bi ta Hrvatska bila da nije bilo partizana? Hrvatska je bila zaostala zemlja. Imali smo ambiciju napraviti od Hrvatske razvijenu zemlju. \u010cesto mi je jedan prijatelj govorio da je komunizam ne\u0161to primaljivo na horizontu, ali \u0161to mu se vi\u0161e pribli\u017eava\u0161, sve je dalje.<\/div>\n<div id=\"sivo\"><\/p>\n<h3>O hrvatstvu<\/h3>\n<p>Ja sam Hrvatica i to nikada nisam skrivala. Dapa\u010de. U partizanima smo \u010desto pjevali i &#8220;Lijepu na\u0161u&#8221;, &#8220;Jo\u0161 Hrvatska ni propala dok mi \u017eivimo&#8221; i mnoge druge hrvatske pjesme i budnice. I to ne po direktivi, nego spontano, osje\u0107ajno. Pogledajte slike koje pokazuju kako smo pokapali svoje borce u St. Jakobu &#8211; pod kri\u017eem! Jesmo se borili za Hrvatsku, ali i Jugoslaviju, jer smo \u017eeljeli, kako sam rekla, bolji svijet.<\/div>\n<div id=\"sivo\"><\/p>\n<h3>O braniteljima<\/h3>\n<p>Smeta mi kada se \u017eeli napraviti razdor izme\u0111u nas, boraca NOB-a, i branitelja iz Domovinskog rata. Oba su rata bila oslobodila\u010dka i antifa\u0161isti\u010dka. I to je na\u0161a veli\u010dina.<\/div>\n<div id=\"sivo\"><\/p>\n<h3>O antifa\u0161izmu<\/h3>\n<p>Kod nas se antifa\u0161izam povezuje isklju\u010divo s komunizmom da bi ga se diskreditiralo. \u010cinjenica jest da su komunisti poveli taj oslobodila\u010dki rat. Oni su ga organizirali i vodili. No, me\u0111u partizanima je bilo mnogo onih koji nisu bili komunisti, ali su se borili protiv okupatora i za bolje sutra. Ni ja nisam znala ni\u0161ta o komunizmu, osim da se borim za to da svi ljudi budu ravnopravni i zadovoljni.<\/div>\n<div id=\"sivo\"><\/p>\n<h3>O Bleiburgu<\/h3>\n<p>Bleiburg treba istra\u017eiti i utvrditi \u0161to se doista zbilo dok jo\u0161 ima \u017eivih svjedoka. Ne znam koliko je ljudi ondje stradalo, ali ako je i jedan \u010dovjek bio ubijen bez su\u0111enja, onako kako se govori da su ljudi ondje bili likvidirani, to je za svaku osudu. \u017dao mi je \u0161to pravih, objektivnih i kompetentnih znanstvenih radova o Bleiburgu jo\u0161 nema.<\/div>\n<div id=\"sivo\"><\/p>\n<h3>O optu\u017ebama da je organizirala poratni pokolj u Ko\u010devskom rogu<\/h3>\n<p>Ta je optu\u017enica izazvana \u010distim politi\u010dkim razlozima. To je politi\u010dka spekulacija. Moje ime &#8220;zvu\u010di&#8221;, poznato je. Naime, godinama sam bila na mnogim odgovornim partijskim i dr\u017eavnim du\u017enostima u Hrvatskoj i Jugoslaviji te je vrlo privla\u010dno mene optu\u017eiti i povla\u010diti oko stvari s kojima stvarno nemam ba\u0161 nikakve veze. Osobno se zala\u017eem za to da se stvari istra\u017ee te sudski i znanstveno obrade. Na\u017ealost, sve je jasnije da su zlo\u010dini tada po\u010dinjeni i to treba izvesti na \u010distac, ali se takvim, posve neutemeljenim i izmi\u0161ljenim optu\u017ebama, ne\u0107e daleko sti\u0107i. <\/div>\n<div id=\"mojev-1343429956\" class=\"mojev-kraj-teksta mojev-entity-placement\" style=\"margin-bottom: 20px;margin-left: auto;margin-right: auto;text-align: center;\"><div class=\"mojev-adlabel\">oglas<\/div><div style=\"height: 250px;\"><script async src=\"https:\/\/pagead2.googlesyndication.com\/pagead\/js\/adsbygoogle.js?client=ca-pub-8106111766207173\"\r\n     crossorigin=\"anonymous\"><\/script>\r\n<!-- Display-1 -->\r\n<ins class=\"adsbygoogle\"\r\n     style=\"display:block\"\r\n     data-ad-client=\"ca-pub-8106111766207173\"\r\n     data-ad-slot=\"1465712950\"\r\n     data-ad-format=\"auto\"\r\n     data-full-width-responsive=\"true\"><\/ins>\r\n<script>\r\n     (adsbygoogle = window.adsbygoogle || []).push({});\r\n<\/script><\/div><\/div>","protected":false},"excerpt":{"rendered":"<p>Narodna predaja ka\u017ee kako je za vrijeme nesta\u0161ice najlonki za primjer drugima nosila suknene \u010darape i poru\u010divala \u017eenama da Jugoslavenke mogu i bez njih. Uvela je i niz rigoroznih mjera poput vo\u017enje par-nepar, no zahvaljuju\u0107i njima, Jugoslavija je stabilizirala devizne rezerve i izbjegla potpuni kolaps. <\/p>\n","protected":false},"author":1,"featured_media":18238,"comment_status":"closed","ping_status":"closed","sticky":false,"template":"","format":"standard","meta":{"footnotes":""},"categories":[2],"tags":[724,188,1394],"class_list":["post-18236","post","type-post","status-publish","format-standard","has-post-thumbnail","hentry","category-mozaik","tag-in-memoriam","tag-jugoslavija","tag-milka-planinc"],"_links":{"self":[{"href":"https:\/\/www.mojevrijeme.hr\/magazin\/wp-json\/wp\/v2\/posts\/18236","targetHints":{"allow":["GET"]}}],"collection":[{"href":"https:\/\/www.mojevrijeme.hr\/magazin\/wp-json\/wp\/v2\/posts"}],"about":[{"href":"https:\/\/www.mojevrijeme.hr\/magazin\/wp-json\/wp\/v2\/types\/post"}],"author":[{"embeddable":true,"href":"https:\/\/www.mojevrijeme.hr\/magazin\/wp-json\/wp\/v2\/users\/1"}],"replies":[{"embeddable":true,"href":"https:\/\/www.mojevrijeme.hr\/magazin\/wp-json\/wp\/v2\/comments?post=18236"}],"version-history":[{"count":0,"href":"https:\/\/www.mojevrijeme.hr\/magazin\/wp-json\/wp\/v2\/posts\/18236\/revisions"}],"wp:featuredmedia":[{"embeddable":true,"href":"https:\/\/www.mojevrijeme.hr\/magazin\/wp-json\/wp\/v2\/media\/18238"}],"wp:attachment":[{"href":"https:\/\/www.mojevrijeme.hr\/magazin\/wp-json\/wp\/v2\/media?parent=18236"}],"wp:term":[{"taxonomy":"category","embeddable":true,"href":"https:\/\/www.mojevrijeme.hr\/magazin\/wp-json\/wp\/v2\/categories?post=18236"},{"taxonomy":"post_tag","embeddable":true,"href":"https:\/\/www.mojevrijeme.hr\/magazin\/wp-json\/wp\/v2\/tags?post=18236"}],"curies":[{"name":"wp","href":"https:\/\/api.w.org\/{rel}","templated":true}]}}