{"id":1826,"date":"2014-11-12T12:46:08","date_gmt":"2014-11-12T11:46:08","guid":{"rendered":"http:\/\/www.mojevrijeme.hr\/magazin\/?p=1826"},"modified":"2014-11-13T07:08:20","modified_gmt":"2014-11-13T06:08:20","slug":"sto-muci-sedamdesetogodisnjake","status":"publish","type":"post","link":"https:\/\/www.mojevrijeme.hr\/magazin\/2014\/11\/sto-muci-sedamdesetogodisnjake\/","title":{"rendered":"\u0160to to mu\u010di 70+ generacije?"},"content":{"rendered":"<p>Ovo nije popis odgovora, ve\u0107 popis pitanja koja sebi postavljaju osobe u osmom desetlje\u0107u \u017eivota. Autori bloga <a title=\"70candels\" href=\"http:\/\/70candles.com\/\" target=\"_blank\">70candles.com<\/a> razgovarali su s osobama od sedamdeset i vi\u0161e godina i doznali o \u010demu najvi\u0161e brinu i \u0161to ih mu\u010di. Evo \u0161to su rekli:<\/p>\n<h3>1. Posao i umirovljenje<\/h3>\n<p>Sa sedamdeset godina ve\u0107ina je ve\u0107 u mirovini. No \u0161to u\u010diniti s toliko nestrukturiranog vremena? Pogotovo ako smo imali dinami\u010dnu i uspje\u0161nu karijeru. Kako ostati uposlen, ispunjen i smisleno sudjelovati u \u017eivotu?<\/p>\n<h3>2. Organizacija stanovanja<\/h3>\n<p>Trebamo li ostati \u017eivjeti gdje i do sada ili se treba preseliti? Mo\u017eda bi trebalo \u017eivjeti bli\u017ee obitelji? Trebamo li ostati na poznatom terenu, ali u manjem stanu? Ili se poku\u0161ati sna\u0107i u posve novom okru\u017eenju. I kada se, ako ikada, preseliti u Dom umirovljenika?<\/p><div id=\"mojev-1364691645\" class=\"mojev-u-tekstu mojev-entity-placement\" style=\"margin-left: auto;margin-right: auto;text-align: center;\"><div class=\"mojev-adlabel\">oglas<\/div><div style=\"height: 250px;\"><script async src=\"https:\/\/pagead2.googlesyndication.com\/pagead\/js\/adsbygoogle.js?client=ca-pub-8106111766207173\"\r\n     crossorigin=\"anonymous\"><\/script>\r\n<!-- Prikazni 1 u tekstu -->\r\n<ins class=\"adsbygoogle\"\r\n     style=\"display:block\"\r\n     data-ad-client=\"ca-pub-8106111766207173\"\r\n     data-ad-slot=\"8535551207\"\r\n     data-ad-format=\"auto\"\r\n     data-full-width-responsive=\"true\"><\/ins>\r\n<script>\r\n     (adsbygoogle = window.adsbygoogle || []).push({});\r\n<\/script><\/div><\/div><br style=\"clear: both; display: block; float: none;\"\/>\n<h3>3. Ageizam<\/h3>\n<p>Ageizam je pojam iz engleskog jezika koji ozna\u010dava nepriznavanje ili ograni\u010davanje prava starijim dobnim skupinama. Kako se prema tome postaviti? Kako se postaviti prema onima koji na starije gledaju sa strahom ili \u010dak prezirom? Kako se nositi s osje\u0107ajem da smo nevidljivi koji naro\u010dito poga\u0111a starije \u017eene?<\/p>\n<h3>4. Njega<\/h3>\n<p>Mnogi koji se brinu o starijim roditeljima, parnerima ili supru\u017enicima, pa \u010dak i unucima, osje\u0107aju veliki stres i odgovornost. Kako se s time nositi?<\/p>\n<h3>5. Dru\u0161tvene veze<\/h3>\n<p>Iznad svega, ljudi u sedamdesetima ne \u017eele biti izolirani i \u017eude za dru\u0161tvenom povezano\u0161\u0107u. Neki to posti\u017eu kroz odr\u017eavanje veza s biv\u0161im kolegama s posla, a drugi kroz razne te\u010dajeve, volonterski rad, sudjelovanje u lokalnim aktivnostima, religijskim zajednicama ili kroz putovanja. U sedamdesetim godinama prijateljstvo je silno va\u017eno, no mnogi imaju problem u odr\u017eavanju veza s drugima. Kako to rije\u0161iti?<\/p>\n<h3>6. Tjelesne promjene<\/h3>\n<p>Iako su tjelesne promjene neminovne i o\u010dituju se na razli\u010dite na\u010dine, poput gubitka pam\u0107enja, na\u0161a je namjera hrabro nastaviti dalje, bez obzira na sve. Po\u017eeljno je ostati aktivan i ne bojati se nove tehnologije koja nam mo\u017ee pomo\u0107i, poput slu\u0161nih aparata, naravno, nao\u010dala, pa \u010dak i novih zglobova i mnogo\u010dega drugog. Zapravo, ovdje se prvenstveno radi o trenutku kada po\u010deti upotrebljavati navedena pomagala.<\/p>\n<h3>7. Biti baka ili djed<\/h3>\n<p>Postoji mnogo na\u010dina da se bude baka ili djed, pogotovo ako je obitelj razasuta diljem zemlje. Neki se osje\u0107aju odvojeni i nepovezani, drugi se vesele kontaktima koji se mogu ostvariti pomo\u0107u moderne tehnologije i dru\u0161tvenih mre\u017ea te povremenih posjeta. Neki se odlu\u010duju na preseljenje kako bi bili bli\u017ee svojoj djeci i povremeno im \u010duvali podmladak. Koja je vrsta kontakta optimalna? I \u0161to s onima koji nemaju unu\u010dad?<\/p>\n<h3>8. Gubitak i kraj \u017eivota<\/h3>\n<p>Kako se nositi s gubitkom dragog prijatelja ili \u010dlana obitelji, posebno supru\u017enika? I, kona\u010dno, kako se najbolje pripremiti za kraj na\u0161eg vlastitog \u017eivota?<\/p>\n<div id=\"mojev-3148636261\" class=\"mojev-kraj-teksta mojev-entity-placement\" style=\"margin-bottom: 20px;margin-left: auto;margin-right: auto;text-align: center;\"><div class=\"mojev-adlabel\">oglas<\/div><div style=\"height: 250px;\"><script async src=\"https:\/\/pagead2.googlesyndication.com\/pagead\/js\/adsbygoogle.js?client=ca-pub-8106111766207173\"\r\n     crossorigin=\"anonymous\"><\/script>\r\n<!-- Display-1 -->\r\n<ins class=\"adsbygoogle\"\r\n     style=\"display:block\"\r\n     data-ad-client=\"ca-pub-8106111766207173\"\r\n     data-ad-slot=\"1465712950\"\r\n     data-ad-format=\"auto\"\r\n     data-full-width-responsive=\"true\"><\/ins>\r\n<script>\r\n     (adsbygoogle = window.adsbygoogle || []).push({});\r\n<\/script><\/div><\/div>","protected":false},"excerpt":{"rendered":"<p>Svaka dob nosi sa sobom posebna pitanja i brige. Evo o \u010demu najvi\u0161e razmi\u0161ljaju sedamdesetogodi\u0161njaci, koja si pitanja postavljaju, \u0161to ih mu\u010di i o \u010demu brinu. <\/p>\n","protected":false},"author":1,"featured_media":1830,"comment_status":"closed","ping_status":"open","sticky":false,"template":"","format":"standard","meta":{"footnotes":""},"categories":[2],"tags":[80],"class_list":["post-1826","post","type-post","status-publish","format-standard","has-post-thumbnail","hentry","category-mozaik","tag-starenje"],"_links":{"self":[{"href":"https:\/\/www.mojevrijeme.hr\/magazin\/wp-json\/wp\/v2\/posts\/1826","targetHints":{"allow":["GET"]}}],"collection":[{"href":"https:\/\/www.mojevrijeme.hr\/magazin\/wp-json\/wp\/v2\/posts"}],"about":[{"href":"https:\/\/www.mojevrijeme.hr\/magazin\/wp-json\/wp\/v2\/types\/post"}],"author":[{"embeddable":true,"href":"https:\/\/www.mojevrijeme.hr\/magazin\/wp-json\/wp\/v2\/users\/1"}],"replies":[{"embeddable":true,"href":"https:\/\/www.mojevrijeme.hr\/magazin\/wp-json\/wp\/v2\/comments?post=1826"}],"version-history":[{"count":0,"href":"https:\/\/www.mojevrijeme.hr\/magazin\/wp-json\/wp\/v2\/posts\/1826\/revisions"}],"wp:featuredmedia":[{"embeddable":true,"href":"https:\/\/www.mojevrijeme.hr\/magazin\/wp-json\/wp\/v2\/media\/1830"}],"wp:attachment":[{"href":"https:\/\/www.mojevrijeme.hr\/magazin\/wp-json\/wp\/v2\/media?parent=1826"}],"wp:term":[{"taxonomy":"category","embeddable":true,"href":"https:\/\/www.mojevrijeme.hr\/magazin\/wp-json\/wp\/v2\/categories?post=1826"},{"taxonomy":"post_tag","embeddable":true,"href":"https:\/\/www.mojevrijeme.hr\/magazin\/wp-json\/wp\/v2\/tags?post=1826"}],"curies":[{"name":"wp","href":"https:\/\/api.w.org\/{rel}","templated":true}]}}