{"id":18305,"date":"2018-10-10T18:44:33","date_gmt":"2018-10-10T16:44:33","guid":{"rendered":"https:\/\/www.mojevrijeme.hr\/magazin\/?p=18305"},"modified":"2018-10-10T18:47:59","modified_gmt":"2018-10-10T16:47:59","slug":"dirljiva-posveta-dina-rade-bivsoj-supruzi","status":"publish","type":"post","link":"https:\/\/www.mojevrijeme.hr\/magazin\/2018\/10\/dirljiva-posveta-dina-rade-bivsoj-supruzi\/","title":{"rendered":"Dirljiva posveta Dina Ra\u0111e biv\u0161oj supruzi"},"content":{"rendered":"<p>Mo\u017ee li se s biv\u0161im partnerom ostati prijatelj? Na\u0161 poznati ko\u0161arka\u0161 <strong>Dino Ra\u0111a<\/strong> (51) ka\u017ee da mo\u017ee. Naime, na svojem je Facebook profilu objavio posvetu svojoj biv\u0161oj supruzi <strong>\u017deljani<\/strong> koja je, ka\u017ee Ra\u0111a, bila uz njega u svim onim te\u0161kim trenucima u \u017eivotu svakog sporta\u0161a kad se puno trenira, putuje i igra.<\/p>\n<p>Ra\u0111a u svojoj objavi opisuje kako su se on i \u017deljana upoznali i kako su izgledale zajedni\u010dke godine. Iako su se rastali, ostali su prijatelji ponajprije zbog zajedni\u010dkog sina Duje. Da me\u0111u njima doista nema zle krvi, dokazuje i fotografije na kojoj su uz Dina i biv\u0161a i sada\u0161nja supruga, \u017deljana i Viktorija. &#8220;Ina\u010de, obje moje \u017eene su ro\u0111ene 7. 7. pa recite da ne znam ga\u0111at&#8221;, ka\u017ee na kraju objave Dino Ra\u0111a.<\/p>\n<p>Evo kompletne Dinine objave:<\/p><div id=\"mojev-4272501327\" class=\"mojev-u-tekstu mojev-entity-placement\" style=\"margin-left: auto;margin-right: auto;text-align: center;\"><div class=\"mojev-adlabel\">oglas<\/div><div style=\"height: 250px;\"><script async src=\"https:\/\/pagead2.googlesyndication.com\/pagead\/js\/adsbygoogle.js?client=ca-pub-8106111766207173\"\r\n     crossorigin=\"anonymous\"><\/script>\r\n<!-- Prikazni 1 u tekstu -->\r\n<ins class=\"adsbygoogle\"\r\n     style=\"display:block\"\r\n     data-ad-client=\"ca-pub-8106111766207173\"\r\n     data-ad-slot=\"8535551207\"\r\n     data-ad-format=\"auto\"\r\n     data-full-width-responsive=\"true\"><\/ins>\r\n<script>\r\n     (adsbygoogle = window.adsbygoogle || []).push({});\r\n<\/script><\/div><\/div><br style=\"clear: both; display: block; float: none;\"\/>\n<p><em>&#8220;\u017deljana.\u00a0<\/em><br \/>\n<em>Ko ne zna to mi je biv\u0161a \u017eena. U ciloj ovoj pri\u010di ima i ona svoju ulogu. Od juniorskih dana se znamo. U ono doba postojala je i \u017eenska ekipa Jugoplastike. Trenirali su u istoj dvorani a kako nismo imali vrimena izlazit vanka dosta nas smo se me\u0111usobno simpatizirali i vezivali. Tako smo ona i ja rano krenili skupa. Ja 18-19 a ona 19-20 godina. O\u017eenili smo se 90-te godine prije mog odlaska u Rim. Vatrogasni dom u Kastila. 70 ljudi, izme\u0111u ostalih piva nan je i Oliver. Ka prijatelj a ne ka bend zadu\u017een za muziku. Posli Rima je bila s menon u Bostonu sve 4 godine. Ja san u to doba bija skroz posve\u0107en ko\u0161arci. Nije se izlazilo nigdi. Trening, spavanje, hrana i tako u krug. Moralo se jest u odre\u0111eno vrime da se moze spavat sta vi\u0161e i odmarat. Uloga \u017eene u \u017eivotu sporta\u0161a se previ\u0161e gleda kroz cipele i torbe a niko ne zna koliki uteg one nose. Nije joj bilo lako ve\u0107inu vrimena bit sama, pogotovo liti jer su pripreme trajale po 4-5 miseci. \u017deljana je dala veliki doprinos mojoj karijeri koja je tada bila na vrhuncu. Na\u0161 prekid je isklju\u010divo nasa stvar. Ostalo je prijateljstvo i me\u0111usobno po\u0161tovanje, a najva\u017enije na\u0161 Duje koji je uvik bija u prvom planu i njoj i meni. I dan danas smo u dobrin odnosima. Bila je i u Americi na HOF ceremoniji. Ina\u010de obe moje \u017eene su rodjene 7.7. pa recite da neznan ga\u0111at.&#8221;<\/em><\/p>\n<p>&nbsp;<\/p>\n<div id=\"fb-root\"><\/div>\n<p><script async=\"1\" defer=\"1\" crossorigin=\"anonymous\" src=\"https:\/\/connect.facebook.net\/de_DE\/sdk.js#xfbml=1&amp;version=v3.2\"><\/script><\/p>\n<div class=\"fb-post\" data-href=\"https:\/\/www.facebook.com\/permalink.php?story_fbid=266853673966028&amp;id=179732212678175\" data-width=\"740\">\n<blockquote cite=\"https:\/\/www.facebook.com\/permalink.php?story_fbid=266853673966028&amp;id=179732212678175\" class=\"fb-xfbml-parse-ignore\">\n<p>Zeljana. Ko nezna to mi je bivsa zena. U ciloj ovoj prici ima i ona svoju ulogu. Od juniorskih dana se znamo. U ono&#8230;<\/p>\n<p>Gepostet von <a href=\"https:\/\/www.facebook.com\/Dino-Ra&#x111;a-official-179732212678175\/\">Dino Ra\u0111a official<\/a> am&nbsp;<a href=\"https:\/\/www.facebook.com\/permalink.php?story_fbid=266853673966028&amp;id=179732212678175\">Mittwoch, 10. Oktober 2018<\/a><\/p><\/blockquote>\n<\/div>\n<div id=\"mojev-334201974\" class=\"mojev-kraj-teksta mojev-entity-placement\" style=\"margin-bottom: 20px;margin-left: auto;margin-right: auto;text-align: center;\"><div class=\"mojev-adlabel\">oglas<\/div><div style=\"height: 250px;\"><script async src=\"https:\/\/pagead2.googlesyndication.com\/pagead\/js\/adsbygoogle.js?client=ca-pub-8106111766207173\"\r\n     crossorigin=\"anonymous\"><\/script>\r\n<!-- Display-1 -->\r\n<ins class=\"adsbygoogle\"\r\n     style=\"display:block\"\r\n     data-ad-client=\"ca-pub-8106111766207173\"\r\n     data-ad-slot=\"1465712950\"\r\n     data-ad-format=\"auto\"\r\n     data-full-width-responsive=\"true\"><\/ins>\r\n<script>\r\n     (adsbygoogle = window.adsbygoogle || []).push({});\r\n<\/script><\/div><\/div>","protected":false},"excerpt":{"rendered":"<p>\u017deljana je dala veliki doprinos mojoj karijeri koja je tada bila na vrhuncu. Na\u0161 prekid je isklju\u010divo nasa stvar. Ostalo je prijateljstvo i me\u0111usobno po\u0161tovanje, a najva\u017enije na\u0161 Duje koji je uvik bija u prvom planu i njoj i meni. Ovim je rije\u010dima Dino Ra\u0111a odao po\u010dast svojoj biv\u0161oj supruzi. <\/p>\n","protected":false},"author":4,"featured_media":18308,"comment_status":"closed","ping_status":"closed","sticky":false,"template":"","format":"standard","meta":{"footnotes":""},"categories":[84],"tags":[304,1396,379,562],"class_list":["post-18305","post","type-post","status-publish","format-standard","has-post-thumbnail","hentry","category-show","tag-brak","tag-dino-rada","tag-odnosi","tag-prijateljstvo"],"_links":{"self":[{"href":"https:\/\/www.mojevrijeme.hr\/magazin\/wp-json\/wp\/v2\/posts\/18305","targetHints":{"allow":["GET"]}}],"collection":[{"href":"https:\/\/www.mojevrijeme.hr\/magazin\/wp-json\/wp\/v2\/posts"}],"about":[{"href":"https:\/\/www.mojevrijeme.hr\/magazin\/wp-json\/wp\/v2\/types\/post"}],"author":[{"embeddable":true,"href":"https:\/\/www.mojevrijeme.hr\/magazin\/wp-json\/wp\/v2\/users\/4"}],"replies":[{"embeddable":true,"href":"https:\/\/www.mojevrijeme.hr\/magazin\/wp-json\/wp\/v2\/comments?post=18305"}],"version-history":[{"count":0,"href":"https:\/\/www.mojevrijeme.hr\/magazin\/wp-json\/wp\/v2\/posts\/18305\/revisions"}],"wp:featuredmedia":[{"embeddable":true,"href":"https:\/\/www.mojevrijeme.hr\/magazin\/wp-json\/wp\/v2\/media\/18308"}],"wp:attachment":[{"href":"https:\/\/www.mojevrijeme.hr\/magazin\/wp-json\/wp\/v2\/media?parent=18305"}],"wp:term":[{"taxonomy":"category","embeddable":true,"href":"https:\/\/www.mojevrijeme.hr\/magazin\/wp-json\/wp\/v2\/categories?post=18305"},{"taxonomy":"post_tag","embeddable":true,"href":"https:\/\/www.mojevrijeme.hr\/magazin\/wp-json\/wp\/v2\/tags?post=18305"}],"curies":[{"name":"wp","href":"https:\/\/api.w.org\/{rel}","templated":true}]}}