{"id":18357,"date":"2018-10-11T21:08:04","date_gmt":"2018-10-11T19:08:04","guid":{"rendered":"https:\/\/www.mojevrijeme.hr\/magazin\/?p=18357"},"modified":"2018-10-11T21:41:18","modified_gmt":"2018-10-11T19:41:18","slug":"bas-poput-predsjednice-i-tito-je-volio-pse-pratili-su-ga-svugdje","status":"publish","type":"post","link":"https:\/\/www.mojevrijeme.hr\/magazin\/2018\/10\/bas-poput-predsjednice-i-tito-je-volio-pse-pratili-su-ga-svugdje\/","title":{"rendered":"Ba\u0161 poput Kolinde, i Tito je volio pse, pratili su ga posvud"},"content":{"rendered":"<p>Hrvatski gra\u0111ani ne skrivaju odu\u0161evljenje potezom predsjednice <strong>Kolinde Grabar-Kitarovi\u0107<\/strong> koja je <a href=\"https:\/\/www.mojevrijeme.hr\/magazin\/2018\/10\/hrvatska-dobila-prvog-psa-zove-se-kika-i-zivjet-ce-na-pantovcaku\/\" target=\"_blank\" rel=\"noopener\">udomila psa iz viroviti\u010dkoga azila<\/a>. Kako je objavljeno, malena <strong>Kika<\/strong>, hrvatski &#8220;Prvi pas&#8221;,\u00a0tr\u010dati \u0107e Pantov\u010dakom zajedno s predsjedni\u010dkim paunovima, jelenima lopatarima, muflonima i srnama. No ovo ne\u0107e biti prvi puta da predsjedni\u010dku rezidenciju uveseljavaju mali lajavci.<\/p>\n<p>S &#8220;predsjedni\u010dkim psima&#8221; rado je pozirao i\u00a0<strong>Josip Broz Tito<\/strong>, a mediji su voljeli objavljivati takve snimke kako bi se pokazala meka strana \u010dovjeka kojeg jedni danas zovu diktatorom, a drugi an\u0111elom socijalne pravde. Tijekom Narodnooslobodila\u010dkog rata za pratnju je imao njema\u010dke ov\u010dare. Najpoznatiji me\u0111u njima bio je <strong>Luks<\/strong>. Legenda ka\u017ee da je svojim tijelom za\u0161titio mar\u0161ala od gelera tijekom bitke na Sutjesci, \u017ertvuju\u0107i vlastiti \u017eivot.<\/p>\n<p>Ov\u010dar<strong> Tigar<\/strong> je Tita nehotice odao Nijemcima za vrijeme desanta na Drvar. Tigar ga je i nakon rata pratio na svakom koraku, a kasnije \u0107e se svi Titovi njema\u010dki ov\u010dari zvati Tigar u znak sje\u0107anja na prvog.\u00a0Posljednjeg Tigra dobio je na dar od Richarda Burtona, \u0161to je poznati glumac opisao u svojim memoarima.<\/p><div id=\"mojev-2498881965\" class=\"mojev-u-tekstu mojev-entity-placement\" style=\"margin-left: auto;margin-right: auto;text-align: center;\"><div class=\"mojev-adlabel\">oglas<\/div><div style=\"height: 250px;\"><script async src=\"https:\/\/pagead2.googlesyndication.com\/pagead\/js\/adsbygoogle.js?client=ca-pub-8106111766207173\"\r\n     crossorigin=\"anonymous\"><\/script>\r\n<!-- Prikazni 1 u tekstu -->\r\n<ins class=\"adsbygoogle\"\r\n     style=\"display:block\"\r\n     data-ad-client=\"ca-pub-8106111766207173\"\r\n     data-ad-slot=\"8535551207\"\r\n     data-ad-format=\"auto\"\r\n     data-full-width-responsive=\"true\"><\/ins>\r\n<script>\r\n     (adsbygoogle = window.adsbygoogle || []).push({});\r\n<\/script><\/div><\/div><br style=\"clear: both; display: block; float: none;\"\/>\n<p>Nakon toga Titu su dru\u0161tvo pravili bijeli pudli koji su se generacijski smjenjivali.\u00a0Prema dostupnim informacijama, prvi par pudli Tito je dobio od gr\u010dke kraljice<strong> Frederike<\/strong>.\u00a0Neki su tvrdili da su pudli u predsjedni\u010dkoj rezidenciji, zapravo, trenirani policijski psi spremni u svakom trenutku nanju\u0161iti i najmanje koli\u010dine eksploziva. Govorilo se da su \u010dak uvezeni iz Rusije, \u0161to se pokazalo neto\u010dnim.<\/p>\n<p>Koliko je Broz bio vezan za svoje pudle svjedo\u010di i snimka sa sjednice jugoslavenskog dr\u017eavnog vrha od 3. travnja 1975. na kojem Tito op\u0161irno govori o vanjskopoliti\u010dkoj situaciji s posebnim naglaskom na sklapanje Osimskih sporazuma o razgrani\u010denju s Italijom te o stanju na Bliskom istoku. Izlaganje su nekoliko puta lave\u017eom prekinule pudlice pa ih je do\u017eivotni predsjednik morao obuzdavati. Snimka je bila skrivena od javnosti sve do 2008. godine.<\/p>\n<p>&nbsp;<\/p>\n<p><iframe loading=\"lazy\" src=\"https:\/\/www.youtube.com\/embed\/NchsrlJS13c?rel=0\" width=\"648\" height=\"410\" frameborder=\"0\" allowfullscreen=\"allowfullscreen\"><span data-mce-type=\"bookmark\" style=\"display: inline-block; width: 0px; overflow: hidden; line-height: 0;\" class=\"mce_SELRES_start\">\ufeff<\/span><\/iframe><\/p>\n<div id=\"attachment_18347\" style=\"width: 646px\" class=\"wp-caption aligncenter\"><a href=\"https:\/\/www.mojevrijeme.hr\/magazin\/2018\/10\/hrvatska-dobila-prvog-psa-zove-se-kika-i-zivjet-ce-na-pantovcaku\/\"><img loading=\"lazy\" decoding=\"async\" aria-describedby=\"caption-attachment-18347\" class=\"wp-image-18347 size-medium\" src=\"https:\/\/www.mojevrijeme.hr\/magazin\/wp-content\/uploads\/2018\/10\/kika-predsjednica-636x352.jpg\" alt=\"\" width=\"636\" height=\"352\" srcset=\"https:\/\/www.mojevrijeme.hr\/magazin\/wp-content\/uploads\/2018\/10\/kika-predsjednica-636x352.jpg 636w, https:\/\/www.mojevrijeme.hr\/magazin\/wp-content\/uploads\/2018\/10\/kika-predsjednica.jpg 740w\" sizes=\"auto, (max-width: 636px) 100vw, 636px\" \/><\/a><p id=\"caption-attachment-18347\" class=\"wp-caption-text\">Predsjednica i Kika (foto: Skloni\u0161te Za \u017divotinje Virovitica)<\/p><\/div>\n<div id=\"mojev-1976749772\" class=\"mojev-kraj-teksta mojev-entity-placement\" style=\"margin-bottom: 20px;margin-left: auto;margin-right: auto;text-align: center;\"><div class=\"mojev-adlabel\">oglas<\/div><div style=\"height: 250px;\"><script async src=\"https:\/\/pagead2.googlesyndication.com\/pagead\/js\/adsbygoogle.js?client=ca-pub-8106111766207173\"\r\n     crossorigin=\"anonymous\"><\/script>\r\n<!-- Display-1 -->\r\n<ins class=\"adsbygoogle\"\r\n     style=\"display:block\"\r\n     data-ad-client=\"ca-pub-8106111766207173\"\r\n     data-ad-slot=\"1465712950\"\r\n     data-ad-format=\"auto\"\r\n     data-full-width-responsive=\"true\"><\/ins>\r\n<script>\r\n     (adsbygoogle = window.adsbygoogle || []).push({});\r\n<\/script><\/div><\/div>","protected":false},"excerpt":{"rendered":"<p>Hrvatski gra\u0111ani ne skrivaju odu\u0161evljenje potezom predsjednice Kolinde Grabar-Kitarovi\u0107 koja je udomila psa iz viroviti\u010dkoga azila. Kako je objavljeno, malena Kika \u0107e tr\u010dati Pantov\u010dakom zajedno s predsjedni\u010dkim paunovima, jelenima lopatarima, muflonima i srnama. No ovo ne\u0107e biti prvi puta da predsjedni\u010dku rezidenciju uveseljavaju mali lajavci. <\/p>\n","protected":false},"author":1,"featured_media":18358,"comment_status":"closed","ping_status":"closed","sticky":false,"template":"","format":"standard","meta":{"footnotes":""},"categories":[84],"tags":[188,359,781,328,110],"class_list":["post-18357","post","type-post","status-publish","format-standard","has-post-thumbnail","hentry","category-show","tag-jugoslavija","tag-kolinda","tag-psi","tag-retro","tag-tito"],"_links":{"self":[{"href":"https:\/\/www.mojevrijeme.hr\/magazin\/wp-json\/wp\/v2\/posts\/18357","targetHints":{"allow":["GET"]}}],"collection":[{"href":"https:\/\/www.mojevrijeme.hr\/magazin\/wp-json\/wp\/v2\/posts"}],"about":[{"href":"https:\/\/www.mojevrijeme.hr\/magazin\/wp-json\/wp\/v2\/types\/post"}],"author":[{"embeddable":true,"href":"https:\/\/www.mojevrijeme.hr\/magazin\/wp-json\/wp\/v2\/users\/1"}],"replies":[{"embeddable":true,"href":"https:\/\/www.mojevrijeme.hr\/magazin\/wp-json\/wp\/v2\/comments?post=18357"}],"version-history":[{"count":0,"href":"https:\/\/www.mojevrijeme.hr\/magazin\/wp-json\/wp\/v2\/posts\/18357\/revisions"}],"wp:featuredmedia":[{"embeddable":true,"href":"https:\/\/www.mojevrijeme.hr\/magazin\/wp-json\/wp\/v2\/media\/18358"}],"wp:attachment":[{"href":"https:\/\/www.mojevrijeme.hr\/magazin\/wp-json\/wp\/v2\/media?parent=18357"}],"wp:term":[{"taxonomy":"category","embeddable":true,"href":"https:\/\/www.mojevrijeme.hr\/magazin\/wp-json\/wp\/v2\/categories?post=18357"},{"taxonomy":"post_tag","embeddable":true,"href":"https:\/\/www.mojevrijeme.hr\/magazin\/wp-json\/wp\/v2\/tags?post=18357"}],"curies":[{"name":"wp","href":"https:\/\/api.w.org\/{rel}","templated":true}]}}