{"id":18404,"date":"2018-10-14T11:03:21","date_gmt":"2018-10-14T09:03:21","guid":{"rendered":"https:\/\/www.mojevrijeme.hr\/magazin\/?p=18404"},"modified":"2019-04-17T17:55:07","modified_gmt":"2019-04-17T15:55:07","slug":"milena-zamalo-playbojeva-zecica-zestoka-protivnica-milosevica","status":"publish","type":"post","link":"https:\/\/www.mojevrijeme.hr\/magazin\/2018\/10\/milena-zamalo-playbojeva-zecica-zestoka-protivnica-milosevica\/","title":{"rendered":"Milena: Zamalo Playbojeva ze\u010dica, \u017eestoka protivnica Milo\u0161evi\u0107a"},"content":{"rendered":"<p>Velika jugoslavenska i srbijanska glumica <strong>Milena Dravi\u0107<\/strong> preminula je u 79. godini u Beogradu. Ro\u0111ena je 5. listopada 1940. godine u Beogradu. Sve ove godine bila je &#8220;na\u0161a Milena&#8221;, omiljena u svim dr\u017eavama nastalim na krvavim ru\u0161evinama Jugoslavije.<\/p>\n<p>Glumom se po\u010dela baviti jo\u0161 kao srednjo\u0161kolka, kada ju je otkrio slovenski re\u017eiser Franti\u0161ek \u010cap s kojim je 1959. snimila svoj prvi film &#8220;Vrata ostaju otvorena&#8221;. Presudna uloga u njezinoj karijeri bila je ona u vrlo popularnom filmu &#8220;Prekobrojna&#8221; hrvatskog re\u017eisera Branka Bauera, koja joj je 1962. godine pored slave donijela i &#8220;Zlatnu arenu&#8221; na filmskom festivalu u Puli.<\/p>\n<p>Niz filmova u kojem je glumila nepregledan je, a me\u0111u njima su i oni koji su bili bunkerirani zbog toga \u0161to su smatrani previ\u0161e subverzivnima, goli\u0161avima i op\u0107enito su mogli \u201epokvariti po\u0161tene Jugoslavene\u201c. Jedan od njih je i \u201eWR: Misterije orga(ni)zma redatelja Du\u0161ana Makavajeva, o \u010demu smo s Dravi\u0107 <a href=\"https:\/\/www.mojevrijeme.hr\/magazin\/2014\/10\/milena-dravic-danas-ne-bih-mogla-ostvariti-takvu-karijeru\/\" target=\"_blank\" rel=\"noopener noreferrer\">razgovarali 2014. godine<\/a>.<\/p><div id=\"mojev-2332121826\" class=\"mojev-u-tekstu mojev-entity-placement\" style=\"margin-left: auto;margin-right: auto;text-align: center;\"><div class=\"mojev-adlabel\">oglas<\/div><div style=\"height: 250px;\"><script async src=\"https:\/\/pagead2.googlesyndication.com\/pagead\/js\/adsbygoogle.js?client=ca-pub-8106111766207173\"\r\n     crossorigin=\"anonymous\"><\/script>\r\n<!-- Prikazni 1 u tekstu -->\r\n<ins class=\"adsbygoogle\"\r\n     style=\"display:block\"\r\n     data-ad-client=\"ca-pub-8106111766207173\"\r\n     data-ad-slot=\"8535551207\"\r\n     data-ad-format=\"auto\"\r\n     data-full-width-responsive=\"true\"><\/ins>\r\n<script>\r\n     (adsbygoogle = window.adsbygoogle || []).push({});\r\n<\/script><\/div><\/div><br style=\"clear: both; display: block; float: none;\"\/>\n<p>\u0160iroj javnosti bila je poznata i po aktivnom otporu Milo\u0161evi\u0107evom re\u017eimu, a malo se zna da je zamalo postala i ze\u010dica najpoznatijeg goli\u0161avog \u010dasopisa na svijetu. Ovo su neke od izjava koje je Dravi\u0107 dala za medije proteklih godina.<\/p>\n<div id=\"zuto\"><\/p>\n<h3>O prosvjedima protiv Slobodana Milo\u0161evi\u0107a<\/h3>\n<p>Nikad nisam, a i nikada ne\u0107u, pripadati bilo kojoj politi\u010dkoj stranci. Ali tada sam dizala glas protiv rata, nasilja i bijede u koju nas je Milo\u0161evi\u0107 uvukao. Izlazila sam na ulice u svoje ime, kao obi\u010dna gra\u0111anka i prosvjedovala. Povjerovala sam da \u0107e poslije svrgnu\u0107a Milo\u0161evi\u0107a u listopadu 2000. do\u0107i bolji dani za Srbiju. Nade su se ugasile nakon ubojstva premijera Zorana \u0110in\u0111i\u0107a i nisam jedina koja je zabrinuta za na\u0161u budu\u0107nost. Od tada smo po\u0161li unatrag. Znam i to da sam zbog svoga gra\u0111anskog stajali\u0161ta i danas u ladicama u kojima neke utjecajne retrogradne snage dr\u017ee zaklju\u010dana imena neposlu\u0161nih i buntovnih iz Milo\u0161evi\u0107evih dana. Drugima pak smeta \u0161to sam ostavila traga u doba Titova re\u017eima, koji im nije po volji. Kako nisam od onih koji mo\u0107nike vuku za rukav, ne \u010dudim se \u0161to me ponekad zaobi\u0111u i kad ne bi smjeli. <em>(Jutarnji list, 2006.)<\/em><\/div>\n<div id=\"zuto\"><\/p>\n<h3>O materijalnom<\/h3>\n<p>Dragan i ja imamo stan u potkrovlju u Beogradu od 48 kvadrata, stan u Bao\u0161i\u0107ima na crnogorskome primorju i svatko od nas po jedan automobil normalne klase. \u017divjeli smo uglavnom pristojno i nikome nismo du\u017eni. Kad se osvrnem i sjetim se u kakvoj su bijedi umrli nenadma\u0161ni komi\u010dari Miodrag Petrovi\u0107 \u010ckalja i Radmila Savi\u0107evi\u0107, onda pokucam u drvo i ka\u017eem: dobro je, Milena! <em>(Jutarnji list, 2006.)<\/em><\/div>\n<div id=\"attachment_1094\" style=\"width: 646px\" class=\"wp-caption aligncenter\"><img loading=\"lazy\" decoding=\"async\" aria-describedby=\"caption-attachment-1094\" class=\"size-medium wp-image-1094\" src=\"https:\/\/www.mojevrijeme.hr\/magazin\/wp-content\/uploads\/2014\/10\/milena_dravic_wr-636x352.jpg\" alt=\"\" width=\"636\" height=\"352\" srcset=\"https:\/\/www.mojevrijeme.hr\/magazin\/wp-content\/uploads\/2014\/10\/milena_dravic_wr-636x352.jpg 636w, https:\/\/www.mojevrijeme.hr\/magazin\/wp-content\/uploads\/2014\/10\/milena_dravic_wr.jpg 740w\" sizes=\"auto, (max-width: 636px) 100vw, 636px\" \/><p id=\"caption-attachment-1094\" class=\"wp-caption-text\">Milena Dravi\u0107, WR: Misterije organizma, 1971.<\/p><\/div>\n<div id=\"zuto\"><\/p>\n<h3>O Jugoslaviji<\/h3>\n<p>Da se razumijemo, ja nisam jugonostalgi\u010dar, niti netko tko uvijek misli da je prije bilo bolje, ali sada, kad se slo\u017ee kockice, i kad pogledam \u0161to je sve iza mene, u ovom novom vremenu apsolutno ne bih mogla to sve ostvariti. Pri tome mislim prije svega na odnos ovog novog vremena prema kulturi i umjetnicima koji je katastrofalan. <em>(<a href=\"https:\/\/www.mojevrijeme.hr\/magazin\/2014\/10\/milena-dravic-danas-ne-bih-mogla-ostvariti-takvu-karijeru\/\" target=\"_blank\" rel=\"noopener noreferrer\">MojeVrijeme.hr<\/a>, 2014.)<\/em><\/div>\n<div id=\"zuto\"><\/p>\n<h3>O Titu<\/h3>\n<p>Nikada nisam sudjelovala ni u kakvim zabavama i priredbama za Mar\u0161ala. Dodu\u0161e, dva puta sam ga srela. Jednom, 1968. godine, kada sam bila u delegaciji filmskih umjetnika, a povodom najplodnije pulske selekcije, i drugi put, opet u Puli, ali se ne sje\u0107am godine. <em>(Nada, 1991.)<\/em><\/div>\n<div id=\"zuto\"><\/p>\n<h3>O prvoj ljubavi<\/h3>\n<p>Prvi put sam se zaljubila sa \u0161esnaest godina, ali osoba u koju sam se zaljubila to nije znala. Ta moja prva ljubav trajala je oko dvije godine, bila je to moja &#8220;tiha patnja&#8221;. Meni je bilo dovoljno d\u0430 pro\u0111em njegovom ulicom i d\u0430 g\u0430 vidim na dvadeset met\u0430r\u0430, \u0430 ond\u0430 ustreptim i \u017eivim od tog vi\u0111enj\u0430 d\u0430nim\u0430, do sljede\u0107e \u0161etnje &#8220;\u0161tr\u0430ftom&#8221; i do sljede\u0107eg gled\u0430nj\u0430. <em>(Zdravo, 1976.)<\/em><\/div>\n<div id=\"zuto\"><\/p>\n<h3>O ljubavi i poslu s <a href=\"https:\/\/www.mojevrijeme.hr\/magazin\/2016\/03\/umro-dragan-nikolic-jedan-od-najboljih-frajera-bivse-drzave\/\" target=\"_blank\" rel=\"noopener noreferrer\">Draganom<\/a><\/h3>\n<p>Ne volim vi\u0161e o tome da pri\u010dam jer nismo jedini koji imamo dug brak. Jedino \u0161to smo poznati pa je to ljudima zanimljivo. Naravno, tu je prije svega jedno veliko razumijevanje, ljubav, strpljenje. Prema tome ja sam imala privilegiju da radim s njim i da budem sigurna da me u sceni ne\u0107e remetiti, da tako ka\u017eem. No, svatko od nas je imao neki svoj put u ovom poslu. Nama privatno nije moglo da remeti poslovno jer svatko je vodio svoju karijeru. <em><a href=\"https:\/\/www.mojevrijeme.hr\/magazin\/2014\/10\/milena-dravic-danas-ne-bih-mogla-ostvariti-takvu-karijeru\/\" target=\"_blank\" rel=\"noopener noreferrer\">(MojeVrijeme.hr<\/a>, 2014.)<\/em><\/div>\n<div id=\"attachment_15150\" style=\"width: 646px\" class=\"wp-caption aligncenter\"><img loading=\"lazy\" decoding=\"async\" aria-describedby=\"caption-attachment-15150\" class=\"size-medium wp-image-15150\" src=\"https:\/\/www.mojevrijeme.hr\/magazin\/wp-content\/uploads\/2018\/05\/ivica-vidovic-wr-636x235.jpg\" alt=\"\" width=\"636\" height=\"235\" srcset=\"https:\/\/www.mojevrijeme.hr\/magazin\/wp-content\/uploads\/2018\/05\/ivica-vidovic-wr-636x235.jpg 636w, https:\/\/www.mojevrijeme.hr\/magazin\/wp-content\/uploads\/2018\/05\/ivica-vidovic-wr.jpg 740w\" sizes=\"auto, (max-width: 636px) 100vw, 636px\" \/><p id=\"caption-attachment-15150\" class=\"wp-caption-text\">Ivica Vidovi\u0107, Jagoda Kaloper i Milena Dravi\u0107 (WR: Misterije organizma, 1971.)<\/p><\/div>\n<div id=\"zuto\"><\/p>\n<h3>O tjeranju mode u mladosti<\/h3>\n<p>Sn\u0430l\u0430zil\u0430 sam se k\u0430o i svi drugi u to vrijeme. Nis\u0430m im\u0430l\u0430 mnogo, \u0430li s\u0430m uvijek bil\u0430 pristojno obu\u010den\u0430. Sje\u0107\u0430m se svojih prvih \u0161imi cipel\u0430 iz It\u0430lije. Zbog njih s\u0430m \u010dek\u0430l\u0430 s\u0430tim\u0430 na red ispred &#8220;Refleks\u0430&#8221;, \u0430li s\u0430m ih do\u010dek\u0430l\u0430. Kosu s\u0430m \u010de\u0161lj\u0430l\u0430 u konjski rep, vjerovala sam d\u0430 mi lijepo stoji, \u0430 \u0161i\u0161ke uvijala k\u0430o \u0161estice i to u\u0161e\u0107erenom vodom.\u00a0 <em>(Zdravo, 1976.)<\/em><\/div>\n<div id=\"zuto\"><\/p>\n<h3>O ulogama u partizanskim filmovima<\/h3>\n<p>Ne pada mi na pamet, iskreno da vam ka\u017eem, da se sramim ijedne uloge koju sam odigrala u ratnim filmovima. Jer, onda bih morala da poni\u0161tim i to \u0161to sam se rodila u vremenu u kojem sam rodila, ljubav svojih roditelja koji su me stvorili. Kompletna moja generacija bi, u tom slu\u010daju, trebalo da bude osu\u0111ena \u0161to je ro\u0111ena. Mi smo \u017eivjeli i radili u tom vremenu i trebamo ga podnijeti sa svim posljedicama. Ro\u0111eni smo u strahu i, kako ide, izgleda da \u0107emo i zavr\u0161iti u strahu.\u00a0Jednostavno, imala sam gluma\u010dki zadatak kojim sam se bavila. Sa ideologijama, ni prije ni poslijee, nisam imala posla. Nikada nisam pripadala partiji, pa sam, \u010dini mi se, automatski imala i jednu distancu prema politici. Ne \u017eelim da ovo izgleda kao da se pravdam, ali mislim da je recimo, uloga u &#8220;Sutjesci&#8221; jedan od gluma\u010dkih zadataka koje volim.\u00a0<em>(Nada. 1991.)<\/em><\/div>\n<div id=\"zuto\"><\/p>\n<h3>O tome kako je zamalo postala Playbojeva ze\u010dica<\/h3>\n<p>Znate \u0161ta, tu je falila samo jedna fotografija. Prakti\u010dno sam sve u\u010dinila, a kad je do\u0161lo do te klju\u010dne fotografije, odustala sam. Fotograf je bio \u010duveni Pompeo Posar. Molili su me, ali nisam pristala. Sada bi to bilo smije\u0161no i vjerojatno bi mi mnogi rekli: &#8220;Ti si budala.&#8221; To je bila velika reporta\u017ea i veliki novac sam odbila. Ali tako je bilo. Neki stid i odgoj je proradio, i jednostavno, ne\u0161to me je zako\u010dilo. <em>(Nedeljnik, 2016.)<\/em><\/div>\n<p>&nbsp;<\/p>\n<div id=\"mojev-2367366821\" class=\"mojev-kraj-teksta mojev-entity-placement\" style=\"margin-bottom: 20px;margin-left: auto;margin-right: auto;text-align: center;\"><div class=\"mojev-adlabel\">oglas<\/div><div style=\"height: 250px;\"><script async src=\"https:\/\/pagead2.googlesyndication.com\/pagead\/js\/adsbygoogle.js?client=ca-pub-8106111766207173\"\r\n     crossorigin=\"anonymous\"><\/script>\r\n<!-- Display-1 -->\r\n<ins class=\"adsbygoogle\"\r\n     style=\"display:block\"\r\n     data-ad-client=\"ca-pub-8106111766207173\"\r\n     data-ad-slot=\"1465712950\"\r\n     data-ad-format=\"auto\"\r\n     data-full-width-responsive=\"true\"><\/ins>\r\n<script>\r\n     (adsbygoogle = window.adsbygoogle || []).push({});\r\n<\/script><\/div><\/div>","protected":false},"excerpt":{"rendered":"<p>Nis\u0430m im\u0430l\u0430 mnogo, \u0430li s\u0430m uvijek bil\u0430 pristojno obu\u010den\u0430. Sje\u0107\u0430m se svojih prvih \u0161imi cipel\u0430 iz It\u0430lije. Zbog njih s\u0430m \u010dek\u0430l\u0430 s\u0430tim\u0430 na red ispred &#8220;Refleks\u0430&#8221;, \u0430li s\u0430m ih do\u010dek\u0430l\u0430. Kosu s\u0430m \u010de\u0161lj\u0430l\u0430 u konjski rep, vjerovala sam d\u0430 mi lijepo stoji, \u0430 \u0161i\u0161ke uvijala k\u0430o \u0161estice i to u\u0161e\u0107erenom vodom.\u00a0 <\/p>\n","protected":false},"author":1,"featured_media":18409,"comment_status":"closed","ping_status":"closed","sticky":false,"template":"","format":"standard","meta":{"footnotes":""},"categories":[84],"tags":[776,201,724,188,233],"class_list":["post-18404","post","type-post","status-publish","format-standard","has-post-thumbnail","hentry","category-show","tag-dragan-nikolic","tag-glumci","tag-in-memoriam","tag-jugoslavija","tag-milena-dravic"],"_links":{"self":[{"href":"https:\/\/www.mojevrijeme.hr\/magazin\/wp-json\/wp\/v2\/posts\/18404","targetHints":{"allow":["GET"]}}],"collection":[{"href":"https:\/\/www.mojevrijeme.hr\/magazin\/wp-json\/wp\/v2\/posts"}],"about":[{"href":"https:\/\/www.mojevrijeme.hr\/magazin\/wp-json\/wp\/v2\/types\/post"}],"author":[{"embeddable":true,"href":"https:\/\/www.mojevrijeme.hr\/magazin\/wp-json\/wp\/v2\/users\/1"}],"replies":[{"embeddable":true,"href":"https:\/\/www.mojevrijeme.hr\/magazin\/wp-json\/wp\/v2\/comments?post=18404"}],"version-history":[{"count":0,"href":"https:\/\/www.mojevrijeme.hr\/magazin\/wp-json\/wp\/v2\/posts\/18404\/revisions"}],"wp:featuredmedia":[{"embeddable":true,"href":"https:\/\/www.mojevrijeme.hr\/magazin\/wp-json\/wp\/v2\/media\/18409"}],"wp:attachment":[{"href":"https:\/\/www.mojevrijeme.hr\/magazin\/wp-json\/wp\/v2\/media?parent=18404"}],"wp:term":[{"taxonomy":"category","embeddable":true,"href":"https:\/\/www.mojevrijeme.hr\/magazin\/wp-json\/wp\/v2\/categories?post=18404"},{"taxonomy":"post_tag","embeddable":true,"href":"https:\/\/www.mojevrijeme.hr\/magazin\/wp-json\/wp\/v2\/tags?post=18404"}],"curies":[{"name":"wp","href":"https:\/\/api.w.org\/{rel}","templated":true}]}}