{"id":18534,"date":"2018-10-19T08:06:17","date_gmt":"2018-10-19T06:06:17","guid":{"rendered":"https:\/\/www.mojevrijeme.hr\/magazin\/?p=18534"},"modified":"2018-10-19T14:49:00","modified_gmt":"2018-10-19T12:49:00","slug":"sinidkat-umirovljenika-poziva-na-prosvjed-trazi-reformu-povlastenih-mirovina","status":"publish","type":"post","link":"https:\/\/www.mojevrijeme.hr\/magazin\/2018\/10\/sinidkat-umirovljenika-poziva-na-prosvjed-trazi-reformu-povlastenih-mirovina\/","title":{"rendered":"Sinidkat umirovljenika poziva na prosvjed, tra\u017ei reformu povla\u0161tenih mirovina"},"content":{"rendered":"<p>Sindikat umirovljenika Hrvatske (SUH) podr\u017eava sutra\u0161nji prosvjed (20. listopada 2018., Europski trg u Zagrebu, 12:00) u organizaciji sindikalnih sredi\u0161njica, protiv prijedloga mirovinske reforme, odnosno produljenja radnog sta\u017ea, ka\u017enjavanja prijevremenog umirovljenja i postoje\u0107eg modela 2. mirovinskog stupa.<\/p>\n<p>Na prosvjed pozivaju budu\u0107e i sada\u0161nje umirovljenike koji se ne mogu zadovoljiti s pove\u0107anjem od 3 posto odnosno 60-ak kuna, da ka\u017eu &#8211; NE mirovinskoj reformi, nakon koje se ne\u0107e znati kako \u0107e tko \u017eivjeti u mirovini &#8211; mladi koji tek ulaze u svijet rada, sredovje\u010dni, ili umirovljenici s prosje\u010dnom mirovinom od 2.400 kuna na rubu siroma\u0161tva.<\/p>\n<p>SUH tra\u017ei da se odustane od podizanja dobi za starosnu mirovinu i prijevremenu mirovinu sa 65 na 67 godina, kako je to u ve\u0107ini tranzicijskih zemalja, kao i od povisivanja dobi za starosnu mirovinu dugogodi\u0161njeg osiguranika. Smatraju kako treba odustati od pove\u0107anja i uvo\u0111enja linearne penalizacije za prijevremeno umirovljenje.<\/p><div id=\"mojev-1544367599\" class=\"mojev-u-tekstu mojev-entity-placement\" style=\"margin-left: auto;margin-right: auto;text-align: center;\"><div class=\"mojev-adlabel\">oglas<\/div><div style=\"height: 250px;\"><script async src=\"https:\/\/pagead2.googlesyndication.com\/pagead\/js\/adsbygoogle.js?client=ca-pub-8106111766207173\"\r\n     crossorigin=\"anonymous\"><\/script>\r\n<!-- Prikazni 1 u tekstu -->\r\n<ins class=\"adsbygoogle\"\r\n     style=\"display:block\"\r\n     data-ad-client=\"ca-pub-8106111766207173\"\r\n     data-ad-slot=\"8535551207\"\r\n     data-ad-format=\"auto\"\r\n     data-full-width-responsive=\"true\"><\/ins>\r\n<script>\r\n     (adsbygoogle = window.adsbygoogle || []).push({});\r\n<\/script><\/div><\/div><br style=\"clear: both; display: block; float: none;\"\/>\n<p><iframe loading=\"lazy\" style=\"border: none; overflow: hidden;\" src=\"https:\/\/www.facebook.com\/plugins\/comment_embed.php?href=https%3A%2F%2Fwww.facebook.com%2Fmojevrijeme.hr%2Fposts%2F1778880635574967%3Fcomment_id%3D1779234642206233&amp;width=648&amp;include_parent=false&amp;appId=702830876459350&amp;height=133\" width=\"648\" height=\"133\" frameborder=\"0\" scrolling=\"no\"><\/iframe><\/p>\n<p>Protivi se postoje\u0107em modelu individualizirane kapitalizirane \u0161tednje u 2. stupu koji bi, smatraju u SUH-u trebao biti dobrovoljni. U tom smislu SUH je i protiv pove\u0107anja izdvajanja za 2. stup na \u0161tetu 1., rekla je predsjednica zagreba\u010dkog povjereni\u0161tva SUH-a <strong>Biserka Budigam<\/strong>.\u00a0Naglasila je kako tra\u017ee bolji model uskla\u0111ivanja mirovina, odnosno bez \u0161vicarske formule i sa 100-postotnim iznosom povoljnijeg rasta cijena ili pla\u0107a.<\/p>\n<p>SUH tra\u017ei i novi model obiteljske mirovine i pove\u0107anje postotka naslije\u0111ivanja mirovine umrlog bra\u010dnog duga, odnosno 80 posto do uvo\u0111enja novog modela. Tako\u0111er tra\u017ee reformu sustava povla\u0161tenih mirovina, jer kako navodi, tamo le\u017ei tro\u0161ak od oko 9 milijardi kuna godi\u0161nje.<\/p>\n<div id=\"mojev-1649493044\" class=\"mojev-kraj-teksta mojev-entity-placement\" style=\"margin-bottom: 20px;margin-left: auto;margin-right: auto;text-align: center;\"><div class=\"mojev-adlabel\">oglas<\/div><div style=\"height: 250px;\"><script async src=\"https:\/\/pagead2.googlesyndication.com\/pagead\/js\/adsbygoogle.js?client=ca-pub-8106111766207173\"\r\n     crossorigin=\"anonymous\"><\/script>\r\n<!-- Display-1 -->\r\n<ins class=\"adsbygoogle\"\r\n     style=\"display:block\"\r\n     data-ad-client=\"ca-pub-8106111766207173\"\r\n     data-ad-slot=\"1465712950\"\r\n     data-ad-format=\"auto\"\r\n     data-full-width-responsive=\"true\"><\/ins>\r\n<script>\r\n     (adsbygoogle = window.adsbygoogle || []).push({});\r\n<\/script><\/div><\/div>","protected":false},"excerpt":{"rendered":"<p>SUH tra\u017ei i novi model obiteljske mirovine i pove\u0107anje postotka naslije\u0111ivanja mirovine umrlog bra\u010dnog duga, odnosno 80 posto do uvo\u0111enja novog modela. Tako\u0111er tra\u017ee reformu sustava povla\u0161tenih mirovina, jer kako navodi, tamo le\u017ei tro\u0161ak od oko 9 milijardi kuna godi\u0161nje.<\/p>\n","protected":false},"author":1,"featured_media":10697,"comment_status":"closed","ping_status":"closed","sticky":false,"template":"","format":"standard","meta":{"footnotes":""},"categories":[9],"tags":[1410,1116,687,167],"class_list":["post-18534","post","type-post","status-publish","format-standard","has-post-thumbnail","hentry","category-vijesti","tag-biserka-budigam","tag-mirovinska-reforma","tag-prosvjedi","tag-sindikat-umirovljenika"],"_links":{"self":[{"href":"https:\/\/www.mojevrijeme.hr\/magazin\/wp-json\/wp\/v2\/posts\/18534","targetHints":{"allow":["GET"]}}],"collection":[{"href":"https:\/\/www.mojevrijeme.hr\/magazin\/wp-json\/wp\/v2\/posts"}],"about":[{"href":"https:\/\/www.mojevrijeme.hr\/magazin\/wp-json\/wp\/v2\/types\/post"}],"author":[{"embeddable":true,"href":"https:\/\/www.mojevrijeme.hr\/magazin\/wp-json\/wp\/v2\/users\/1"}],"replies":[{"embeddable":true,"href":"https:\/\/www.mojevrijeme.hr\/magazin\/wp-json\/wp\/v2\/comments?post=18534"}],"version-history":[{"count":0,"href":"https:\/\/www.mojevrijeme.hr\/magazin\/wp-json\/wp\/v2\/posts\/18534\/revisions"}],"wp:featuredmedia":[{"embeddable":true,"href":"https:\/\/www.mojevrijeme.hr\/magazin\/wp-json\/wp\/v2\/media\/10697"}],"wp:attachment":[{"href":"https:\/\/www.mojevrijeme.hr\/magazin\/wp-json\/wp\/v2\/media?parent=18534"}],"wp:term":[{"taxonomy":"category","embeddable":true,"href":"https:\/\/www.mojevrijeme.hr\/magazin\/wp-json\/wp\/v2\/categories?post=18534"},{"taxonomy":"post_tag","embeddable":true,"href":"https:\/\/www.mojevrijeme.hr\/magazin\/wp-json\/wp\/v2\/tags?post=18534"}],"curies":[{"name":"wp","href":"https:\/\/api.w.org\/{rel}","templated":true}]}}