{"id":18790,"date":"2018-10-25T20:33:42","date_gmt":"2018-10-25T18:33:42","guid":{"rendered":"https:\/\/www.mojevrijeme.hr\/magazin\/?p=18790"},"modified":"2018-10-25T21:42:40","modified_gmt":"2018-10-25T19:42:40","slug":"zvijezda-ranih-devedesetih-sinead-je-prigrlila-islam-i-postala-suada","status":"publish","type":"post","link":"https:\/\/www.mojevrijeme.hr\/magazin\/2018\/10\/zvijezda-ranih-devedesetih-sinead-je-prigrlila-islam-i-postala-suada\/","title":{"rendered":"Zvijezda ranih devedesetih: Sinead je prigrlila islam i postala \u0160uada"},"content":{"rendered":"<p>Irska glazbenica <strong>Sinead O&#8217;Connor<\/strong>\u00a0(51) koja je obradom Princeove pjesme <em>\u201eNothing Compares 2 U\u201c<\/em> obilje\u017eila po\u010detak devedesetih na svjetskoj, pa tako i hrvatskoj, glazbenoj sceni, objavila je da je postala muslimanka.<\/p>\n<p>O&#8217;Connor je se svojim ranijim istupima borila protiv Vatikana. Mnogi \u0107e re\u0107i da je karijeru zape\u010datila paranjem slike Ivana Pavla II pred kamerama, no istina je da se ova glazbenica desetlje\u0107ima borila s psihi\u010dkim poreme\u0107ajima, misteriozno nestajala i imala javne slomove \u017eivaca. U tra\u017eenju vjere pridru\u017eila se i nekolicini kr\u0161\u0107anskih sekti, a u nekima je \u010dak i bila sve\u0107enica. Nakon te\u0161kog traganja, \u010dini se da je mir prona\u0161la u promijeni religije.<\/p>\n<p>\u201ePonosna sam \u0161to sam postala muslimanka\u201c, napisala je na Twitteru navode\u0107i da je to prirodan zaklju\u010dak njenog teolo\u0161kog putovanja. \u201eSvi sveti spisi vode k islamu\u201c, napisala je dodaju\u0107i da je njeno novo ime \u0160uada (Shuhada).<\/p><div id=\"mojev-1105749132\" class=\"mojev-u-tekstu mojev-entity-placement\" style=\"margin-left: auto;margin-right: auto;text-align: center;\"><div class=\"mojev-adlabel\">oglas<\/div><div style=\"height: 250px;\"><script async src=\"https:\/\/pagead2.googlesyndication.com\/pagead\/js\/adsbygoogle.js?client=ca-pub-8106111766207173\"\r\n     crossorigin=\"anonymous\"><\/script>\r\n<!-- Prikazni 1 u tekstu -->\r\n<ins class=\"adsbygoogle\"\r\n     style=\"display:block\"\r\n     data-ad-client=\"ca-pub-8106111766207173\"\r\n     data-ad-slot=\"8535551207\"\r\n     data-ad-format=\"auto\"\r\n     data-full-width-responsive=\"true\"><\/ins>\r\n<script>\r\n     (adsbygoogle = window.adsbygoogle || []).push({});\r\n<\/script><\/div><\/div><br style=\"clear: both; display: block; float: none;\"\/>\n<p>Kao aktivistica Sinead se zalagala za \u017eenska prava, sudjelovala je u kampanjama protiv rata i zlostavljanja djece, pjevala je na brojnim humanitarnim koncertima. Javnim nastupima je poku\u0161avala i destigmatizirati mentalne bolesti. Udavala se \u010detiri puta i ima \u010detvero djece. U 2015. godini postala je baka. Pokrenite video i podsjetite se njenog najve\u0107eg hita.<\/p>\n<p>&nbsp;<\/p>\n<p><iframe loading=\"lazy\" src=\"https:\/\/www.youtube.com\/embed\/0-EF60neguk\" width=\"648\" height=\"410\" frameborder=\"0\" allowfullscreen=\"allowfullscreen\"><\/iframe><\/p>\n<div id=\"mojev-2352322836\" class=\"mojev-kraj-teksta mojev-entity-placement\" style=\"margin-bottom: 20px;margin-left: auto;margin-right: auto;text-align: center;\"><div class=\"mojev-adlabel\">oglas<\/div><div style=\"height: 250px;\"><script async src=\"https:\/\/pagead2.googlesyndication.com\/pagead\/js\/adsbygoogle.js?client=ca-pub-8106111766207173\"\r\n     crossorigin=\"anonymous\"><\/script>\r\n<!-- Display-1 -->\r\n<ins class=\"adsbygoogle\"\r\n     style=\"display:block\"\r\n     data-ad-client=\"ca-pub-8106111766207173\"\r\n     data-ad-slot=\"1465712950\"\r\n     data-ad-format=\"auto\"\r\n     data-full-width-responsive=\"true\"><\/ins>\r\n<script>\r\n     (adsbygoogle = window.adsbygoogle || []).push({});\r\n<\/script><\/div><\/div>","protected":false},"excerpt":{"rendered":"<p>O&#8217;Connor je se svojim ranijim istupima borila protiv Vatikana. Mnogi \u0107e re\u0107i da je karijeru zape\u010datila paranjem slike Ivana Pavla II pred kamerama, no istina je da se ova glazbenica desetlje\u0107ima borila s psihi\u010dkim poreme\u0107ajima. U tra\u017eenju vjere pridru\u017eila se i nekolicini kr\u0161\u0107anskih sekti, a u nekima je \u010dak i bila sve\u0107enica.<\/p>\n","protected":false},"author":1,"featured_media":18791,"comment_status":"closed","ping_status":"closed","sticky":false,"template":"","format":"standard","meta":{"footnotes":""},"categories":[84],"tags":[270,303,1419],"class_list":["post-18790","post","type-post","status-publish","format-standard","has-post-thumbnail","hentry","category-show","tag-pjevaci","tag-religija","tag-sinead-o-connor"],"_links":{"self":[{"href":"https:\/\/www.mojevrijeme.hr\/magazin\/wp-json\/wp\/v2\/posts\/18790","targetHints":{"allow":["GET"]}}],"collection":[{"href":"https:\/\/www.mojevrijeme.hr\/magazin\/wp-json\/wp\/v2\/posts"}],"about":[{"href":"https:\/\/www.mojevrijeme.hr\/magazin\/wp-json\/wp\/v2\/types\/post"}],"author":[{"embeddable":true,"href":"https:\/\/www.mojevrijeme.hr\/magazin\/wp-json\/wp\/v2\/users\/1"}],"replies":[{"embeddable":true,"href":"https:\/\/www.mojevrijeme.hr\/magazin\/wp-json\/wp\/v2\/comments?post=18790"}],"version-history":[{"count":0,"href":"https:\/\/www.mojevrijeme.hr\/magazin\/wp-json\/wp\/v2\/posts\/18790\/revisions"}],"wp:featuredmedia":[{"embeddable":true,"href":"https:\/\/www.mojevrijeme.hr\/magazin\/wp-json\/wp\/v2\/media\/18791"}],"wp:attachment":[{"href":"https:\/\/www.mojevrijeme.hr\/magazin\/wp-json\/wp\/v2\/media?parent=18790"}],"wp:term":[{"taxonomy":"category","embeddable":true,"href":"https:\/\/www.mojevrijeme.hr\/magazin\/wp-json\/wp\/v2\/categories?post=18790"},{"taxonomy":"post_tag","embeddable":true,"href":"https:\/\/www.mojevrijeme.hr\/magazin\/wp-json\/wp\/v2\/tags?post=18790"}],"curies":[{"name":"wp","href":"https:\/\/api.w.org\/{rel}","templated":true}]}}