{"id":18953,"date":"2018-10-31T09:58:53","date_gmt":"2018-10-31T08:58:53","guid":{"rendered":"https:\/\/www.mojevrijeme.hr\/magazin\/?p=18953"},"modified":"2018-10-31T16:37:24","modified_gmt":"2018-10-31T15:37:24","slug":"zabava-i-druzenje-noc-vjestica-nije-americka-izmisljotina","status":"publish","type":"post","link":"https:\/\/www.mojevrijeme.hr\/magazin\/2018\/10\/zabava-i-druzenje-noc-vjestica-nije-americka-izmisljotina\/","title":{"rendered":"Zabava i dru\u017eenje: No\u0107 vje\u0161tica nije ameri\u010dka izmi\u0161ljotina"},"content":{"rendered":"<p>&#8220;Halloween se pro\u0161irio Europom. No dok jedni tu svetkovinu sa zadovoljstvom slave, drugi ju ignoriraju kao stranu i nepotrebnu. Ali kako je taj paganski obi\u010daj u stvari nastao i kako ga se slavi u razli\u010ditim zemljama?&#8221; pi\u0161e <strong><a href=\"https:\/\/p.dw.com\/p\/37OZf\" target=\"_blank\" rel=\"noopener\">Deutsche Welle<\/a><\/strong>.<\/p>\n<p>Dok jedni eufori\u010dno obilaze prodavaonice s kostimima ili pu\u0161taju ma\u0161ti na volju i izmi\u0161ljaju vlastite modne kreacije, drugi zabravljuju vrata i gase svjetlo, da netko ne bi pomislio da su kod ku\u0107e: bli\u017ei se No\u0107 vje\u0161tica. Mnogi smatraju kako se tu radi samo o nekoj novoj pomodnoj ameri\u010dkoj izmi\u0161ljotini koja s na\u0161om europskom tradicijom nema ni\u0161ta zajedni\u010dko, a u protestantskim dijelovima Starog kontinenta se neki boje za kontaminaciju svog Dana protestantizma (31.10.) stranim i nepo\u017eeljnim elementima. No istovremeno je sve vi\u0161e onih koji sa zadovoljstvom i uz veliki osmjeh na licu obla\u010de kostime s motivima mrtva\u010dkih glava i izrezuju bundeve kako bi u njih stavili svije\u0107e.<\/p>\n<p>No o kakvom se tu obi\u010daju op\u0107e radi, kako je i kada on nastao? Mnogi su uvjereni kako Halloween poti\u010de iz Amerike, ali to nije to\u010dno. <strong>Michelle Dunne<\/strong> je povjesni\u010darka na sveu\u010dili\u0161tu Dublin City u Irskoj. Jedno od polja istra\u017eivanja su joj i irski narodni obi\u010daji. &#8220;Halloween je bila jedna od \u010detiri najva\u017enije keltske svetkovine&#8221;, obja\u0161njava Dunne.<\/p><div id=\"mojev-3573969858\" class=\"mojev-u-tekstu mojev-entity-placement\" style=\"margin-left: auto;margin-right: auto;text-align: center;\"><div class=\"mojev-adlabel\">oglas<\/div><div style=\"height: 250px;\"><script async src=\"https:\/\/pagead2.googlesyndication.com\/pagead\/js\/adsbygoogle.js?client=ca-pub-8106111766207173\"\r\n     crossorigin=\"anonymous\"><\/script>\r\n<!-- Prikazni 1 u tekstu -->\r\n<ins class=\"adsbygoogle\"\r\n     style=\"display:block\"\r\n     data-ad-client=\"ca-pub-8106111766207173\"\r\n     data-ad-slot=\"8535551207\"\r\n     data-ad-format=\"auto\"\r\n     data-full-width-responsive=\"true\"><\/ins>\r\n<script>\r\n     (adsbygoogle = window.adsbygoogle || []).push({});\r\n<\/script><\/div><\/div><br style=\"clear: both; display: block; float: none;\"\/>\n<h3>Paganski obi\u010daj<\/h3>\n<p>Po\u010detci se\u017eu u vrijeme prije vi\u0161e od 2000 godina. Izvorni irski naziv je &#8220;Samhain&#8221; i obilje\u017eava kalendarski po\u010detak zime 1. studenoga. Tada je prevladavalo vjerovanje kako u predve\u010derje svetkovine duhovi hodaju po zemlji jer se u toj no\u0107i bri\u0161e granica izme\u0111u svijeta \u017eivih i svijeta mrtvih. &#8220;Prije polaska u krevet ljudi su palili u kuhinji vatru i ostavljali jelo na stolu za pretke koji te no\u0107i posje\u0107uju ku\u0107u&#8221;, ka\u017ee Dunne. Zbog toga se i danas No\u0107 vje\u0161tica, kako glasi hrvatski naziv za Halloween, obilje\u017eava i slavi 31. listopada.<\/p>\n<p>Samo ime dolazi od naziva za ve\u010der prije Svih svetih: All Hallows&#8217; Eve. Irski migranti su obi\u010daj krajem 19. stolje\u0107a donijeli i u Sjedinjene Ameri\u010dke Dr\u017eave, gdje se pro\u0161irio i me\u0111u drugim useljenicima. Od tamo je kasnije reimportiran nazad u Europu.<\/p>\n<div id=\"attachment_18968\" style=\"width: 646px\" class=\"wp-caption aligncenter\"><img loading=\"lazy\" decoding=\"async\" aria-describedby=\"caption-attachment-18968\" class=\"size-medium wp-image-18968\" src=\"https:\/\/www.mojevrijeme.hr\/magazin\/wp-content\/uploads\/2018\/10\/poludela-mesarka-636x352.jpg\" alt=\"\" width=\"636\" height=\"352\" srcset=\"https:\/\/www.mojevrijeme.hr\/magazin\/wp-content\/uploads\/2018\/10\/poludela-mesarka-636x352.jpg 636w, https:\/\/www.mojevrijeme.hr\/magazin\/wp-content\/uploads\/2018\/10\/poludela-mesarka.jpg 740w\" sizes=\"auto, (max-width: 636px) 100vw, 636px\" \/><p id=\"caption-attachment-18968\" class=\"wp-caption-text\">Zombie Walk Zagreb (foto: Sini\u0161a Bogdani\u0107)<\/p><\/div>\n<h3>Oblik susjedskog dru\u017eenja<\/h3>\n<p>U Sjedinjenim Dr\u017eavama je Halloween prije svega neobavezno obiteljsko i dobrosusjedsko slavlje. Djeca idu od jednih do drugih ku\u0107nih vrata i tra\u017ee slatki\u0161e, a prozori su u pravilu ukra\u0161eni bundevama u kojima su izrezbarena nake\u0161ena lica ili su izvje\u0161eni pauci. &#8220;Gomila slatki\u0161a je za \u0161estogodi\u0161nje dijete ono \u0161to je BMW M3 za njegovog \u010detrdesetogodi\u0161njeg oca&#8221;, napisao je jedan autor u listu<em> Louisville Courier Journal<\/em>\u00a0poku\u0161avaju\u0107i objasniti zna\u010denje Halloweena za ameri\u010dku djecu.<\/p>\n<p>Zbog toga je za odrasle pitanje \u010dasti da u ku\u0107i imaju dovoljno slatki\u0161a\u00a0kada im djeca pokucaju na vrata. Pred Halloween lanci supermarketa nude ogromna pakiranja slatki\u0161a po sni\u017eenim cijenama. A uz \u010dokolade, bombone ili kekse za djecu, u pravili se tu na\u0111e i neka piva ili \u010da\u0161a vina za odrasle, pripravi se ro\u0161tilj i \u0107aska se sa susjedima &#8211; u SAD-u je Halloween i oblik dru\u017eenja susjeda.<\/p>\n<h3>Party unato\u010d bombama<\/h3>\n<p>U Europi najve\u0107i Halloween-Party se ve\u0107 godinama slavi u sjevernoirskom gradu Derryu. <strong>Elizabeth Cunningham<\/strong> tamo organizira muzi\u010dki festival na kojem \u0107e se ove godine okupiti po svoj prilici vi\u0161e od 100.000 ljudi. U gradi\u0107u s\u00a0ukupno 85.000 stanovnika to zna\u010di prije svega &#8220;planiranje, planiranje i opet planiranje&#8221;, ka\u017ee Cunningham. Gosti dolaze sa svih strana svijeta: iz Kanade, Amerike ili Australije. Vi\u0161e od 600 ljudi poma\u017ee u organizaciji, kako bi koncerti i zaklju\u010dni vatromet pro\u0161li bez problema.<\/p>\n<p>A sve je skromno zapo\u010delo 1985.: za vrijeme nereda u Sjevernoj Irskoj je pub Doherty&#8217;s Bar u Derryu organizirao jednu Halloween-Party. &#8220;Ideja je bila da se ljudima skrene pa\u017enja na ne\u0161to drugo, da se zabave&#8221;, pri\u010da Cunningham. Do\u0161lo je 50 gostiju, kada je do\u0161la prijetnja kako je u pubu postavljena bomba. &#8220;Bar je evakuiran, ali su ljudi naprosto nastavili slaviti na ulici.&#8221; I tako je nastao festival. &#8220;Halloween je ljude u Derryu ponovo me\u0111usobno pribli\u017eio&#8221;, obja\u0161njava Cunnigham.<\/p>\n<div id=\"attachment_18904\" style=\"width: 646px\" class=\"wp-caption aligncenter\"><img loading=\"lazy\" decoding=\"async\" aria-describedby=\"caption-attachment-18904\" class=\"size-medium wp-image-18904\" src=\"https:\/\/www.mojevrijeme.hr\/magazin\/wp-content\/uploads\/2018\/10\/zombie-smrt-636x352.jpg\" alt=\"\" width=\"636\" height=\"352\" srcset=\"https:\/\/www.mojevrijeme.hr\/magazin\/wp-content\/uploads\/2018\/10\/zombie-smrt-636x352.jpg 636w, https:\/\/www.mojevrijeme.hr\/magazin\/wp-content\/uploads\/2018\/10\/zombie-smrt.jpg 740w\" sizes=\"auto, (max-width: 636px) 100vw, 636px\" \/><p id=\"caption-attachment-18904\" class=\"wp-caption-text\">Zombie Walk Zagreb (foto: Sini\u0161a Bogdani\u0107)<\/p><\/div>\n<p>Da su i ljudi u Njema\u010dkoj s vremenom po\u010deli 31. listopada obla\u010diti kostime s mrtva\u010dkim glavama i navla\u010diti maske zombija ima prije svega veze s utjecajem Hollywooda, obja\u0161njava kulturologinja\u00a0<strong>Monique Scheer<\/strong>. &#8220;Mi tu imamo blizak kontakt s ameri\u010dkom popularnom kulturom&#8221;, ka\u017ee Scheer, a preko filmova i televizijskih serija je onda i Halloween postao popularan.<\/p>\n<p>Scheer je ro\u0111ena u SAD-u i bavi se na sveu\u010dili\u0161tu u T\u00fcbingenu istra\u017eivanjem kulturalne raznolikosti. Od 1990-ih godina ona prati kako se No\u0107 vje\u0161tica sve vi\u0161e slavi i obilje\u017eava i u Njema\u010dkoj. Tome pogoduje\u00a0djelomice i kalendar: sljede\u0107i dan, 1. studeni, su Svi sveti, i to je slu\u017ebeni praznik u velikom dijelu Njema\u010dke.<\/p>\n<div id=\"mojev-643835588\" class=\"mojev-kraj-teksta mojev-entity-placement\" style=\"margin-bottom: 20px;margin-left: auto;margin-right: auto;text-align: center;\"><div class=\"mojev-adlabel\">oglas<\/div><div style=\"height: 250px;\"><script async src=\"https:\/\/pagead2.googlesyndication.com\/pagead\/js\/adsbygoogle.js?client=ca-pub-8106111766207173\"\r\n     crossorigin=\"anonymous\"><\/script>\r\n<!-- Display-1 -->\r\n<ins class=\"adsbygoogle\"\r\n     style=\"display:block\"\r\n     data-ad-client=\"ca-pub-8106111766207173\"\r\n     data-ad-slot=\"1465712950\"\r\n     data-ad-format=\"auto\"\r\n     data-full-width-responsive=\"true\"><\/ins>\r\n<script>\r\n     (adsbygoogle = window.adsbygoogle || []).push({});\r\n<\/script><\/div><\/div>","protected":false},"excerpt":{"rendered":"<p>Irski migranti su obi\u010daj krajem 19. stolje\u0107a donijeli i u Sjedinjene Ameri\u010dke Dr\u017eave, gdje se pro\u0161irio i me\u0111u drugim useljenicima. Od tamo je kasnije reimportiran nazad u Europu. <\/p>\n","protected":false},"author":1,"featured_media":18955,"comment_status":"closed","ping_status":"closed","sticky":false,"template":"","format":"standard","meta":{"footnotes":""},"categories":[2],"tags":[1423,301,561],"class_list":["post-18953","post","type-post","status-publish","format-standard","has-post-thumbnail","hentry","category-mozaik","tag-halloween","tag-noc-vjestica","tag-zabava"],"_links":{"self":[{"href":"https:\/\/www.mojevrijeme.hr\/magazin\/wp-json\/wp\/v2\/posts\/18953","targetHints":{"allow":["GET"]}}],"collection":[{"href":"https:\/\/www.mojevrijeme.hr\/magazin\/wp-json\/wp\/v2\/posts"}],"about":[{"href":"https:\/\/www.mojevrijeme.hr\/magazin\/wp-json\/wp\/v2\/types\/post"}],"author":[{"embeddable":true,"href":"https:\/\/www.mojevrijeme.hr\/magazin\/wp-json\/wp\/v2\/users\/1"}],"replies":[{"embeddable":true,"href":"https:\/\/www.mojevrijeme.hr\/magazin\/wp-json\/wp\/v2\/comments?post=18953"}],"version-history":[{"count":0,"href":"https:\/\/www.mojevrijeme.hr\/magazin\/wp-json\/wp\/v2\/posts\/18953\/revisions"}],"wp:featuredmedia":[{"embeddable":true,"href":"https:\/\/www.mojevrijeme.hr\/magazin\/wp-json\/wp\/v2\/media\/18955"}],"wp:attachment":[{"href":"https:\/\/www.mojevrijeme.hr\/magazin\/wp-json\/wp\/v2\/media?parent=18953"}],"wp:term":[{"taxonomy":"category","embeddable":true,"href":"https:\/\/www.mojevrijeme.hr\/magazin\/wp-json\/wp\/v2\/categories?post=18953"},{"taxonomy":"post_tag","embeddable":true,"href":"https:\/\/www.mojevrijeme.hr\/magazin\/wp-json\/wp\/v2\/tags?post=18953"}],"curies":[{"name":"wp","href":"https:\/\/api.w.org\/{rel}","templated":true}]}}