{"id":19077,"date":"2018-11-05T08:58:55","date_gmt":"2018-11-05T07:58:55","guid":{"rendered":"https:\/\/www.mojevrijeme.hr\/magazin\/?p=19077"},"modified":"2018-11-05T08:59:40","modified_gmt":"2018-11-05T07:59:40","slug":"miljenko-jergovic-jugoslaviju-najvise-mrze-oni-koji-su-od-nje-najvise-dobili","status":"publish","type":"post","link":"https:\/\/www.mojevrijeme.hr\/magazin\/2018\/11\/miljenko-jergovic-jugoslaviju-najvise-mrze-oni-koji-su-od-nje-najvise-dobili\/","title":{"rendered":"Miljenko Jergovi\u0107: Jugoslaviju najvi\u0161e mrze oni koji su od nje najvi\u0161e dobili"},"content":{"rendered":"<p>Narodi na ovim prostorima u\u017eivali su najve\u0107e slobode krajem 1980-ih, rekao je u serijalu <a href=\"https:\/\/www.slobodnaevropa.org\" target=\"_blank\" rel=\"noopener\">Radija Slobodna Evropa<\/a> &#8220;100 godina Jugoslavije&#8221; zagreba\u010dki knji\u017eevnik <strong>Miljenko Jergovi\u0107<\/strong>.<\/p>\n<p>&#8220;To je bio najslobodniji period kojeg moja generacija pamti i to je bio najslobodniji period koji \u0107e ove zemlje uop\u0107e upamtiti. Jo\u0161 jedna vrlo va\u017ena stvar. To je bio period kada smo zaista bili najbli\u017ee Zapadu. To se najbolje moglo vidjeti preko rok muzike, a danas smo zaostali za isto\u010dnom Evropom, a kamoli za zapadnom. Umjesto toga smo dobili neki turobni isto\u010dnoevropski novokomponirani kapitalizam, sa nekom polurazbojni\u010dkom prvobitnom akumulacijom kapitala.&#8221;<\/p>\n<p>Jergovi\u0107 smatra da nije problem u tome \u0161to se Jugoslavija raspala, ve\u0107 ono \u0161to je iza tog nastalo: rat i dru\u0161tva, koja se hrane mr\u017enjom, stvorena u oru\u017eanim sukobima. Stoga, kako isti\u010de, na Balkanu nijedan rat jo\u0161 nije zavr\u0161en &#8211; onaj 1990-ih, pa ni Drugi, a \u010dak i Prvi svetski rat.<\/p><div id=\"mojev-2388434686\" class=\"mojev-u-tekstu mojev-entity-placement\" style=\"margin-left: auto;margin-right: auto;text-align: center;\"><div class=\"mojev-adlabel\">oglas<\/div><div style=\"height: 250px;\"><script async src=\"https:\/\/pagead2.googlesyndication.com\/pagead\/js\/adsbygoogle.js?client=ca-pub-8106111766207173\"\r\n     crossorigin=\"anonymous\"><\/script>\r\n<!-- Prikazni 1 u tekstu -->\r\n<ins class=\"adsbygoogle\"\r\n     style=\"display:block\"\r\n     data-ad-client=\"ca-pub-8106111766207173\"\r\n     data-ad-slot=\"8535551207\"\r\n     data-ad-format=\"auto\"\r\n     data-full-width-responsive=\"true\"><\/ins>\r\n<script>\r\n     (adsbygoogle = window.adsbygoogle || []).push({});\r\n<\/script><\/div><\/div><br style=\"clear: both; display: block; float: none;\"\/>\n<p>O klerikalizaciji balkanskog dru\u0161tva poznati knji\u017eevnik ka\u017ee: \u201eOvi veliki dana\u0161nji vjernici, kao u ono doba veliki partijski sekretari, bili su aktivni borci protiv slobode vjeroispovijesti. Me\u0111u dana\u0161njim nacionalistima i klero-nacionalistima nemate liberale iz osamdesetih, nemate pripadnike onih takozvanih mekih ili reformatorskih struja iz SKJ. Ti &#8220;reformatori&#8221; iz onog doba su, u me\u0111uvremenu, ili nestali sa lica zemlje, ili su se pretvorili u velike neprijatelje ovoga dana\u0161njeg vremena i &#8220;savr\u0161enih dru\u0161tava&#8221; u kojima \u017eivimo.\u201c<\/p>\n<p>Jergovi\u0107 je objasnio i na koga je mislio kada je rekao da Jugoslaviju najvi\u0161e mrze oni koji su od nje najvi\u0161e dobili. &#8220;Na ljude koji su u Jugoslaviji do\u0161li do svega onoga \u0161to imaju danas. Mislim, recimo, na ljude koji su u Jugoslaviji radili za tajne slu\u017ebe, bili su nekakvi \u010dudni udba\u0161i, DB-ovci, a danas su tajkuni, bogati ljudi, imaju ostatke nekakvih Geneksa, hrvatskih poljoprivrednih dobara, socijalisti\u010dkih firmi.<\/p>\n<p>Kako je izvr\u0161ena prvobitna akumulacija kapitala u zemljama nastalim na zgari\u0161tu Jugoslavije? Tako \u0161to se jednostavno kapital, novac, prelio u d\u017eepove doju\u010dera\u0161njih partijskih i policijskih glave\u0161ina. Jedino su oni bili u poziciji da krenu u grabe\u017e za tim kapitalom. Za\u0161to je o tome tako te\u0161ko razmi\u0161ljati? Za\u0161to niko ovdje o tome ne \u017eeli razmi\u0161ljati? Ko su ti na\u0161i tajkuni i ti na\u0161i bogata\u0161i, otkud im pare?&#8221;<\/p>\n<p>Cijeli intervju pogledajte u prilo\u017eenom videu.<\/p>\n<p><iframe loading=\"lazy\" src=\"https:\/\/www.youtube.com\/embed\/95GZlidxgcM\" width=\"648\" height=\"410\" frameborder=\"0\" allowfullscreen=\"allowfullscreen\"><\/iframe><\/p>\n<div id=\"mojev-2104310879\" class=\"mojev-kraj-teksta mojev-entity-placement\" style=\"margin-bottom: 20px;margin-left: auto;margin-right: auto;text-align: center;\"><div class=\"mojev-adlabel\">oglas<\/div><div style=\"height: 250px;\"><script async src=\"https:\/\/pagead2.googlesyndication.com\/pagead\/js\/adsbygoogle.js?client=ca-pub-8106111766207173\"\r\n     crossorigin=\"anonymous\"><\/script>\r\n<!-- Display-1 -->\r\n<ins class=\"adsbygoogle\"\r\n     style=\"display:block\"\r\n     data-ad-client=\"ca-pub-8106111766207173\"\r\n     data-ad-slot=\"1465712950\"\r\n     data-ad-format=\"auto\"\r\n     data-full-width-responsive=\"true\"><\/ins>\r\n<script>\r\n     (adsbygoogle = window.adsbygoogle || []).push({});\r\n<\/script><\/div><\/div>","protected":false},"excerpt":{"rendered":"<p>Jergovi\u0107 smatra da nije problem u tome \u0161to se Jugoslavija raspala, ve\u0107 ono \u0161to je iza tog nastalo: rat i dru\u0161tva, koja se hrane mr\u017enjom, stvorena u oru\u017eanim sukobima. Stoga, kako isti\u010de, na Balkanu nijedan rat jo\u0161 nije zavr\u0161en &#8211; onaj 1990-ih, pa ni Drugi, a \u010dak i Prvi svetski rat.<\/p>\n","protected":false},"author":1,"featured_media":19078,"comment_status":"closed","ping_status":"closed","sticky":false,"template":"","format":"standard","meta":{"footnotes":""},"categories":[2],"tags":[188,1432],"class_list":["post-19077","post","type-post","status-publish","format-standard","has-post-thumbnail","hentry","category-mozaik","tag-jugoslavija","tag-miljenko-jergovic"],"_links":{"self":[{"href":"https:\/\/www.mojevrijeme.hr\/magazin\/wp-json\/wp\/v2\/posts\/19077","targetHints":{"allow":["GET"]}}],"collection":[{"href":"https:\/\/www.mojevrijeme.hr\/magazin\/wp-json\/wp\/v2\/posts"}],"about":[{"href":"https:\/\/www.mojevrijeme.hr\/magazin\/wp-json\/wp\/v2\/types\/post"}],"author":[{"embeddable":true,"href":"https:\/\/www.mojevrijeme.hr\/magazin\/wp-json\/wp\/v2\/users\/1"}],"replies":[{"embeddable":true,"href":"https:\/\/www.mojevrijeme.hr\/magazin\/wp-json\/wp\/v2\/comments?post=19077"}],"version-history":[{"count":0,"href":"https:\/\/www.mojevrijeme.hr\/magazin\/wp-json\/wp\/v2\/posts\/19077\/revisions"}],"wp:featuredmedia":[{"embeddable":true,"href":"https:\/\/www.mojevrijeme.hr\/magazin\/wp-json\/wp\/v2\/media\/19078"}],"wp:attachment":[{"href":"https:\/\/www.mojevrijeme.hr\/magazin\/wp-json\/wp\/v2\/media?parent=19077"}],"wp:term":[{"taxonomy":"category","embeddable":true,"href":"https:\/\/www.mojevrijeme.hr\/magazin\/wp-json\/wp\/v2\/categories?post=19077"},{"taxonomy":"post_tag","embeddable":true,"href":"https:\/\/www.mojevrijeme.hr\/magazin\/wp-json\/wp\/v2\/tags?post=19077"}],"curies":[{"name":"wp","href":"https:\/\/api.w.org\/{rel}","templated":true}]}}