{"id":19259,"date":"2018-11-11T18:11:25","date_gmt":"2018-11-11T17:11:25","guid":{"rendered":"https:\/\/www.mojevrijeme.hr\/magazin\/?p=19259"},"modified":"2019-04-17T17:45:01","modified_gmt":"2019-04-17T15:45:01","slug":"macron-ocitao-bukvicu-europskim-nacionalistima-i-trumpu","status":"publish","type":"post","link":"https:\/\/www.mojevrijeme.hr\/magazin\/2018\/11\/macron-ocitao-bukvicu-europskim-nacionalistima-i-trumpu\/","title":{"rendered":"Macron o\u010ditao bukvicu europskim nacionalistima i Trumpu"},"content":{"rendered":"<p>&#8220;Domoljublje je upravo suprotno od nacionalizma. <strong>Nacionalizam je izdaja domoljublja.<\/strong>\u00a0U izreci &#8216;na\u0161i interesi prije svega, bez obzira \u0161to se dogodilo drugima&#8217; vi bri\u0161ete ono najvrjednije \u0161to neki narod mo\u017ee imati, \u0161to ga \u010dini \u017eivim, \u0161to ga \u010dini velikim i \u0161to je najva\u017enije: njegove moralne vrijednosti.\u00a0Drevni demoni ponovno se javljaju, spremni da dovr\u0161e zadatak sijanja kaosa i smrti. Nove ideologije manipuliraju nekim religijama i zagovaraju zarazno mra\u010dnja\u0161tvo.&#8221;<\/p>\n<p>&#8220;Povijest ponekad prijeti da nastavi svojim tragi\u010dnim putem i da kompromitira mir koji smo ba\u0161tinili i za koji smo vjerovali da smo ga definitivno zape\u010datili krvlju svojih predaka.\u00a0\u017divio mir me\u0111u narodima i dr\u017eavama, \u017eivjele slobodne nacije svijeta, \u017eivjelo prijateljstvo me\u0111u narodima, \u017eivjela Francuska.&#8221;<\/p>\n<p>Rije\u010di su to francuskog predsjednika <strong>Emmanuela Macrona<\/strong> u Parizu, a povodom obilje\u017eavanja stogodi\u0161njice zavr\u0161etka Prvog svjetskog rata poznatog i kao Veliki rat. Macron se tako osvrnuo na sebi\u010dnu i opasnu politiku pojedinih dr\u017eava \u010dlanica Europske unije, a govor je iz prvog reda pratila i hrvatska predsjednica <strong>Kolinda Grabar-Kitarovi\u0107<\/strong>.\u00a0 Pod ki\u0161nim nebom Pariza okupili su se i ameri\u010dki predsjednik <strong>Donald Trump<\/strong>, ruski predsjednik <strong>Vladimir Putin<\/strong>, njema\u010dka kancelarka <strong>Angela Merkel<\/strong>, izraelski premijer <strong>Benjamin Netanyahu<\/strong>, turski predsjednik <strong>Tayyip Erdogan<\/strong>, kanadski premijer <strong>Justin Trudeau<\/strong>, \u010delnici UN-a, Europske unije i NATO-a. Nazo\u010dan je bio i srbijanski predsjednik <strong>Aleksandar Vu\u010di\u0107<\/strong>.<\/p><div id=\"mojev-472589194\" class=\"mojev-u-tekstu mojev-entity-placement\" style=\"margin-left: auto;margin-right: auto;text-align: center;\"><div class=\"mojev-adlabel\">oglas<\/div><div style=\"height: 250px;\"><script async src=\"https:\/\/pagead2.googlesyndication.com\/pagead\/js\/adsbygoogle.js?client=ca-pub-8106111766207173\"\r\n     crossorigin=\"anonymous\"><\/script>\r\n<!-- Prikazni 1 u tekstu -->\r\n<ins class=\"adsbygoogle\"\r\n     style=\"display:block\"\r\n     data-ad-client=\"ca-pub-8106111766207173\"\r\n     data-ad-slot=\"8535551207\"\r\n     data-ad-format=\"auto\"\r\n     data-full-width-responsive=\"true\"><\/ins>\r\n<script>\r\n     (adsbygoogle = window.adsbygoogle || []).push({});\r\n<\/script><\/div><\/div><br style=\"clear: both; display: block; float: none;\"\/>\n<p><iframe loading=\"lazy\" style=\"border: none; overflow: hidden;\" src=\"https:\/\/www.facebook.com\/plugins\/post.php?href=https%3A%2F%2Fwww.facebook.com%2FKolindaGrabarKitarovic%2Fphotos%2Fa.766835806716714%2F1931610020239281%2F%3Ftype%3D3&amp;width=648&amp;show_text=true&amp;appId=702830876459350&amp;height=432\" width=\"648\" height=\"432\" frameborder=\"0\" scrolling=\"no\"><\/iframe><\/p>\n<p>Predsjednica ovoga puta nije uspjela zauzeti poziciju pokraj Trumpa od kojeg je bila udaljena \u010dak 11 mjesta. Srda\u010dno se pozdravila s francuskom predsjednikom koji je zaklju\u010dio da ih i ovoga puta, ba\u0161 poput njihovog ruskog nogometnog susreta, prati ki\u0161a. Prijenos velikog govora ostat \u0107e upam\u0107en i po potezu srbijanske javne televizije. Monta\u017eeri RTS-a ubacili su nepomi\u010dni, smrznuti kadar Aleksandra Vu\u010di\u0107a, kako bi izgledalo da su kamere zaljubljene u srbijanskog predsjednika.<\/p>\n<div id=\"attachment_16815\" style=\"width: 750px\" class=\"wp-caption aligncenter\"><img loading=\"lazy\" decoding=\"async\" aria-describedby=\"caption-attachment-16815\" class=\"wp-image-16815 size-full\" src=\"https:\/\/www.mojevrijeme.hr\/magazin\/wp-content\/uploads\/2018\/07\/kolinda-ljubi-pehar.jpg\" alt=\"\" width=\"740\" height=\"410\" srcset=\"https:\/\/www.mojevrijeme.hr\/magazin\/wp-content\/uploads\/2018\/07\/kolinda-ljubi-pehar.jpg 740w, https:\/\/www.mojevrijeme.hr\/magazin\/wp-content\/uploads\/2018\/07\/kolinda-ljubi-pehar-636x352.jpg 636w\" sizes=\"auto, (max-width: 740px) 100vw, 740px\" \/><p id=\"caption-attachment-16815\" class=\"wp-caption-text\">Emmanuel Macron i Kolinda Grabar-Kitarovi\u0107, Svjetsko nogometno prvenstvo 2018.<\/p><\/div>\n<div id=\"sivo\"><\/p>\n<h3>Veliki rat<\/h3>\n<p>Prvi svjetski rat nije bio slu\u010dajnost jer ratovi to nikad nisu. U to vrijeme, na po\u010detku 20. stolje\u0107a, ja\u010daju nacionalni pokreti u Europi prijete\u0107i da razore dotad postoje\u0107e velike dr\u017eave i carstva. Mali narodi bore se za svoju neovisnost, a stare velike dr\u017eave polagano odumiru.<\/p>\n<p>Na \u010delu jedne od najve\u0107ih, Austro-Ugarske, car je <strong>Franz Josef<\/strong>. Strogi i ozbiljni vladar svjestan je da bi svaka iskra mogla stvoriti plamen koji \u0107e biti te\u0161ko ugasiti, stoga podnosi i najve\u0107u osobnu \u017ertvu pa nakon vjerojatnog ubojstva svojeg sina i prestolonasljednika <strong>Rudolfa<\/strong> on prihva\u0107a tezu da se zapravo radilo o samoubojstvu. Rije\u010d je o \u010duvenoj aferi Mayerling kad je mladi princ prona\u0111en mrtav zajedno sa svojom ljubavnicom <strong>Marijom Ve\u010derom<\/strong>.<\/p>\n<p>No kad je u Sarajevu izvr\u0161en atentat i na carevog ne\u0107aka, prestolonasljednika <strong>Franza Ferdinanda<\/strong> kojeg je ubio jugoslavenski nacionalist <strong>Gavrilo Princip<\/strong>, i sam car shva\u0107a da je rat neizbje\u017ean.\u00a0Vijest o smrti Franza Ferdinanda zati\u010de Franza Josefa u njegovom omiljenom uto\u010di\u0161tu od svijeta i politike, ljetnikovcu u austrijskom mjestu Bas Ischl gdje je i potpisao naredbu kojom po\u010dinje prvi svjetski rat.<\/div>\n<div id=\"attachment_19262\" style=\"width: 565px\" class=\"wp-caption aligncenter\"><img loading=\"lazy\" decoding=\"async\" aria-describedby=\"caption-attachment-19262\" class=\"wp-image-19262 size-large\" src=\"https:\/\/www.mojevrijeme.hr\/magazin\/wp-content\/uploads\/2018\/11\/bad-ischl-555x740.jpg\" alt=\"\" width=\"555\" height=\"740\" srcset=\"https:\/\/www.mojevrijeme.hr\/magazin\/wp-content\/uploads\/2018\/11\/bad-ischl-555x740.jpg 555w, https:\/\/www.mojevrijeme.hr\/magazin\/wp-content\/uploads\/2018\/11\/bad-ischl-477x636.jpg 477w, https:\/\/www.mojevrijeme.hr\/magazin\/wp-content\/uploads\/2018\/11\/bad-ischl.jpg 740w\" sizes=\"auto, (max-width: 555px) 100vw, 555px\" \/><p id=\"caption-attachment-19262\" class=\"wp-caption-text\">Bad Ischl (foto: Silvija Novak)<\/p><\/div>\n<div id=\"sivo\"><\/p>\n<p>Nakon \u0161to je potpisao dokument o napadu na kraljevinu Srbiju kojim \u0107e po\u010deti pakao, car je rekao: &#8220;Ja sam napravio najbolje \u0161to sam mogao, ali sada je sve gotovo.&#8221; Njema\u010dki car <strong>Vilim II<\/strong> potpisuje s rije\u010dima &#8220;Vi \u0107ete po\u017ealiti ovo, gospodo&#8221;.\u00a0Ruski car <strong>Nikola II<\/strong> je nakon potpisivanja nare\u0111enja o mobilizaciji rekao: &#8220;Rat \u0107e biti katastrofalan za svijet i jednom kada po\u010dne, bit \u0107e ga te\u0161ko zaustaviti&#8221;.\u00a0Franz Josef nakon toga odlazi natrag u Be\u010d, a u svoj se ljetnikovac vi\u0161e nikada nije vratio. Kraj Velikog rata car nije do\u017eivio jer je umro 1916. godine.<\/p>\n<p>Ono \u0161to je trebalo biti tek kratka akcija gotova do Bo\u017ei\u0107a u koju su ljudi odlazili sa smije\u0161kom, pretvorilo se u jedan od najkrvavijih sukoba u ljudskoj povijesti. Nakon austrijske objave rata Srbiji, kompliciran sustav savezni\u0161tava dr\u017eava i naroda Europe pokre\u0107e lan\u010danu reakciju koju vi\u0161e nije bilo mogu\u0107e zaustaviti.<\/p>\n<p>Svijet se svrstao u dva tabora: sile Antante &#8211; savez koji su stvorile Rusija, Francuska i Velika Britanija i Centralne sile \u2013 Njema\u010dka i Austro-Ugarska. Zapo\u010dele su krvave borbe koje su trajale sve do kraja 1918. i u kojima je poginulo oko 17 milijuna ljudi.<\/p>\n<p>SAD je u po\u010detku rata bio neutralan, ali je sura\u0111ivao s Francuskom, Italijom i Velikom Britanijom. Njema\u010dki totalni rat na moru, gdje su uni\u0161tavani ameri\u010dki brodovi, promijenio je stav SAD-a pa je 6. travnja 1917. SAD je stupio u rat na strani Antante. Njema\u010dka je kapitulirala 11. studenog 1918. a kapitulacija je potpisana u \u017eeljezni\u010dkom vagonu u \u0161umi Compiegne \u2013 istom onom u kojem su se ove godine sastali francuski predsjednik Emmanuel Macron i njema\u010dka kancelarka <strong>Angela Merkel<\/strong> i poru\u010dili mladima da se &#8220;ovako ne\u0161to vi\u0161e nikada ne smije dogoditi&#8221;.<\/div>\n<div id=\"attachment_19276\" style=\"width: 646px\" class=\"wp-caption aligncenter\"><img loading=\"lazy\" decoding=\"async\" aria-describedby=\"caption-attachment-19276\" class=\"wp-image-19276 size-medium\" src=\"https:\/\/www.mojevrijeme.hr\/magazin\/wp-content\/uploads\/2018\/11\/prvi-svjetskirat-636x352.jpg\" alt=\"\" width=\"636\" height=\"352\" srcset=\"https:\/\/www.mojevrijeme.hr\/magazin\/wp-content\/uploads\/2018\/11\/prvi-svjetskirat-636x352.jpg 636w, https:\/\/www.mojevrijeme.hr\/magazin\/wp-content\/uploads\/2018\/11\/prvi-svjetskirat.jpg 740w\" sizes=\"auto, (max-width: 636px) 100vw, 636px\" \/><p id=\"caption-attachment-19276\" class=\"wp-caption-text\">foto: Pixabay<\/p><\/div>\n<p>&nbsp;<\/p>\n<p>&nbsp;<\/p>\n<div id=\"mojev-4051505373\" class=\"mojev-kraj-teksta mojev-entity-placement\" style=\"margin-bottom: 20px;margin-left: auto;margin-right: auto;text-align: center;\"><div class=\"mojev-adlabel\">oglas<\/div><div style=\"height: 250px;\"><script async src=\"https:\/\/pagead2.googlesyndication.com\/pagead\/js\/adsbygoogle.js?client=ca-pub-8106111766207173\"\r\n     crossorigin=\"anonymous\"><\/script>\r\n<!-- Display-1 -->\r\n<ins class=\"adsbygoogle\"\r\n     style=\"display:block\"\r\n     data-ad-client=\"ca-pub-8106111766207173\"\r\n     data-ad-slot=\"1465712950\"\r\n     data-ad-format=\"auto\"\r\n     data-full-width-responsive=\"true\"><\/ins>\r\n<script>\r\n     (adsbygoogle = window.adsbygoogle || []).push({});\r\n<\/script><\/div><\/div>","protected":false},"excerpt":{"rendered":"<p>&#8216;Drevni demoni ponovno se javljaju, spremni da obave svoj posao sijanja kaosa i smrti. Povijest ponekad prijeti da nastavi svojim tragi\u010dnim putem i da kompromitira mir koji smo ba\u0161tinili i za koji smo vjerovali da smo ga definitivno zape\u010datili krvlju svojih predaka&#8217;, kazao je francuski predsjednik Macron povodom obilje\u017eavanja 100. obljetnice kraja Prvog svjetskog rata. <\/p>\n","protected":false},"author":4,"featured_media":19264,"comment_status":"closed","ping_status":"closed","sticky":false,"template":"","format":"standard","meta":{"footnotes":""},"categories":[9],"tags":[359,1438,1437,1281,1439],"class_list":["post-19259","post","type-post","status-publish","format-standard","has-post-thumbnail","hentry","category-vijesti","tag-kolinda","tag-macron","tag-merkel","tag-nacionalizam","tag-prvi-svjetski-rat"],"_links":{"self":[{"href":"https:\/\/www.mojevrijeme.hr\/magazin\/wp-json\/wp\/v2\/posts\/19259","targetHints":{"allow":["GET"]}}],"collection":[{"href":"https:\/\/www.mojevrijeme.hr\/magazin\/wp-json\/wp\/v2\/posts"}],"about":[{"href":"https:\/\/www.mojevrijeme.hr\/magazin\/wp-json\/wp\/v2\/types\/post"}],"author":[{"embeddable":true,"href":"https:\/\/www.mojevrijeme.hr\/magazin\/wp-json\/wp\/v2\/users\/4"}],"replies":[{"embeddable":true,"href":"https:\/\/www.mojevrijeme.hr\/magazin\/wp-json\/wp\/v2\/comments?post=19259"}],"version-history":[{"count":0,"href":"https:\/\/www.mojevrijeme.hr\/magazin\/wp-json\/wp\/v2\/posts\/19259\/revisions"}],"wp:featuredmedia":[{"embeddable":true,"href":"https:\/\/www.mojevrijeme.hr\/magazin\/wp-json\/wp\/v2\/media\/19264"}],"wp:attachment":[{"href":"https:\/\/www.mojevrijeme.hr\/magazin\/wp-json\/wp\/v2\/media?parent=19259"}],"wp:term":[{"taxonomy":"category","embeddable":true,"href":"https:\/\/www.mojevrijeme.hr\/magazin\/wp-json\/wp\/v2\/categories?post=19259"},{"taxonomy":"post_tag","embeddable":true,"href":"https:\/\/www.mojevrijeme.hr\/magazin\/wp-json\/wp\/v2\/tags?post=19259"}],"curies":[{"name":"wp","href":"https:\/\/api.w.org\/{rel}","templated":true}]}}