{"id":19331,"date":"2018-11-14T16:24:50","date_gmt":"2018-11-14T15:24:50","guid":{"rendered":"https:\/\/www.mojevrijeme.hr\/magazin\/?p=19331"},"modified":"2018-11-14T16:27:34","modified_gmt":"2018-11-14T15:27:34","slug":"hnk-jednog-orasara-daruje-socijalno-ugrozenima","status":"publish","type":"post","link":"https:\/\/www.mojevrijeme.hr\/magazin\/2018\/11\/hnk-jednog-orasara-daruje-socijalno-ugrozenima\/","title":{"rendered":"Zagreba\u010dki HNK jednog Ora\u0161ara daruje socijalno ugro\u017eenima"},"content":{"rendered":"<p class=\"story-lead\">Jednu od izvedbi predstave &#8220;Ora\u0161ar&#8221; Hrvatsko narodno kazali\u0161te 13. prosinca poklonit \u0107e socijalno najugro\u017eenijim gra\u0111anima Zagreba i tako im uljep\u0161ati predbo\u017ei\u0107no vrijeme, najavljeno je na konferenciji za medije.<\/p>\n<p>Kako prenosi Hina, intendantica HNK u Zagrebu <strong>Dubravka Vrgo\u010d<\/strong> najavila je predstavu i kazala kako im je akcija Crvenog kri\u017ea, u kojoj je sudjelovao i HNK, bila inspiracija. Izraziv\u0161i zadovoljstvo \u0161to je osigurano 600 karata za osobe slabijega imovinskog staatusa, pro\u010delnica Gradskog ureda za socijalnu za\u0161titu i osobe s invaliditetom <strong>Romana Gali\u0107<\/strong> rekla je da se nada da \u0107e karte razveseliti njihove korisnike.<\/p>\n<p>&#8220;Kod dodjele karata posebnog kriterija nema. Nama su poznate obitelji lo\u0161ijeg imovinskog stanja, umirovljenici s niskim primanjima koji su ve\u0107 godinama u sustavu. Njima \u0107emo prvo ponuditi karte&#8221;, istaknula je Gali\u0107.\u00a0Dodala je da njezin ured sura\u0111uje i s udrugama koje se brinu o umirovljenicima, socijano ugro\u017eenima, obiteljima s mnogo djece i dr., te \u0107e dio karata udruge podijeliti svojim korisnicima.<\/p><div id=\"mojev-2053986772\" class=\"mojev-u-tekstu mojev-entity-placement\" style=\"margin-left: auto;margin-right: auto;text-align: center;\"><div class=\"mojev-adlabel\">oglas<\/div><div style=\"height: 250px;\"><script async src=\"https:\/\/pagead2.googlesyndication.com\/pagead\/js\/adsbygoogle.js?client=ca-pub-8106111766207173\"\r\n     crossorigin=\"anonymous\"><\/script>\r\n<!-- Prikazni 1 u tekstu -->\r\n<ins class=\"adsbygoogle\"\r\n     style=\"display:block\"\r\n     data-ad-client=\"ca-pub-8106111766207173\"\r\n     data-ad-slot=\"8535551207\"\r\n     data-ad-format=\"auto\"\r\n     data-full-width-responsive=\"true\"><\/ins>\r\n<script>\r\n     (adsbygoogle = window.adsbygoogle || []).push({});\r\n<\/script><\/div><\/div><br style=\"clear: both; display: block; float: none;\"\/>\n<p>Zagreba\u010dki gradona\u010delnik <strong>Milan Bandi\u0107<\/strong> se zahvalio organizatorima na &#8220;tom vrhunskom poklonu &#8211; bo\u017ei\u0107noj baletnoj \u010daroliji&#8221;, koju su poklonili gra\u0111anima. Bandi\u0107 je tako\u0111er obe\u0107ao da \u0107e HNK, do Dana Grada Zagreba, dobiti zavr\u0161en prilaz za osobe s invaliditetom. &#8220;Od danas \u0107e se po\u010deti projektirati prilaz za invalide. Znam da se u HNK ne mo\u017ee ugraditi dizalo, ali \u0107emo na\u0107i opciju i na\u010din da osobe s invalidetom mogu do\u0107i i do najvi\u0161eg kata. Projekt \u0107e biti zavr\u0161en do Dana Grada Zagreba&#8221;, poru\u010dio je Bandi\u0107.<\/p>\n<div id=\"mojev-768877379\" class=\"mojev-kraj-teksta mojev-entity-placement\" style=\"margin-bottom: 20px;margin-left: auto;margin-right: auto;text-align: center;\"><div class=\"mojev-adlabel\">oglas<\/div><div style=\"height: 250px;\"><script async src=\"https:\/\/pagead2.googlesyndication.com\/pagead\/js\/adsbygoogle.js?client=ca-pub-8106111766207173\"\r\n     crossorigin=\"anonymous\"><\/script>\r\n<!-- Display-1 -->\r\n<ins class=\"adsbygoogle\"\r\n     style=\"display:block\"\r\n     data-ad-client=\"ca-pub-8106111766207173\"\r\n     data-ad-slot=\"1465712950\"\r\n     data-ad-format=\"auto\"\r\n     data-full-width-responsive=\"true\"><\/ins>\r\n<script>\r\n     (adsbygoogle = window.adsbygoogle || []).push({});\r\n<\/script><\/div><\/div>","protected":false},"excerpt":{"rendered":"<p>Kod dodjele karata posebnog kriterija nema. Nama su poznate obitelji lo\u0161ijeg imovinskog stanja, umirovljenici s niskim primanjima koji su ve\u0107 godinama u sustavu. Njima \u0107emo prvo ponuditi karte, istaknula je Gali\u0107.<\/p>\n","protected":false},"author":1,"featured_media":19332,"comment_status":"closed","ping_status":"closed","sticky":false,"template":"","format":"standard","meta":{"footnotes":""},"categories":[9],"tags":[382,1440,37,39],"class_list":["post-19331","post","type-post","status-publish","format-standard","has-post-thumbnail","hentry","category-vijesti","tag-balet","tag-hnk","tag-milan-bandic","tag-zagreb"],"_links":{"self":[{"href":"https:\/\/www.mojevrijeme.hr\/magazin\/wp-json\/wp\/v2\/posts\/19331","targetHints":{"allow":["GET"]}}],"collection":[{"href":"https:\/\/www.mojevrijeme.hr\/magazin\/wp-json\/wp\/v2\/posts"}],"about":[{"href":"https:\/\/www.mojevrijeme.hr\/magazin\/wp-json\/wp\/v2\/types\/post"}],"author":[{"embeddable":true,"href":"https:\/\/www.mojevrijeme.hr\/magazin\/wp-json\/wp\/v2\/users\/1"}],"replies":[{"embeddable":true,"href":"https:\/\/www.mojevrijeme.hr\/magazin\/wp-json\/wp\/v2\/comments?post=19331"}],"version-history":[{"count":0,"href":"https:\/\/www.mojevrijeme.hr\/magazin\/wp-json\/wp\/v2\/posts\/19331\/revisions"}],"wp:featuredmedia":[{"embeddable":true,"href":"https:\/\/www.mojevrijeme.hr\/magazin\/wp-json\/wp\/v2\/media\/19332"}],"wp:attachment":[{"href":"https:\/\/www.mojevrijeme.hr\/magazin\/wp-json\/wp\/v2\/media?parent=19331"}],"wp:term":[{"taxonomy":"category","embeddable":true,"href":"https:\/\/www.mojevrijeme.hr\/magazin\/wp-json\/wp\/v2\/categories?post=19331"},{"taxonomy":"post_tag","embeddable":true,"href":"https:\/\/www.mojevrijeme.hr\/magazin\/wp-json\/wp\/v2\/tags?post=19331"}],"curies":[{"name":"wp","href":"https:\/\/api.w.org\/{rel}","templated":true}]}}