{"id":19592,"date":"2018-11-27T08:29:53","date_gmt":"2018-11-27T07:29:53","guid":{"rendered":"https:\/\/www.mojevrijeme.hr\/magazin\/?p=19592"},"modified":"2018-11-27T09:20:40","modified_gmt":"2018-11-27T08:20:40","slug":"bozic-dolazi-pogledajte-kako-je-melanija-uredila-bijelu-kucu","status":"publish","type":"post","link":"https:\/\/www.mojevrijeme.hr\/magazin\/2018\/11\/bozic-dolazi-pogledajte-kako-je-melanija-uredila-bijelu-kucu\/","title":{"rendered":"Bo\u017ei\u0107 dolazi: Pogledajte kako je Melanija uredila Bijelu ku\u0107u"},"content":{"rendered":"<p>Amerikanci s nestrpljenjem svake godine i\u0161\u010dekuju kako \u0107e prva dama urediti Bijelu ku\u0107u, slu\u017ebenu rezidenciju i radno mjesto predsjednika najmo\u0107nije dr\u017eave svijeta. Kakvu je \u010daroliju ove godine napravila <strong>Melanija<\/strong>, objavljeno je u kratkom videu na slu\u017ebenom Youtube kanalu.<\/p>\n<p>Pro\u0161logodi\u0161nji \u201ebijeli vrbik&#8221; ove je godine zamijenjen dvoredom crvenih jelki, koje su ve\u0107 prvog dana izazavale brojne kritike i poredbe sa scenografijom horor filmova. \u201eZa\u0161to bo\u017ei\u0107na dekoracija Bijele ku\u0107e izgleda kao da \u0107e se Voldemort upravo vratiti?&#8221; jedan je od pro\u0161logodi\u0161njih komentara, dok su ove, \u010dini se, popularne \u201ezezalice\u201c koje crvenim jelkama dodaju bijele u\u0161krobljene kape kako bi li\u010dile na slu\u0161kinje iz planetarno popularne distopije Margaret Atwood o obespravljenim \u017eenama novog svijeta.<\/p>\n<div id=\"attachment_19595\" style=\"width: 750px\" class=\"wp-caption aligncenter\"><img loading=\"lazy\" decoding=\"async\" aria-describedby=\"caption-attachment-19595\" class=\"wp-image-19595 size-full\" src=\"https:\/\/www.mojevrijeme.hr\/magazin\/wp-content\/uploads\/2018\/11\/melanija-bozic3.jpg\" alt=\"\" width=\"740\" height=\"410\" srcset=\"https:\/\/www.mojevrijeme.hr\/magazin\/wp-content\/uploads\/2018\/11\/melanija-bozic3.jpg 740w, https:\/\/www.mojevrijeme.hr\/magazin\/wp-content\/uploads\/2018\/11\/melanija-bozic3-636x352.jpg 636w\" sizes=\"auto, (max-width: 740px) 100vw, 740px\" \/><p id=\"caption-attachment-19595\" class=\"wp-caption-text\">Bo\u017ei\u0107 u Bijeloj ku\u0107i 2018. (screenshot: The White House)<\/p><\/div>\n<p>Kroz Bijelu ku\u0107u tijekom prosinca pro\u0111e vi\u0161e od 100 tura otvorenih za javnost. Procjenjuje se da predsjedni\u010dku rezidenciju u ovoj prigodi razgleda vi\u0161e od 25.000 gra\u0111ana.<\/p><div id=\"mojev-2014366287\" class=\"mojev-u-tekstu mojev-entity-placement\" style=\"margin-left: auto;margin-right: auto;text-align: center;\"><div class=\"mojev-adlabel\">oglas<\/div><div style=\"height: 250px;\"><script async src=\"https:\/\/pagead2.googlesyndication.com\/pagead\/js\/adsbygoogle.js?client=ca-pub-8106111766207173\"\r\n     crossorigin=\"anonymous\"><\/script>\r\n<!-- Prikazni 1 u tekstu -->\r\n<ins class=\"adsbygoogle\"\r\n     style=\"display:block\"\r\n     data-ad-client=\"ca-pub-8106111766207173\"\r\n     data-ad-slot=\"8535551207\"\r\n     data-ad-format=\"auto\"\r\n     data-full-width-responsive=\"true\"><\/ins>\r\n<script>\r\n     (adsbygoogle = window.adsbygoogle || []).push({});\r\n<\/script><\/div><\/div><br style=\"clear: both; display: block; float: none;\"\/>\n<div id=\"attachment_19594\" style=\"width: 750px\" class=\"wp-caption aligncenter\"><img loading=\"lazy\" decoding=\"async\" aria-describedby=\"caption-attachment-19594\" class=\"wp-image-19594 size-full\" src=\"https:\/\/www.mojevrijeme.hr\/magazin\/wp-content\/uploads\/2018\/11\/melanija-bozic2.jpg\" alt=\"\" width=\"740\" height=\"410\" srcset=\"https:\/\/www.mojevrijeme.hr\/magazin\/wp-content\/uploads\/2018\/11\/melanija-bozic2.jpg 740w, https:\/\/www.mojevrijeme.hr\/magazin\/wp-content\/uploads\/2018\/11\/melanija-bozic2-636x352.jpg 636w\" sizes=\"auto, (max-width: 740px) 100vw, 740px\" \/><p id=\"caption-attachment-19594\" class=\"wp-caption-text\">Bo\u017ei\u0107 u Bijeloj ku\u0107i 2018. (screenshot: The White House)<\/p><\/div>\n<p>&nbsp;<\/p>\n<div id=\"attachment_19607\" style=\"width: 750px\" class=\"wp-caption aligncenter\"><img loading=\"lazy\" decoding=\"async\" aria-describedby=\"caption-attachment-19607\" class=\"size-full wp-image-19607\" src=\"https:\/\/www.mojevrijeme.hr\/magazin\/wp-content\/uploads\/2018\/11\/melanija-bozic7.jpg\" alt=\"\" width=\"740\" height=\"410\" srcset=\"https:\/\/www.mojevrijeme.hr\/magazin\/wp-content\/uploads\/2018\/11\/melanija-bozic7.jpg 740w, https:\/\/www.mojevrijeme.hr\/magazin\/wp-content\/uploads\/2018\/11\/melanija-bozic7-636x352.jpg 636w\" sizes=\"auto, (max-width: 740px) 100vw, 740px\" \/><p id=\"caption-attachment-19607\" class=\"wp-caption-text\">Bo\u017ei\u0107 u Bijeloj ku\u0107i 2018. (screenshot: The White House)<\/p><\/div>\n<p>&nbsp;<\/p>\n<div id=\"attachment_19606\" style=\"width: 750px\" class=\"wp-caption aligncenter\"><img loading=\"lazy\" decoding=\"async\" aria-describedby=\"caption-attachment-19606\" class=\"size-full wp-image-19606\" src=\"https:\/\/www.mojevrijeme.hr\/magazin\/wp-content\/uploads\/2018\/11\/melanija-bozic6.jpg\" alt=\"\" width=\"740\" height=\"410\" srcset=\"https:\/\/www.mojevrijeme.hr\/magazin\/wp-content\/uploads\/2018\/11\/melanija-bozic6.jpg 740w, https:\/\/www.mojevrijeme.hr\/magazin\/wp-content\/uploads\/2018\/11\/melanija-bozic6-636x352.jpg 636w\" sizes=\"auto, (max-width: 740px) 100vw, 740px\" \/><p id=\"caption-attachment-19606\" class=\"wp-caption-text\">Bo\u017ei\u0107 u Bijeloj ku\u0107i 2018. (screenshot: The White House)<\/p><\/div>\n<p>&nbsp;<\/p>\n<div id=\"attachment_19593\" style=\"width: 750px\" class=\"wp-caption aligncenter\"><img loading=\"lazy\" decoding=\"async\" aria-describedby=\"caption-attachment-19593\" class=\"wp-image-19593 size-full\" src=\"https:\/\/www.mojevrijeme.hr\/magazin\/wp-content\/uploads\/2018\/11\/melanija-bozic1.jpg\" alt=\"\" width=\"740\" height=\"410\" srcset=\"https:\/\/www.mojevrijeme.hr\/magazin\/wp-content\/uploads\/2018\/11\/melanija-bozic1.jpg 740w, https:\/\/www.mojevrijeme.hr\/magazin\/wp-content\/uploads\/2018\/11\/melanija-bozic1-636x352.jpg 636w\" sizes=\"auto, (max-width: 740px) 100vw, 740px\" \/><p id=\"caption-attachment-19593\" class=\"wp-caption-text\">Bo\u017ei\u0107 u Bijeloj ku\u0107i 2018. (screenshot: The White House)<\/p><\/div>\n<p>&nbsp;<\/p>\n<div id=\"attachment_19598\" style=\"width: 750px\" class=\"wp-caption aligncenter\"><img loading=\"lazy\" decoding=\"async\" aria-describedby=\"caption-attachment-19598\" class=\"size-full wp-image-19598\" src=\"https:\/\/www.mojevrijeme.hr\/magazin\/wp-content\/uploads\/2018\/11\/melanija-bozic5.jpg\" alt=\"\" width=\"740\" height=\"410\" srcset=\"https:\/\/www.mojevrijeme.hr\/magazin\/wp-content\/uploads\/2018\/11\/melanija-bozic5.jpg 740w, https:\/\/www.mojevrijeme.hr\/magazin\/wp-content\/uploads\/2018\/11\/melanija-bozic5-636x352.jpg 636w\" sizes=\"auto, (max-width: 740px) 100vw, 740px\" \/><p id=\"caption-attachment-19598\" class=\"wp-caption-text\">Bo\u017ei\u0107 u Bijeloj ku\u0107i 2017. (screenshot: The White House)<\/p><\/div>\n<p>&nbsp;<\/p>\n<p><iframe loading=\"lazy\" src=\"https:\/\/www.youtube.com\/embed\/tM4T4dDOtng\" width=\"648\" height=\"380\" frameborder=\"0\" allowfullscreen=\"allowfullscreen\"><\/iframe><\/p>\n<div id=\"mojev-2728933843\" class=\"mojev-kraj-teksta mojev-entity-placement\" style=\"margin-bottom: 20px;margin-left: auto;margin-right: auto;text-align: center;\"><div class=\"mojev-adlabel\">oglas<\/div><div style=\"height: 250px;\"><script async src=\"https:\/\/pagead2.googlesyndication.com\/pagead\/js\/adsbygoogle.js?client=ca-pub-8106111766207173\"\r\n     crossorigin=\"anonymous\"><\/script>\r\n<!-- Display-1 -->\r\n<ins class=\"adsbygoogle\"\r\n     style=\"display:block\"\r\n     data-ad-client=\"ca-pub-8106111766207173\"\r\n     data-ad-slot=\"1465712950\"\r\n     data-ad-format=\"auto\"\r\n     data-full-width-responsive=\"true\"><\/ins>\r\n<script>\r\n     (adsbygoogle = window.adsbygoogle || []).push({});\r\n<\/script><\/div><\/div>","protected":false},"excerpt":{"rendered":"<p>Amerikanci s nestrpljenjem svake godine i\u0161\u010dekuju kako \u0107e prva dama urediti Bijelu ku\u0107u, slu\u017ebenu rezidenciju i radno mjesto predsjednika najmo\u0107nije dr\u017eave svijeta. Kakvu je \u010daroliju ove godine napravila Melanija, objavljeno je u kratkom videu na slu\u017ebenom Youtube kanalu.<\/p>\n","protected":false},"author":1,"featured_media":19596,"comment_status":"closed","ping_status":"closed","sticky":false,"template":"","format":"standard","meta":{"footnotes":""},"categories":[84],"tags":[385,908,1452],"class_list":["post-19592","post","type-post","status-publish","format-standard","has-post-thumbnail","hentry","category-show","tag-bozic","tag-donald-trump","tag-melanija-trump"],"_links":{"self":[{"href":"https:\/\/www.mojevrijeme.hr\/magazin\/wp-json\/wp\/v2\/posts\/19592","targetHints":{"allow":["GET"]}}],"collection":[{"href":"https:\/\/www.mojevrijeme.hr\/magazin\/wp-json\/wp\/v2\/posts"}],"about":[{"href":"https:\/\/www.mojevrijeme.hr\/magazin\/wp-json\/wp\/v2\/types\/post"}],"author":[{"embeddable":true,"href":"https:\/\/www.mojevrijeme.hr\/magazin\/wp-json\/wp\/v2\/users\/1"}],"replies":[{"embeddable":true,"href":"https:\/\/www.mojevrijeme.hr\/magazin\/wp-json\/wp\/v2\/comments?post=19592"}],"version-history":[{"count":0,"href":"https:\/\/www.mojevrijeme.hr\/magazin\/wp-json\/wp\/v2\/posts\/19592\/revisions"}],"wp:featuredmedia":[{"embeddable":true,"href":"https:\/\/www.mojevrijeme.hr\/magazin\/wp-json\/wp\/v2\/media\/19596"}],"wp:attachment":[{"href":"https:\/\/www.mojevrijeme.hr\/magazin\/wp-json\/wp\/v2\/media?parent=19592"}],"wp:term":[{"taxonomy":"category","embeddable":true,"href":"https:\/\/www.mojevrijeme.hr\/magazin\/wp-json\/wp\/v2\/categories?post=19592"},{"taxonomy":"post_tag","embeddable":true,"href":"https:\/\/www.mojevrijeme.hr\/magazin\/wp-json\/wp\/v2\/tags?post=19592"}],"curies":[{"name":"wp","href":"https:\/\/api.w.org\/{rel}","templated":true}]}}