{"id":19718,"date":"2018-11-30T18:18:17","date_gmt":"2018-11-30T17:18:17","guid":{"rendered":"https:\/\/www.mojevrijeme.hr\/magazin\/?p=19718"},"modified":"2018-11-30T22:04:32","modified_gmt":"2018-11-30T21:04:32","slug":"i-ove-godine-besplatni-javni-prijevoz-tijekom-adventa-u-zagrebu","status":"publish","type":"post","link":"https:\/\/www.mojevrijeme.hr\/magazin\/2018\/11\/i-ove-godine-besplatni-javni-prijevoz-tijekom-adventa-u-zagrebu\/","title":{"rendered":"I ove godine vikendom besplatni javni prijevoz tijekom Adventa u Zagrebu"},"content":{"rendered":"<p>Advent u Zagrebu bit \u0107e jo\u0161 bolji od posljednjih tri koji su progla\u0161eni kao najbolji, najavljeno je iz Grada. Kao i pro\u0161lih godina, redovni javni gradski prijevoz bit \u0107e <strong>besplatan vikendima<\/strong>.<\/p>\n<p>Kako bi gra\u0111ani mogli adventski <strong><a href=\"https:\/\/www.mojevrijeme.hr\/magazin\/2018\/11\/predsjednica-vas-poziva-da-je-posjetite-za-advent-otvara-vrata-vile-prekrizje\/\" target=\"_blank\" rel=\"noopener\">razgledati Vilu Prekri\u017eje<\/a><\/strong>, ZET \u0107e uspostaviti izvanrednu autobusnu liniju koja \u0107e prometovati trasom Kaptol \u2013 Cmrok &#8211; Gornje Prekri\u017eje, petkom i subotom od 15.25 do 20.40 sati s polascima svakih 20 minuta, bez usputnih zaustavljanja. Zbog uspostave izvanredne linije, od 1. do 22. prosinca bit \u0107e izmijenjen vozni red autobusne linije 101 (Britanski trg \u2013 Gornje Prekri\u017eje).<\/p>\n<p>Ove godine ZET ima i novu ponudu \u2013 <strong>vo\u017enje novim elektro vozilima<\/strong> u gradskom sredi\u0161tu.\u00a0Vozila \u0107e iz Kurel\u010deve ulice voziti kru\u017enom trasom koja obuhva\u0107a najljep\u0161e dijelove sredi\u0161ta Zagreba, Lenucijevu potkovu, odnosno relaciju preko Zrinjevca pa sve do Glavnog kolodvora. Cijena vo\u017enje iznosi <strong>20 kun<\/strong>a.<\/p><div id=\"mojev-2254338836\" class=\"mojev-u-tekstu mojev-entity-placement\" style=\"margin-left: auto;margin-right: auto;text-align: center;\"><div class=\"mojev-adlabel\">oglas<\/div><div style=\"height: 250px;\"><script async src=\"https:\/\/pagead2.googlesyndication.com\/pagead\/js\/adsbygoogle.js?client=ca-pub-8106111766207173\"\r\n     crossorigin=\"anonymous\"><\/script>\r\n<!-- Prikazni 1 u tekstu -->\r\n<ins class=\"adsbygoogle\"\r\n     style=\"display:block\"\r\n     data-ad-client=\"ca-pub-8106111766207173\"\r\n     data-ad-slot=\"8535551207\"\r\n     data-ad-format=\"auto\"\r\n     data-full-width-responsive=\"true\"><\/ins>\r\n<script>\r\n     (adsbygoogle = window.adsbygoogle || []).push({});\r\n<\/script><\/div><\/div><br style=\"clear: both; display: block; float: none;\"\/>\n<p>U promet \u0107e se uklju\u010diti i\u00a0<strong>Veseli bo\u017ei\u0107ni tramvaj<\/strong> koji \u0107e polaziti s ugla Pra\u0161ke i Trga bana Josipa Jela\u010di\u0107a i voziti u\u017eim gradskim sredi\u0161tem. Jedinstvena je to priredba koja uklju\u010duje vo\u017enju turisti\u010dkim tramvajem iz 1924. godine u trajanju od pola sata, uz prigodan program i igrokaz Djeda Bo\u017ei\u0107njaka i vilenjaka, a osigurana je i podjela poklona na\u0161im najmla\u0111im sugra\u0111anima i posjetiteljima. Cijena karte iznosi <strong>25 kuna<\/strong>.<\/p>\n<p>Manifestacija Advent u Zagrebu \u0107e po\u010deti tradicionalnim\u00a0paljenjem\u00a0prve adventske svije\u0107e,\u00a0<strong>1. prosinca na Mandu\u0161evcu<\/strong>, paljenjem blagdanske rasvjete na Zrinjevcu,\u00a0 otvorenjem Ledenog parka te otvorenjem Adventa ispred HNK \u2013 \u201eKUL Advent\u201c.<\/p>\n<p>Kao nova lokacija predstavit\u00a0\u0107e se \u201cAdvent u Maksimiru\u201d, zabava za cijelu obitelj u suradnji sa Zoolo\u0161kim vrtom,\u201cAdvent Stara Tkal\u010da\u201d, gdje \u0107e biti prikazani tradicionalni\u00a0obrti\u00a0i duh\u00a0najstarijih zagreba\u010dkih naselja Gradeca i Kaptola te \u201cFilmski Advent\u201d u kinu Europa gdje \u0107e se prikazivati bo\u017ei\u0107ni filmovi za sve uzraste, a prigodno \u0107e biti ure\u0111en\u00a0i Prolaz sestara Bakovi\u0107 kao set za snimanje bo\u017ei\u0107nih filmova.<\/p>\n<div id=\"mojev-1385397971\" class=\"mojev-kraj-teksta mojev-entity-placement\" style=\"margin-bottom: 20px;margin-left: auto;margin-right: auto;text-align: center;\"><div class=\"mojev-adlabel\">oglas<\/div><div style=\"height: 250px;\"><script async src=\"https:\/\/pagead2.googlesyndication.com\/pagead\/js\/adsbygoogle.js?client=ca-pub-8106111766207173\"\r\n     crossorigin=\"anonymous\"><\/script>\r\n<!-- Display-1 -->\r\n<ins class=\"adsbygoogle\"\r\n     style=\"display:block\"\r\n     data-ad-client=\"ca-pub-8106111766207173\"\r\n     data-ad-slot=\"1465712950\"\r\n     data-ad-format=\"auto\"\r\n     data-full-width-responsive=\"true\"><\/ins>\r\n<script>\r\n     (adsbygoogle = window.adsbygoogle || []).push({});\r\n<\/script><\/div><\/div>","protected":false},"excerpt":{"rendered":"<p>dvent u Zagrebu bit \u0107e jo\u0161 bolji od posljednjih tri koji su progla\u0161eni kao najbolji, najavljeno je iz Grada. Kao i pro\u0161lih godina, redovni javni gradski prijevoz biti besplatan vikendima.<\/p>\n","protected":false},"author":1,"featured_media":11313,"comment_status":"closed","ping_status":"closed","sticky":false,"template":"","format":"standard","meta":{"footnotes":""},"categories":[9],"tags":[702,878,39,361],"class_list":["post-19718","post","type-post","status-publish","format-standard","has-post-thumbnail","hentry","category-vijesti","tag-advent","tag-javni-prijevoz","tag-zagreb","tag-zet"],"_links":{"self":[{"href":"https:\/\/www.mojevrijeme.hr\/magazin\/wp-json\/wp\/v2\/posts\/19718","targetHints":{"allow":["GET"]}}],"collection":[{"href":"https:\/\/www.mojevrijeme.hr\/magazin\/wp-json\/wp\/v2\/posts"}],"about":[{"href":"https:\/\/www.mojevrijeme.hr\/magazin\/wp-json\/wp\/v2\/types\/post"}],"author":[{"embeddable":true,"href":"https:\/\/www.mojevrijeme.hr\/magazin\/wp-json\/wp\/v2\/users\/1"}],"replies":[{"embeddable":true,"href":"https:\/\/www.mojevrijeme.hr\/magazin\/wp-json\/wp\/v2\/comments?post=19718"}],"version-history":[{"count":0,"href":"https:\/\/www.mojevrijeme.hr\/magazin\/wp-json\/wp\/v2\/posts\/19718\/revisions"}],"wp:featuredmedia":[{"embeddable":true,"href":"https:\/\/www.mojevrijeme.hr\/magazin\/wp-json\/wp\/v2\/media\/11313"}],"wp:attachment":[{"href":"https:\/\/www.mojevrijeme.hr\/magazin\/wp-json\/wp\/v2\/media?parent=19718"}],"wp:term":[{"taxonomy":"category","embeddable":true,"href":"https:\/\/www.mojevrijeme.hr\/magazin\/wp-json\/wp\/v2\/categories?post=19718"},{"taxonomy":"post_tag","embeddable":true,"href":"https:\/\/www.mojevrijeme.hr\/magazin\/wp-json\/wp\/v2\/tags?post=19718"}],"curies":[{"name":"wp","href":"https:\/\/api.w.org\/{rel}","templated":true}]}}