{"id":19873,"date":"2018-12-05T09:34:38","date_gmt":"2018-12-05T08:34:38","guid":{"rendered":"https:\/\/www.mojevrijeme.hr\/magazin\/?p=19873"},"modified":"2018-12-05T09:39:07","modified_gmt":"2018-12-05T08:39:07","slug":"milka-babovic-90-ispala-iz-plesa-sa-zvijezdama","status":"publish","type":"post","link":"https:\/\/www.mojevrijeme.hr\/magazin\/2018\/12\/milka-babovic-90-ispala-iz-plesa-sa-zvijezdama\/","title":{"rendered":"Legendarna Milka Babovi\u0107 (90) ispala iz Plesa sa zvijezdama"},"content":{"rendered":"<p>Prvi dan prolje\u0107a trebao bi biti i prvi dan emitiranja nove sezone licenciranog popularnog showa &#8220;Ples sa zvijezdama&#8221;, no na drugoj televiziji i s drugim ljudima.<\/p>\n<p>Dosada\u0161njih osam sezona prikazivalo se na HTV-u, a licencu je preuzela Nova TV pa je sasvim jasno da se pred kamerama ne\u0107e na\u0107i HTV-ova udarna lica <strong>Barabara Kolar<\/strong> i <strong>Du\u0161ko \u0106urli\u0107<\/strong>. Najizglednije je da \u0107e ih zamijeniti mu\u0161ki tandem Nove TV, Igor Me\u0161in i Rene Bitorajac.<\/p>\n<p>U \u017eiriju vi\u0161e ne\u0107e biti ni legendarne HTV-ove sportske novinarke <strong>Milke Babovi\u0107 (90)<\/strong> koja je sudila zajedno s Davorom Bilmanom, Dinkom Bogdani\u0107em i Eliom Ba\u0161anom. Naime, Nova TV joj nije ponudila suradnju. \u201eTo je normalno, ja sam svoje napravila i sad dolazi nova generacija koja \u0107e donijeti ne\u0161to novo\u201c, izjavila je za Slobodnu Dalmaciju.<\/p><div id=\"mojev-4123658765\" class=\"mojev-u-tekstu mojev-entity-placement\" style=\"margin-left: auto;margin-right: auto;text-align: center;\"><div class=\"mojev-adlabel\">oglas<\/div><div style=\"height: 250px;\"><script async src=\"https:\/\/pagead2.googlesyndication.com\/pagead\/js\/adsbygoogle.js?client=ca-pub-8106111766207173\"\r\n     crossorigin=\"anonymous\"><\/script>\r\n<!-- Prikazni 1 u tekstu -->\r\n<ins class=\"adsbygoogle\"\r\n     style=\"display:block\"\r\n     data-ad-client=\"ca-pub-8106111766207173\"\r\n     data-ad-slot=\"8535551207\"\r\n     data-ad-format=\"auto\"\r\n     data-full-width-responsive=\"true\"><\/ins>\r\n<script>\r\n     (adsbygoogle = window.adsbygoogle || []).push({});\r\n<\/script><\/div><\/div><br style=\"clear: both; display: block; float: none;\"\/>\n<div id=\"mojev-3788082928\" class=\"mojev-kraj-teksta mojev-entity-placement\" style=\"margin-bottom: 20px;margin-left: auto;margin-right: auto;text-align: center;\"><div class=\"mojev-adlabel\">oglas<\/div><div style=\"height: 250px;\"><script async src=\"https:\/\/pagead2.googlesyndication.com\/pagead\/js\/adsbygoogle.js?client=ca-pub-8106111766207173\"\r\n     crossorigin=\"anonymous\"><\/script>\r\n<!-- Display-1 -->\r\n<ins class=\"adsbygoogle\"\r\n     style=\"display:block\"\r\n     data-ad-client=\"ca-pub-8106111766207173\"\r\n     data-ad-slot=\"1465712950\"\r\n     data-ad-format=\"auto\"\r\n     data-full-width-responsive=\"true\"><\/ins>\r\n<script>\r\n     (adsbygoogle = window.adsbygoogle || []).push({});\r\n<\/script><\/div><\/div>","protected":false},"excerpt":{"rendered":"<p>Sasvim je jasno da se pred kamerama ne\u0107e na\u0107i HTV-ova udarna lica Barabara Kolar i Du\u0161ko \u0106urli\u0107. Najizglednije je da \u0107e ih zamijeniti mu\u0161ki tandem Nove TV, Igor Me\u0161in i Rene Bitorajac.<\/p>\n","protected":false},"author":1,"featured_media":19874,"comment_status":"closed","ping_status":"closed","sticky":false,"template":"","format":"standard","meta":{"footnotes":""},"categories":[84],"tags":[1458,1460,1459,1062],"class_list":["post-19873","post","type-post","status-publish","format-standard","has-post-thumbnail","hentry","category-show","tag-milka-babovic","tag-nova-tv","tag-ples-sa-zvijezdama","tag-reality-show"],"_links":{"self":[{"href":"https:\/\/www.mojevrijeme.hr\/magazin\/wp-json\/wp\/v2\/posts\/19873","targetHints":{"allow":["GET"]}}],"collection":[{"href":"https:\/\/www.mojevrijeme.hr\/magazin\/wp-json\/wp\/v2\/posts"}],"about":[{"href":"https:\/\/www.mojevrijeme.hr\/magazin\/wp-json\/wp\/v2\/types\/post"}],"author":[{"embeddable":true,"href":"https:\/\/www.mojevrijeme.hr\/magazin\/wp-json\/wp\/v2\/users\/1"}],"replies":[{"embeddable":true,"href":"https:\/\/www.mojevrijeme.hr\/magazin\/wp-json\/wp\/v2\/comments?post=19873"}],"version-history":[{"count":0,"href":"https:\/\/www.mojevrijeme.hr\/magazin\/wp-json\/wp\/v2\/posts\/19873\/revisions"}],"wp:featuredmedia":[{"embeddable":true,"href":"https:\/\/www.mojevrijeme.hr\/magazin\/wp-json\/wp\/v2\/media\/19874"}],"wp:attachment":[{"href":"https:\/\/www.mojevrijeme.hr\/magazin\/wp-json\/wp\/v2\/media?parent=19873"}],"wp:term":[{"taxonomy":"category","embeddable":true,"href":"https:\/\/www.mojevrijeme.hr\/magazin\/wp-json\/wp\/v2\/categories?post=19873"},{"taxonomy":"post_tag","embeddable":true,"href":"https:\/\/www.mojevrijeme.hr\/magazin\/wp-json\/wp\/v2\/tags?post=19873"}],"curies":[{"name":"wp","href":"https:\/\/api.w.org\/{rel}","templated":true}]}}