{"id":2030,"date":"2014-11-23T22:01:06","date_gmt":"2014-11-23T21:01:06","guid":{"rendered":"http:\/\/www.mojevrijeme.hr\/magazin\/?p=2030"},"modified":"2014-11-27T18:35:22","modified_gmt":"2014-11-27T17:35:22","slug":"zasto-su-celavi-muskarci-zenama-neodoljivi","status":"publish","type":"post","link":"https:\/\/www.mojevrijeme.hr\/magazin\/2014\/11\/zasto-su-celavi-muskarci-zenama-neodoljivi\/","title":{"rendered":"Za\u0161to su \u0107elavi mu\u0161karci \u017eenama neodoljivi?"},"content":{"rendered":"<p>Iako mnogi mu\u0161karci istinski pate zbog prirodnog gubitka kose, sve je manje razloga za to. Mu\u0161ke se frizure posljednjih godina smatraju \u017eivotnom komplikacijom pa velik dio mu\u0161karaca, \u010dak i kada imaju gustu i kvalitetnu kosu, biraju britvice i trimere umjesto \u010de\u0161lja i gela. Mu\u0161karci koji s godinama \u0107elave vi\u0161e ne moraju prematati ostatke kose na na\u010din da slu\u010dajni promatra\u010d ne zna gdje taj otu\u017eni meandar po\u010dinje, a gdje zavr\u0161ava. Ljep\u0161i spol istovremeno tvrdi <strong>da su \u0107elavi mu\u0161karci otrov za \u017eene<\/strong>!<\/p>\n<h3>1. Glatko obrijana glava \u010dini mu\u0161karca urednijim<\/h3>\n<p>Kolumnistica portala <a title=\"Allwomenstalk\" href=\"http:\/\/allwomenstalk.com\/7-reasons-bald-men-are-sexy\" target=\"_blank\">allwomenstalk.com<\/a> <strong>Aprille Ross<\/strong>\u00a0tako pi\u0161e da su \u0107elavi mu\u0161karci seksi odmah nakon bu\u0111enja, zato jer nemaju kosu koja bi bila ra\u0161\u010dupana. A ta se urednost vidi i kroz dan. \u010cak i kada se znoje tijekom sporta, nema slijepljenje mokre kose. Dovoljno je samo prebrisati i sve je opet kako treba biti.<\/p>\n<h3>2. Mu\u017eevniji su<\/h3>\n<p>Gotovo svi akcijski junaci su \u0107elavi, s razlogom. Pogledajte samo Brucea Willisa, Jasona Stathama ili Samuela L. Jacksona. Njihova \u0107elavost samo nagla\u0161ava uloge koje igraju. \u0106elavci su vi\u0161e seksi od mu\u0161karaca koji nose konjske repi\u0107e.<\/p><div id=\"mojev-93741276\" class=\"mojev-u-tekstu mojev-entity-placement\" style=\"margin-left: auto;margin-right: auto;text-align: center;\"><div class=\"mojev-adlabel\">oglas<\/div><div style=\"height: 250px;\"><script async src=\"https:\/\/pagead2.googlesyndication.com\/pagead\/js\/adsbygoogle.js?client=ca-pub-8106111766207173\"\r\n     crossorigin=\"anonymous\"><\/script>\r\n<!-- Prikazni 1 u tekstu -->\r\n<ins class=\"adsbygoogle\"\r\n     style=\"display:block\"\r\n     data-ad-client=\"ca-pub-8106111766207173\"\r\n     data-ad-slot=\"8535551207\"\r\n     data-ad-format=\"auto\"\r\n     data-full-width-responsive=\"true\"><\/ins>\r\n<script>\r\n     (adsbygoogle = window.adsbygoogle || []).push({});\r\n<\/script><\/div><\/div><br style=\"clear: both; display: block; float: none;\"\/>\n<h3>3.\u00a0Ne brine ih previ\u0161e kako izgledaju<\/h3>\n<p>Oni ne provode sate pred ogledalom prije no \u0161to napuste ku\u0107u. Prizemljeni su i ne brinu \u0161to drugi misle o njihovom izgledu. \u010ce\u0161\u0107e imaju taj seksi stav \u2013 uzmi ili ostavi.<\/p>\n<h3>4.\u00a0Umjesto frizurom, osvajaju drugim adutima<\/h3>\n<p>\u017dene koje na mu\u0161karcima prvo primijete frizuru, sada moraju potra\u017eiti ne\u0161to drugo. Mo\u017eda \u0107e prije primijetiti njegov osmjeh, gard, izraz lica, na\u010din na koji gestikulira dok pri\u010da ili bezbroj drugih detalja koji ne bi do\u0161li do izra\u017eaja.<\/p>\n<h3>5.\u00a0Imuni su na lo\u0161e frizure<\/h3>\n<p>Okru\u017eeni smo s lo\u0161im frizurama. Neke su toliko lo\u0161e da bi ih trebalo obrijati jo\u0161 u frizerskom salonu. Mu\u0161karci bez kose nemaju te brige. Oni su jednako seksi glatko obrijani ili s milimetar-dva kose na glavi.<\/p>\n<h3>6. Imaju vi\u0161e samopouzdanja<\/h3>\n<p>A samopouzdanje je seksi. \u0106elavi hodaju uzdignute glave, smje\u0161kaju se svima koje sretnu i isijavaju karizmu. Kod mu\u0161karaca koji pokazuju samopouzdanje izgled nije va\u017ean.<\/p>\n<h3>7. Spremni su za promjene<\/h3>\n<p>Mu\u0161karac koji prihva\u0107a stvarnost i nedostatak kose ne\u0107e prikriti umetkom ili odurnom frizurom, a sve kako bi izgledao mla\u0111e, je vrijedan po\u0161tovanja. On prihva\u0107a da se njegovo tijelo mijenja. Mu\u0161karac koji to prihva\u0107a, pogotovo kada se radi o \u0107elavosti, ima vi\u0161e razumijevanja za fizi\u010dke promjene kroz koje \u017eena prolazi.<\/p>\n<h3>8. Imaju vi\u0161e testosterona<\/h3>\n<p>Vrlo je vjerojatno da \u0107e prirodni \u0107elavi mu\u0161karac imati vi\u0161e testosterona od onoga koji nije \u0107elav. Napose, upravo je testosteron u samom uzroku \u0107elavljenja. Njihov libido je ja\u010di, \u0161to je ne\u0161to \u0161to \u0107e razveseliti njihove partnerice.<\/p>\n<div id=\"mojev-2605150436\" class=\"mojev-kraj-teksta mojev-entity-placement\" style=\"margin-bottom: 20px;margin-left: auto;margin-right: auto;text-align: center;\"><div class=\"mojev-adlabel\">oglas<\/div><div style=\"height: 250px;\"><script async src=\"https:\/\/pagead2.googlesyndication.com\/pagead\/js\/adsbygoogle.js?client=ca-pub-8106111766207173\"\r\n     crossorigin=\"anonymous\"><\/script>\r\n<!-- Display-1 -->\r\n<ins class=\"adsbygoogle\"\r\n     style=\"display:block\"\r\n     data-ad-client=\"ca-pub-8106111766207173\"\r\n     data-ad-slot=\"1465712950\"\r\n     data-ad-format=\"auto\"\r\n     data-full-width-responsive=\"true\"><\/ins>\r\n<script>\r\n     (adsbygoogle = window.adsbygoogle || []).push({});\r\n<\/script><\/div><\/div>","protected":false},"excerpt":{"rendered":"<p>Nema razloga za zabrinutost zbog sve rje\u0111e kose. Umjesto prematanja kose i prikrivanja tjemena, posegnite za britvicom i ma\u0161inicom, jer su \u0107elavci pravi otrov za \u017eene. <\/p>\n","protected":false},"author":1,"featured_media":2033,"comment_status":"closed","ping_status":"open","sticky":false,"template":"","format":"standard","meta":{"footnotes":""},"categories":[86],"tags":[321,349,348],"class_list":["post-2030","post","type-post","status-publish","format-standard","has-post-thumbnail","hentry","category-stil-i-ljepota","tag-celavost","tag-frizure","tag-privlacnost"],"_links":{"self":[{"href":"https:\/\/www.mojevrijeme.hr\/magazin\/wp-json\/wp\/v2\/posts\/2030","targetHints":{"allow":["GET"]}}],"collection":[{"href":"https:\/\/www.mojevrijeme.hr\/magazin\/wp-json\/wp\/v2\/posts"}],"about":[{"href":"https:\/\/www.mojevrijeme.hr\/magazin\/wp-json\/wp\/v2\/types\/post"}],"author":[{"embeddable":true,"href":"https:\/\/www.mojevrijeme.hr\/magazin\/wp-json\/wp\/v2\/users\/1"}],"replies":[{"embeddable":true,"href":"https:\/\/www.mojevrijeme.hr\/magazin\/wp-json\/wp\/v2\/comments?post=2030"}],"version-history":[{"count":0,"href":"https:\/\/www.mojevrijeme.hr\/magazin\/wp-json\/wp\/v2\/posts\/2030\/revisions"}],"wp:featuredmedia":[{"embeddable":true,"href":"https:\/\/www.mojevrijeme.hr\/magazin\/wp-json\/wp\/v2\/media\/2033"}],"wp:attachment":[{"href":"https:\/\/www.mojevrijeme.hr\/magazin\/wp-json\/wp\/v2\/media?parent=2030"}],"wp:term":[{"taxonomy":"category","embeddable":true,"href":"https:\/\/www.mojevrijeme.hr\/magazin\/wp-json\/wp\/v2\/categories?post=2030"},{"taxonomy":"post_tag","embeddable":true,"href":"https:\/\/www.mojevrijeme.hr\/magazin\/wp-json\/wp\/v2\/tags?post=2030"}],"curies":[{"name":"wp","href":"https:\/\/api.w.org\/{rel}","templated":true}]}}