{"id":20646,"date":"2018-12-25T10:05:49","date_gmt":"2018-12-25T09:05:49","guid":{"rendered":"https:\/\/www.mojevrijeme.hr\/magazin\/?p=20646"},"modified":"2023-12-25T17:20:08","modified_gmt":"2023-12-25T16:20:08","slug":"mirjana-krizmanic-bozic-je-blagdan-svih-ljudi-bogatasi-su-nekad-bili-pristojniji","status":"publish","type":"post","link":"https:\/\/www.mojevrijeme.hr\/magazin\/2018\/12\/mirjana-krizmanic-bozic-je-blagdan-svih-ljudi-bogatasi-su-nekad-bili-pristojniji\/","title":{"rendered":"Krizmani\u0107: Bo\u017ei\u0107 je blagdan ba\u0161 svih ljudi, bogata\u0161i su prije bili odgojeniji"},"content":{"rendered":"\n<p>O Bo\u017ei\u0107u i bo\u017ei\u0107nim osje\u0107ajima za <strong><a href=\"http:\/\/hr.n1info.com\/Vijesti\/a358154\/Krizmanic-Vjera-moze-pomoci-vjerniku-koji-je-ima-kao-blagodat-a-ne-kao-obavezu.html?fbclid=IwAR3inpEnTsLZ6iFHee1qLoMCiklUFX20p7OfJrhcrHDJmXXYyQu-k9PaMcQ\" target=\"_blank\" rel=\"noreferrer noopener\" aria-label=\" (opens in a new tab)\">N1 televiziju<\/a><\/strong> progovorila je najpoznatija hrvatska psihologinja \u2013 <strong>Mirjana Krizmani\u0107<\/strong>. Ovo su akcenti zanimljivog izlaganja iz emisije Novi dan.<\/p>\n\n\n\n<h3 class=\"wp-block-heading\">Bo\u017ei\u0107ni osje\u0107aj sre\u0107e ili nesre\u0107e<\/h3>\n\n\n\n<p>U svim reklamama stalno se nagla\u0161ava da je Bo\u017ei\u0107 <a href=\"https:\/\/www.mojevrijeme.hr\/magazin\/2018\/12\/bozic-s-obitelji-ne-mora-biti-sreca-a-ni-bozic-u-samoci-ne-mora-biti-tuga\/\" target=\"_blank\" rel=\"noreferrer noopener\" aria-label=\"obiteljski blagdan (opens in a new tab)\">obiteljski blagdan<\/a>. Ali to je blagdan svih koji danas \u017eive. Dijete se rodilo, dijete je uvijek nada, pogotovo ro\u0111enje bo\u017ejeg djeteta &#8211; nitko nadu ne spominje uz Bo\u017ei\u0107. Da, u obitelji se slavi Bo\u017ei\u0107, ali tko nema obitelj, slavi s prijateljima, susjedima. Va\u017eno je da je s drugim ljudima. Ne treba to tako nagla\u0161avati, to je zajedni\u010dki blagdan svih ljudi, i onih koji vjeruju i onih koji ne vjeruju.<\/p>\n\n\n\n<p>Ljudi bi se mogli veseliti i drugima koji su sretni, i tu\u0111a radost mogla bi biti izvor radosti za nas. Vrlo jednostavno \u0107u re\u0107i &#8211; \u0161to je vi\u0161e sretnih ljudi i vi i ja \u017eivimo u sretnijem svijetu, neovisno o tome kako smo raspolo\u017eeni.<\/p><div id=\"mojev-2510544011\" class=\"mojev-u-tekstu mojev-entity-placement\" style=\"margin-left: auto;margin-right: auto;text-align: center;\"><div class=\"mojev-adlabel\">oglas<\/div><div style=\"height: 250px;\"><script async src=\"https:\/\/pagead2.googlesyndication.com\/pagead\/js\/adsbygoogle.js?client=ca-pub-8106111766207173\"\r\n     crossorigin=\"anonymous\"><\/script>\r\n<!-- Prikazni 1 u tekstu -->\r\n<ins class=\"adsbygoogle\"\r\n     style=\"display:block\"\r\n     data-ad-client=\"ca-pub-8106111766207173\"\r\n     data-ad-slot=\"8535551207\"\r\n     data-ad-format=\"auto\"\r\n     data-full-width-responsive=\"true\"><\/ins>\r\n<script>\r\n     (adsbygoogle = window.adsbygoogle || []).push({});\r\n<\/script><\/div><\/div><br style=\"clear: both; display: block; float: none;\"\/>\n\n\n\n<h3 class=\"wp-block-heading\">O sre\u0107i<\/h3>\n\n\n\n<p>To je lo\u0161 termin. Sre\u0107a je trenuta\u010dna, kratkotrajna. Ne mo\u017eete biti trajno sretni, to je kratkotrajno stanje velike radosti, katkad i trijumfa nad drugima. Ljudi bi se trebali truditi biti zadovoljni u \u017eivotu, to je dohvatljivije od sre\u0107e. Sretni mo\u017eete biti iz raznih razloga, ali kratko traje uvijek &#8211; jer se na dobro jako brzo naviknemo<\/p>\n\n\n\n<h3 class=\"wp-block-heading\">O bogatstvu i siroma\u0161tvu<\/h3>\n\n\n\n<p>Nismo desetlje\u0107ima navikli da budu tako velike razlike, da bude tako puno jako bogatih i jako puno jako siroma\u0161nih. Manji je bio raspon. Razlika je i \u0161to je relativno mali broj jako bogatih bio pristojno odgojen, nisu bogatstvo pokazivali na svakom koraku. Danas su jako bahati neki koji su naglo postali bogati, ne svojim radom. To onda poti\u010de zavist, \u0161to je jako \u0161tetno \u010duvstvo, \u010dovjek se truje kad je zavidan.<\/p>\n\n\n\n<h3 class=\"wp-block-heading\">O vjeri<\/h3>\n\n\n\n<p>Vjera mo\u017ee silno puno pomo\u0107i i jako ote\u017eati \u017eivot vjerniku koji se dr\u017ei svih propisa koje mu vjera nala\u017ee, jer mu puno toga zabranjuje ili prije\u010di, ili \u010dini da se osje\u0107a gre\u0161nim, da se pred Bogom osje\u0107a malim. A ja ne mislim da je to bit vjere, mislim da bi pravi vjernici bi trebali vjerovati da su pred Bogom svi jednaki. Bog ili ljubi sve ili ne ljubi nikoga &#8211; tako bi trebalo biti u svim vjerama.<\/p>\n\n\n\n<p>Tako da nekima vjera ote\u017eava \u017eivot, zabranjuje \u017eivotne radosti, optere\u0107uje grijesima, pa ako zgrije\u0161e, poslije se grozno kaju, pa opet zgrije\u0161e. Vjera mo\u017ee pomo\u0107i vjerniku koji je ima kao blagodat, a ne kao obavezu, kao te\u0161ki teret. A to je te\u0161ko balansirati. Tako da ne mo\u017eemo apriori re\u0107i da vjera poma\u017ee &#8211; nekome poma\u017ee, nekome ne.<\/p>\n\n\n\n<div id=\"crveno\"><\/p>\n\n\n\n<h3 class=\"wp-block-heading\">Zanima nas va\u0161a pri\u010da<\/h3>\n\n\n\n<p>\u017delite li i vi, posve anonimno, podijeliti svoje iskustvo i vi\u0111enje ove teme s nama i na\u0161im \u010ditateljima, mo\u017eete to u\u010diniti putem web obrasca <a rel=\"noreferrer noopener\" href=\"https:\/\/www.mojevrijeme.hr\/magazin\/povjerljivo\/\" target=\"_blank\">Povjerljivo<\/a>. Napi\u0161ite svoju pri\u010du!<\/p>\n\n\n\n<p><\/div>\n<div id=\"mojev-1594401346\" class=\"mojev-kraj-teksta mojev-entity-placement\" style=\"margin-bottom: 20px;margin-left: auto;margin-right: auto;text-align: center;\"><div class=\"mojev-adlabel\">oglas<\/div><div style=\"height: 250px;\"><script async src=\"https:\/\/pagead2.googlesyndication.com\/pagead\/js\/adsbygoogle.js?client=ca-pub-8106111766207173\"\r\n     crossorigin=\"anonymous\"><\/script>\r\n<!-- Display-1 -->\r\n<ins class=\"adsbygoogle\"\r\n     style=\"display:block\"\r\n     data-ad-client=\"ca-pub-8106111766207173\"\r\n     data-ad-slot=\"1465712950\"\r\n     data-ad-format=\"auto\"\r\n     data-full-width-responsive=\"true\"><\/ins>\r\n<script>\r\n     (adsbygoogle = window.adsbygoogle || []).push({});\r\n<\/script><\/div><\/div>","protected":false},"excerpt":{"rendered":"<p>Sre\u0107a je trenuta\u010dna, kratkotrajna. Ne mo\u017eete biti trajno sretni, to je kratkotrajno stanje velike radosti, katkad i trijumfa nad drugima. <\/p>\n","protected":false},"author":1,"featured_media":5561,"comment_status":"closed","ping_status":"closed","sticky":false,"template":"","format":"standard","meta":{"footnotes":""},"categories":[2],"tags":[385,670,35,713],"class_list":["post-20646","post","type-post","status-publish","format-standard","has-post-thumbnail","hentry","category-mozaik","tag-bozic","tag-mirjana-krizmanic","tag-sreca","tag-vjera"],"_links":{"self":[{"href":"https:\/\/www.mojevrijeme.hr\/magazin\/wp-json\/wp\/v2\/posts\/20646","targetHints":{"allow":["GET"]}}],"collection":[{"href":"https:\/\/www.mojevrijeme.hr\/magazin\/wp-json\/wp\/v2\/posts"}],"about":[{"href":"https:\/\/www.mojevrijeme.hr\/magazin\/wp-json\/wp\/v2\/types\/post"}],"author":[{"embeddable":true,"href":"https:\/\/www.mojevrijeme.hr\/magazin\/wp-json\/wp\/v2\/users\/1"}],"replies":[{"embeddable":true,"href":"https:\/\/www.mojevrijeme.hr\/magazin\/wp-json\/wp\/v2\/comments?post=20646"}],"version-history":[{"count":0,"href":"https:\/\/www.mojevrijeme.hr\/magazin\/wp-json\/wp\/v2\/posts\/20646\/revisions"}],"wp:featuredmedia":[{"embeddable":true,"href":"https:\/\/www.mojevrijeme.hr\/magazin\/wp-json\/wp\/v2\/media\/5561"}],"wp:attachment":[{"href":"https:\/\/www.mojevrijeme.hr\/magazin\/wp-json\/wp\/v2\/media?parent=20646"}],"wp:term":[{"taxonomy":"category","embeddable":true,"href":"https:\/\/www.mojevrijeme.hr\/magazin\/wp-json\/wp\/v2\/categories?post=20646"},{"taxonomy":"post_tag","embeddable":true,"href":"https:\/\/www.mojevrijeme.hr\/magazin\/wp-json\/wp\/v2\/tags?post=20646"}],"curies":[{"name":"wp","href":"https:\/\/api.w.org\/{rel}","templated":true}]}}