{"id":21069,"date":"2019-01-07T11:46:28","date_gmt":"2019-01-07T10:46:28","guid":{"rendered":"https:\/\/www.mojevrijeme.hr\/magazin\/?p=21069"},"modified":"2019-01-07T12:14:26","modified_gmt":"2019-01-07T11:14:26","slug":"srp-i-cekic-na-tudmanovu-spomeniku-cinjenica-ili-uvreda","status":"publish","type":"post","link":"https:\/\/www.mojevrijeme.hr\/magazin\/2019\/01\/srp-i-cekic-na-tudmanovu-spomeniku-cinjenica-ili-uvreda\/","title":{"rendered":"Debata o srpu i \u010deki\u0107u na Tu\u0111manovu spomeniku: \u010cinjenica ili uvreda?"},"content":{"rendered":"\n<p>Policija intenzivno traga za nepoznatim po\u010diniteljem koji je u no\u0107i sa subote na nedjelju na postamentu zagreba\u010dkog spomenika Franji Tu\u0111manu nacrtao srp i \u010deki\u0107. Rije\u010d je o jednom od <strong>simbola komunizma<\/strong> koji predstavlja <strong>jedinstvo industrijskih i poljoprivrednih radnika<\/strong>. <\/p>\n\n\n\n<p>Brojni komentari na dru\u0161tvenim mre\u017eama posve\u0107eni su ovoj temi. Jedni zazivaju o\u0161tre kazne za onoga ili one koji su &#8220;oskvrnuli&#8221; spomenik postavljen prije mjesec dana u ulici grada Vukovara kod Sveu\u010dili\u0161te knji\u017enice na nekada\u0161njem mjestu granitne piramide autora <strong>Branka Sila\u0111ina<\/strong>. Drugi pak pi\u0161u da je nepoznati po\u010dinitelj samo istaknuo \u010desto pre\u0161u\u0107ivan komunisti\u010dki dio Tu\u0111manove biografije. <\/p>\n\n\n\n<p>&#8220;Neprijatelj unutar dr\u017eave nikad ne spava. Ako ne lustriramo dr\u017eavu od ove jugo-udba\u0161ke mafije, postati \u0107emo taoci u svojoj domovini odnosno sluge onima istima, kojih se nismo do danas rije\u0161ili&#8221;, samo je jedan od komentara koji podsje\u0107a na priop\u0107enja Komiteta koji se je kitio navedenim simbolom.<\/p><div id=\"mojev-1824103094\" class=\"mojev-u-tekstu mojev-entity-placement\" style=\"margin-left: auto;margin-right: auto;text-align: center;\"><div class=\"mojev-adlabel\">oglas<\/div><div style=\"height: 250px;\"><script async src=\"https:\/\/pagead2.googlesyndication.com\/pagead\/js\/adsbygoogle.js?client=ca-pub-8106111766207173\"\r\n     crossorigin=\"anonymous\"><\/script>\r\n<!-- Prikazni 1 u tekstu -->\r\n<ins class=\"adsbygoogle\"\r\n     style=\"display:block\"\r\n     data-ad-client=\"ca-pub-8106111766207173\"\r\n     data-ad-slot=\"8535551207\"\r\n     data-ad-format=\"auto\"\r\n     data-full-width-responsive=\"true\"><\/ins>\r\n<script>\r\n     (adsbygoogle = window.adsbygoogle || []).push({});\r\n<\/script><\/div><\/div><br style=\"clear: both; display: block; float: none;\"\/>\n\n\n\n<figure class=\"wp-block-image\"><img loading=\"lazy\" decoding=\"async\" width=\"740\" height=\"410\" src=\"https:\/\/www.mojevrijeme.hr\/magazin\/wp-content\/uploads\/2018\/05\/franjo-tudjman-partizan-740x410.jpg\" alt=\"\" class=\"wp-image-15222\" srcset=\"https:\/\/www.mojevrijeme.hr\/magazin\/wp-content\/uploads\/2018\/05\/franjo-tudjman-partizan.jpg 740w, https:\/\/www.mojevrijeme.hr\/magazin\/wp-content\/uploads\/2018\/05\/franjo-tudjman-partizan-636x352.jpg 636w, https:\/\/www.mojevrijeme.hr\/magazin\/wp-content\/uploads\/2018\/05\/franjo-tudjman-partizan-150x83.jpg 150w\" sizes=\"auto, (max-width: 740px) 100vw, 740px\" \/><figcaption>Mladi Franjo Tu\u0111man u partizanskoj odori<\/figcaption><\/figure>\n\n\n\n<p>&#8220;Ve\u0107i dio \u017eivota je Franjo proveo ispod srpa i \u010deki\u0107a pa ne vidim da se tu radi o vandalizmu. Samo sje\u0107anje na bolja vremena&#8221;, podsje\u0107a jedan od komentatora dok drugi dodaje: &#8220;\u010covjek je bio partizan, komunista, direktor Sportskog dru\u0161tva Partizan Beograd, Titov general. I u \u010demu je problem?&#8221;<\/p>\n\n\n\n<p>Podsjetimo, Tu\u0111man je izba\u010den iz Saveza komunista 1967. i umirovljen. Osu\u0111en 1972. na 2 godine zatvora zbog &#8220;nacionalizma&#8221;, pu\u0161ten nakon 9 mjeseci. U intervjuu iz 1997. godine zamjerio je Titu to \u0161to je bio komunist i \u0161to je odgovoran za uvo\u0111enje komunisti\u010dkog re\u017eima. <\/p>\n\n\n\n<p>&#8220;\u010cak i za sve one zlo\u010dine koje je taj re\u017eim u\u010dinio, ne samo u ratu, ve\u0107 i poslije njega. Bez obzira je li on naredio ili ne, a vjerojatno nije, snosi odgovornost za tragediju hrvatskog naroda u Bleiburgu. Poslije rata je odgovoran za progone Hrvata i nacionalno demokratskih elemenata u Hrvatskoj, a i u drugim zemljama&#8221;, kazao je Tu\u0111man. <\/p>\n\n\n\n<figure class=\"wp-block-image\"><img loading=\"lazy\" decoding=\"async\" width=\"740\" height=\"410\" src=\"https:\/\/www.mojevrijeme.hr\/magazin\/wp-content\/uploads\/2017\/12\/petokraka-740x410.jpg\" alt=\"Je li komunizam bio lo\u0161?\" class=\"wp-image-11431\" srcset=\"https:\/\/www.mojevrijeme.hr\/magazin\/wp-content\/uploads\/2017\/12\/petokraka.jpg 740w, https:\/\/www.mojevrijeme.hr\/magazin\/wp-content\/uploads\/2017\/12\/petokraka-636x352.jpg 636w, https:\/\/www.mojevrijeme.hr\/magazin\/wp-content\/uploads\/2017\/12\/petokraka-150x83.jpg 150w\" sizes=\"auto, (max-width: 740px) 100vw, 740px\" \/><figcaption>foto: Pixabay<\/figcaption><\/figure>\n<div id=\"mojev-2829073923\" class=\"mojev-kraj-teksta mojev-entity-placement\" style=\"margin-bottom: 20px;margin-left: auto;margin-right: auto;text-align: center;\"><div class=\"mojev-adlabel\">oglas<\/div><div style=\"height: 250px;\"><script async src=\"https:\/\/pagead2.googlesyndication.com\/pagead\/js\/adsbygoogle.js?client=ca-pub-8106111766207173\"\r\n     crossorigin=\"anonymous\"><\/script>\r\n<!-- Display-1 -->\r\n<ins class=\"adsbygoogle\"\r\n     style=\"display:block\"\r\n     data-ad-client=\"ca-pub-8106111766207173\"\r\n     data-ad-slot=\"1465712950\"\r\n     data-ad-format=\"auto\"\r\n     data-full-width-responsive=\"true\"><\/ins>\r\n<script>\r\n     (adsbygoogle = window.adsbygoogle || []).push({});\r\n<\/script><\/div><\/div>","protected":false},"excerpt":{"rendered":"<p>Rije\u010d je o jednom od simbola komunizma koji predstavlja jedinstvo industrijskih i poljoprivrednih radnika.<\/p>\n","protected":false},"author":1,"featured_media":20220,"comment_status":"closed","ping_status":"closed","sticky":false,"template":"","format":"standard","meta":{"footnotes":""},"categories":[9],"tags":[714,1523,110,1234,39],"class_list":["post-21069","post","type-post","status-publish","format-standard","has-post-thumbnail","hentry","category-vijesti","tag-komunizam","tag-spomenici","tag-tito","tag-tudman","tag-zagreb"],"_links":{"self":[{"href":"https:\/\/www.mojevrijeme.hr\/magazin\/wp-json\/wp\/v2\/posts\/21069","targetHints":{"allow":["GET"]}}],"collection":[{"href":"https:\/\/www.mojevrijeme.hr\/magazin\/wp-json\/wp\/v2\/posts"}],"about":[{"href":"https:\/\/www.mojevrijeme.hr\/magazin\/wp-json\/wp\/v2\/types\/post"}],"author":[{"embeddable":true,"href":"https:\/\/www.mojevrijeme.hr\/magazin\/wp-json\/wp\/v2\/users\/1"}],"replies":[{"embeddable":true,"href":"https:\/\/www.mojevrijeme.hr\/magazin\/wp-json\/wp\/v2\/comments?post=21069"}],"version-history":[{"count":0,"href":"https:\/\/www.mojevrijeme.hr\/magazin\/wp-json\/wp\/v2\/posts\/21069\/revisions"}],"wp:featuredmedia":[{"embeddable":true,"href":"https:\/\/www.mojevrijeme.hr\/magazin\/wp-json\/wp\/v2\/media\/20220"}],"wp:attachment":[{"href":"https:\/\/www.mojevrijeme.hr\/magazin\/wp-json\/wp\/v2\/media?parent=21069"}],"wp:term":[{"taxonomy":"category","embeddable":true,"href":"https:\/\/www.mojevrijeme.hr\/magazin\/wp-json\/wp\/v2\/categories?post=21069"},{"taxonomy":"post_tag","embeddable":true,"href":"https:\/\/www.mojevrijeme.hr\/magazin\/wp-json\/wp\/v2\/tags?post=21069"}],"curies":[{"name":"wp","href":"https:\/\/api.w.org\/{rel}","templated":true}]}}