{"id":21440,"date":"2019-01-17T21:58:08","date_gmt":"2019-01-17T20:58:08","guid":{"rendered":"https:\/\/www.mojevrijeme.hr\/magazin\/?p=21440"},"modified":"2019-01-20T10:56:13","modified_gmt":"2019-01-20T09:56:13","slug":"poljubac-tita-i-breznjeva-ruski-radnici-su-ludi-za-brozom","status":"publish","type":"post","link":"https:\/\/www.mojevrijeme.hr\/magazin\/2019\/01\/poljubac-tita-i-breznjeva-ruski-radnici-su-ludi-za-brozom\/","title":{"rendered":"Poljubac Tita i Bre\u017enjeva, ruski radnici luduju za Brozom"},"content":{"rendered":"\n<p>&#8220;Bilo je ne\u010deg <strong>lepog i uzbu\u0111uju\u0107eg<\/strong> toga prepodneva na aerodromu Vnukovo, u Podmoskovlju, pri ispra\u0107aju Tita i na\u0161e delegacije. <strong>Bre\u017enjev i Tito<\/strong> su se zagrlili i poljubili na rastanku, posle jednog zna\u010dajnog i korisnog susreta&#8221;, pisala je <strong>Ilustrovana politika 1972. godine<\/strong>. <\/p>\n\n\n\n<p>Lepo je kada ljudi, uop\u0161te, odaju jedni drugima po\u0161tovanje i\nuva\u017eavanje, ali, kada to \u010dine lideri nacija, srda\u010dno i ovako neposredno, na na\u010din\nkoji zaista ne mo\u017ee da bude predvi\u0111en nikakvim protokolom na svetu, onda to ima\njo\u0161 dublje zna\u010denje. Ponos nas je odista obuzimao. <\/p>\n\n\n\n<p>Divili smo se besprekornom bataljonu moskovskog garnizona\nkoji je mar\u0161irao pred Titom, komandantom koji voli i ceni \u010dasnog vojnika. Videlo\nse da im je odao priznanje za vojni\u010dko dr\u017eanje i izgled. Tito je zatim posle\npetodnevnog puta, rada i mnogih poseta, \u010dilo, lakim, gotovo hitrim korakom\npre\u0161ao strme stepenice aviona.<\/p><div id=\"mojev-1914854328\" class=\"mojev-u-tekstu mojev-entity-placement\" style=\"margin-left: auto;margin-right: auto;text-align: center;\"><div class=\"mojev-adlabel\">oglas<\/div><div style=\"height: 250px;\"><script async src=\"https:\/\/pagead2.googlesyndication.com\/pagead\/js\/adsbygoogle.js?client=ca-pub-8106111766207173\"\r\n     crossorigin=\"anonymous\"><\/script>\r\n<!-- Prikazni 1 u tekstu -->\r\n<ins class=\"adsbygoogle\"\r\n     style=\"display:block\"\r\n     data-ad-client=\"ca-pub-8106111766207173\"\r\n     data-ad-slot=\"8535551207\"\r\n     data-ad-format=\"auto\"\r\n     data-full-width-responsive=\"true\"><\/ins>\r\n<script>\r\n     (adsbygoogle = window.adsbygoogle || []).push({});\r\n<\/script><\/div><\/div><br style=\"clear: both; display: block; float: none;\"\/>\n\n\n\n<p>&#8220;Na\u0161 predsednik se \u010dak nije ni umorio&#8221;, zaklju\u010dio je neko od kolega novinara koji su pomno pratili ovu posetu. Do svidanija, do uzvra\u0107anja gostoprimstva!<\/p>\n\n\n\n<h3 class=\"wp-block-heading\">Sablja za junaka<\/h3>\n\n\n\n<p>&#8220;Odnosi izme\u0111u SFRJ i SSSR postali su jo\u0161 vi\u0161e prijateljski&#8230; SKJ i KPSS, koji se rukovode u\u010denjem <strong>Marksa &#8211; Engelsa &#8211; Lenjina<\/strong> i stvarala\u010dki ga primenjuju u skladu sa osobenostima svojih zemalja, i dalje \u0107e se zalagati, u duhu internacionalisti\u010dkih tradicija, prijateljstva, uzajamnog uva\u017eavanja i ravnopravnosti, za bogatu i svestranu razmenu mi\u0161ljenja i iskustava, za ja\u010danje uzajamnog razumevanja i pro\u0161irenje saradnje&#8230; &#8221; re\u010deno je izme\u0111u ostalog, u zajedni\u010dkom saop\u0161tenju na kraju posete. <\/p>\n\n\n\n<p>Ali, mi, ne\u0161to bli\u017ei posmatra\u010di susreta dr\u017eavnika dve\nzemlje, imali smo priliku da iz dana u dan saznajemo pone\u0161to o tome kako je u\nrazgovorima teklo potvr\u0111ivanje prijateljstva dve zemlje i utvr\u0111ivanje njegove\nbudu\u0107nosti.<\/p>\n\n\n\n<p>I Tito i Bre\u017enjev, kao i ostali koji su sedeli za\npregovara\u010dkim stolom, od prvog susreta bili su srda\u010dni, raspolo\u017eeni i vrlo\nzaposleni. Trebalo je sabrati \u0161ta se sve u\u010dinilo poslednjih godina saradnje\nizme\u0111u dveju partija i dr\u017eava, \u0161ta \u0107emo sve u\u010diniti u budu\u0107nosti, koliko \u0107emo\nse, kao poslovni partneri, sretati, a koliko kao turisti, umetnici, nau\u010dnici i\nljudi, uop\u0161te, pose\u0107ivati.<\/p>\n\n\n\n<p>Ipak, jedan detalj, kakvi se po obi\u010daju zvani\u010dno ne saop\u0161tavaju i retko saznaju, brzo je &#8220;procurio&#8221; iz Kremlja i mnogo rekao Moskovljanima. &#8220;Da li ste \u010duli da je na\u0161 Bre\u017enjev poklonio va\u0161em Predsedniku jednu divnu, <strong>srebrnu sablju<\/strong>?&#8221; upitali su nas.<\/p>\n\n\n\n<p>Naravno, bili smo na\u010duli i za ovaj lep gest prema Titu i, ve\u0107 po nacionalnoj sklonosti za trofejnim oru\u017ejem, veoma cenili prijateljski poklon. I Moskovljani s kojima smo se sretali, pravili su zaklju\u010dke. &#8220;<strong>Tito je na\u0161 prijatelj<\/strong>&#8220;, rekao je jedan od njih. &#8220;Staru sablju poklanjamo junaku.&#8221;<\/p>\n\n\n\n<p>Me\u0111u obi\u010dnim ljudima ova vest imala je dobar odjek. Rusi,\nnaro\u010dito, cene ratna odli\u010dja i znamenja i pridaju im veliki zna\u010daj.\n&#8220;Priznanje ratniku je velika zahvalnost za mir&#8221;, ka\u017eu oni.<\/p>\n\n\n\n<h3 class=\"wp-block-heading\">Sva mora su plava&#8230;<\/h3>\n\n\n\n<p>U <strong>Lenjinovom mauzoleju<\/strong> na\u0161li smo se bli\u017ee Titu, kraj kov\u010dega u kome le\u017ei vo\u0111a prve proleterske revolucije. U sve\u010danoj ti\u0161ini i atmosferi koja okru\u017euje neumrlog Lenjina, na\u0161 predsednik je usporio korak odaju\u0107i pogledom i pa\u017enjom duboku po\u0161tu \u010doveku \u010diji je vojnik bio, \u010dije je ideje davno prihvatio, primenjuju\u0107i ih na delu u svojoj zemlji. Uostalom, Tito je ve\u0107 i tog trenutka bio nosilac Lenjinovog ordena.<\/p>\n\n\n\n<p>U moskovskoj <strong>Fabrici kugli\u010dnih le\u017eaja<\/strong> Tito se na\u0161ao me\u0111u metalcima, radnicima svoje nekada\u0161nje struke. U fabri\u010dkom komitetu, na sastanku s mnogim predstavnicima ovog giganta, Tito se interesovao za proizvodnju, ali i za naj\u017eivotnije radni\u010dke interese. &#8220;Koliko zara\u0111uju kvalifikovani metalci?&#8221; pitao je Tito. &#8220;Kako \u017eive?&#8221;<\/p>\n\n\n\n<figure class=\"wp-block-image\"><img loading=\"lazy\" decoding=\"async\" width=\"740\" height=\"410\" src=\"https:\/\/www.mojevrijeme.hr\/magazin\/wp-content\/uploads\/2019\/01\/tito-breznjev2-740x410.jpg\" alt=\"\" class=\"wp-image-21443\" srcset=\"https:\/\/www.mojevrijeme.hr\/magazin\/wp-content\/uploads\/2019\/01\/tito-breznjev2-740x410.jpg 740w, https:\/\/www.mojevrijeme.hr\/magazin\/wp-content\/uploads\/2019\/01\/tito-breznjev2-636x352.jpg 636w, https:\/\/www.mojevrijeme.hr\/magazin\/wp-content\/uploads\/2019\/01\/tito-breznjev2-768x425.jpg 768w, https:\/\/www.mojevrijeme.hr\/magazin\/wp-content\/uploads\/2019\/01\/tito-breznjev2.jpg 1000w\" sizes=\"auto, (max-width: 740px) 100vw, 740px\" \/><figcaption>Zagrljaj Bre\u017enjeva i Tita<\/figcaption><\/figure>\n\n\n\n<p>Dok smo ga zajedno s radnicima o\u010dekivali u fabri\u010dkom krugu,\nna velikom mitingu, ume\u0161ali smo se me\u0111u sovjetske radnike. Bio je to za nas\nprijatan i zanimljiv do\u017eivljaj. Sovjetski metalci su onaj pravi soj radni\u010dke\nklase prve socijalisti\u010dke zemlje sveta.<\/p>\n\n\n\n<p>&#8220;Vje\u010deslav Gridnjev&#8221;, predstavio se \u010dovek kome smo se prvo obratili. &#8220;In\u017eenjer-metalac.&#8221; Sme\u0111, dobro\u0107udan, nasmejan. Ni po \u010demu se nije razlikovao od radnika. U stvari, nekada je bio radnik, pa tehni\u010dar, a onda je postao in\u017eenjer.<\/p>\n\n\n\n<p>&#8220;Imate li porodicu i koliko ste dugo u fabrici?&#8221; &#8220;Petnaest godina radim ovde\u201c, ka\u017ee Gridnjev. \u201eImam \u017eenu i sina Sa\u0161u, \u0161est mu je godina&#8230; uskoro \u0107e u \u0161kolu. Zara\u0111ujem 200 rubalja mese\u010dno, moja \u017eena ne\u0161to manje, ali stignemo da u\u0161tedimo za letovanje na Crnom moru. Ne, ne, na Jadranu jo\u0161 nismo bili, Crno more je, tako\u0111e, plavo.&#8221;<\/p>\n\n\n\n<p>Obra\u0107amo se bucmastom mladi\u0107u koji nas radoznalo posmatra. &#8220;Ne&#8221;, izvinio se. &#8220;Ja sam jo\u0161 mlad da bih davao izjave.&#8221;<\/p>\n\n\n\n<h3 class=\"wp-block-heading\">Video sam Lenjina<\/h3>\n\n\n\n<p>Predstavlja se \u010dovek do njega: &#8220;Ja sam Igor, metalostrugar, prvi put imam priliku da vidim Tita i radujem se. Nisam o\u017eenjen, imam samo babu\u0161ku. Imamo lep stan u kome <strong>gotovo besplatno stanujemo<\/strong>. <strong>Besplatno grejanje<\/strong>, <strong>telefon za tri rublje mese\u010dno<\/strong>. Ne znam koliko fabrika zara\u0111uje, ali znam da sa svojih 140 rubalja mese\u010dno vedro \u017eivim. <strong>Idem u pozori\u0161te, bioskop, na \u010dajanke<\/strong>. Ne, nemam stalnu devojku, u Moskvi ima puno devojaka, a kada budem re\u0161io da se \u017eenim, ima\u0107u svoju, jedinu.&#8221;<\/p>\n\n\n\n<p>Zapazili smo lepo lice jedne tipi\u010dne Ruskinje, u tamnom radni\u010dkom mantilu. &#8220;Galina Klimakova&#8221;, rekla je. &#8220;Radnica. Naravno, vi me ne\u0107ete pitati koliko sam stara, a ja \u0107u vam re\u0107i da ovde radim vi\u0161e od 20 godina. Imam sina u armiji. Zara\u0111ujem 170 rubalja mese\u010dno, vi\u0161e i od nekih mu\u0161karaca. Eno, ide Tito&#8230;&#8221;<\/p>\n\n\n\n<p>Tito se pojavio na drugom kraju fabri\u010dke ulice. Masa se zatalasala. Iskoristili smo priliku da porazgovaramo jo\u0161 sa nekim. Me\u0111u nama je i Konstantin Barsukov, stariji \u010dovek, vedra drugar\u010dina. &#8220;Ovde sam vi\u0161e od \u010detrdeset godina&#8221;, ka\u017ee. &#8220;I mogao sam u penziju, ali nisam hteo. Dva sina sam sam i\u0161kolovao, jedan \u0107e uskoro da doktorira tehni\u010dke nauke. \u017dena i ja smo sami. A ja navikao da radim, i kako godine prolaze, sve vi\u0161e sam u fabrici. Bio sam i jedan od osniva\u010da Zavoda, 1930. godine.&#8221;<\/p>\n\n\n\n<p>&#8220;Dru\u017ee Konstantine, da li ste, mo\u017eda, kao mladi\u0107, videli Lenjina&#8221; &#8220;Da video sam ga, ovako, sasvim izbliza, u Petrogradu, 1918. na jednom mitingu. Govorio je se\u0107am se, o radni\u010dkim pravima i proleterskoj budu\u0107nosti. Nosio me je decenijama taj susret s Lenjinom.&#8221;<\/p>\n\n\n\n<p>&#8220;Jeste li \u010dlan partije?&#8221; &#8220;Ne, nisam, ne mo\u017eemo svi biti.&#8221;<\/p>\n\n\n\n<p>Tito je govorio sa sve\u010dano ukra\u0161ene tribine. &#8220;Bio sam nekada i radnik u va\u0161oj zemlji&#8230;&#8221; rekao je na po\u010detku. Radnici su ga aplauzom pozdravljali, a Titove re\u010di na ruskom, nalazile su put do srca metalaca.<\/p>\n\n\n\n<p><em>\/autor: Predrag Aleksijevi\u0107 \/ Ilustrovana politika, 1972. \/ Yugopapir\/<\/em><\/p>\n<div id=\"mojev-2720518096\" class=\"mojev-kraj-teksta mojev-entity-placement\" style=\"margin-bottom: 20px;margin-left: auto;margin-right: auto;text-align: center;\"><div class=\"mojev-adlabel\">oglas<\/div><div style=\"height: 250px;\"><script async src=\"https:\/\/pagead2.googlesyndication.com\/pagead\/js\/adsbygoogle.js?client=ca-pub-8106111766207173\"\r\n     crossorigin=\"anonymous\"><\/script>\r\n<!-- Display-1 -->\r\n<ins class=\"adsbygoogle\"\r\n     style=\"display:block\"\r\n     data-ad-client=\"ca-pub-8106111766207173\"\r\n     data-ad-slot=\"1465712950\"\r\n     data-ad-format=\"auto\"\r\n     data-full-width-responsive=\"true\"><\/ins>\r\n<script>\r\n     (adsbygoogle = window.adsbygoogle || []).push({});\r\n<\/script><\/div><\/div>","protected":false},"excerpt":{"rendered":"<p>Ja sam Igor, metalostrugar, prvi put imam priliku da vidim Tita i radujem se. Nisam o\u017eenjen, imam samo babu\u0161ku. Imamo lep stan u kome gotovo besplatno stanujemo. Besplatno grejanje, telefon za tri rublje mese\u010dno. Ne znam koliko fabrika zara\u0111uje, ali znam da sa svojih 140 rubalja mese\u010dno vedro \u017eivim. Idem u pozori\u0161te, bioskop, na \u010dajanke. Ne, nemam stalnu devojku, u Moskvi ima puno devojaka, a kada budem re\u0161io da se \u017eenim, ima\u0107u svoju, jedinu.<\/p>\n","protected":false},"author":1,"featured_media":21442,"comment_status":"closed","ping_status":"closed","sticky":false,"template":"","format":"standard","meta":{"footnotes":""},"categories":[2],"tags":[1540,188,714,1539,328,1328,110],"class_list":["post-21440","post","type-post","status-publish","format-standard","has-post-thumbnail","hentry","category-mozaik","tag-breznjev","tag-jugoslavija","tag-komunizam","tag-poljubac","tag-retro","tag-rusija","tag-tito"],"_links":{"self":[{"href":"https:\/\/www.mojevrijeme.hr\/magazin\/wp-json\/wp\/v2\/posts\/21440","targetHints":{"allow":["GET"]}}],"collection":[{"href":"https:\/\/www.mojevrijeme.hr\/magazin\/wp-json\/wp\/v2\/posts"}],"about":[{"href":"https:\/\/www.mojevrijeme.hr\/magazin\/wp-json\/wp\/v2\/types\/post"}],"author":[{"embeddable":true,"href":"https:\/\/www.mojevrijeme.hr\/magazin\/wp-json\/wp\/v2\/users\/1"}],"replies":[{"embeddable":true,"href":"https:\/\/www.mojevrijeme.hr\/magazin\/wp-json\/wp\/v2\/comments?post=21440"}],"version-history":[{"count":0,"href":"https:\/\/www.mojevrijeme.hr\/magazin\/wp-json\/wp\/v2\/posts\/21440\/revisions"}],"wp:featuredmedia":[{"embeddable":true,"href":"https:\/\/www.mojevrijeme.hr\/magazin\/wp-json\/wp\/v2\/media\/21442"}],"wp:attachment":[{"href":"https:\/\/www.mojevrijeme.hr\/magazin\/wp-json\/wp\/v2\/media?parent=21440"}],"wp:term":[{"taxonomy":"category","embeddable":true,"href":"https:\/\/www.mojevrijeme.hr\/magazin\/wp-json\/wp\/v2\/categories?post=21440"},{"taxonomy":"post_tag","embeddable":true,"href":"https:\/\/www.mojevrijeme.hr\/magazin\/wp-json\/wp\/v2\/tags?post=21440"}],"curies":[{"name":"wp","href":"https:\/\/api.w.org\/{rel}","templated":true}]}}