{"id":21659,"date":"2019-01-24T17:16:00","date_gmt":"2019-01-24T16:16:00","guid":{"rendered":"https:\/\/www.mojevrijeme.hr\/magazin\/?p=21659"},"modified":"2019-01-24T17:16:01","modified_gmt":"2019-01-24T16:16:01","slug":"varazdin-ce-umirovljenim-samcima-sufinancirati-odvoz-smeca","status":"publish","type":"post","link":"https:\/\/www.mojevrijeme.hr\/magazin\/2019\/01\/varazdin-ce-umirovljenim-samcima-sufinancirati-odvoz-smeca\/","title":{"rendered":"Vara\u017edin \u0107e umirovljenim samcima sufinancirati odvoz sme\u0107a"},"content":{"rendered":"\n<p>U Prora\u010dunu Grada Vara\u017edina za 2019. godinu osigurano je 400 tisu\u0107a kuna kojima \u0107e se sufinancirati mjese\u010dno pla\u0107anje ra\u010duna \u010cisto\u0107e za sva sama\u010dka umirovljeni\u010dka ku\u0107anstva s iznosom od <strong>15 kuna po ra\u010dunu<\/strong>. <\/p>\n\n\n\n<p>&#8220;Ovime Grad pokazuje i potvr\u0111uje da zna prepoznati\u00a0 socijalni trenutak i da\u00a0 ima socijalnu osjetljivost\u00a0 te\u00a0 da u skladu s obzirno\u0161\u0107u prema starijim gra\u0111anima, umirovljenicima koji su samci mo\u017ee donijeti mjeru koja \u0107e pomo\u0107i da se ubla\u017ei taj socijalni rascjep i pobolj\u0161ati standard umirovljenika&#8221;\u00a0 istaknuo je gradona\u010delnik <strong>Ivan \u010cehok<\/strong>. <\/p>\n\n\n\n<p>Kako bi ostavili svoje pravo na sufinanciranje odvoza\notpada, umirovljenici trebaju preuzeti obrazac na web stranicama Grada ili u\nUpravnom odjelu za komunalni sustav, urbanizam i za\u0161titu okoli\u0161a na Trgu\nslobode 12, ispuniti&nbsp; ga i donijeti&nbsp; natrag zajedno sa zadnjom kopijom ra\u010duna iz\n\u010cisto\u0107e, potvrdom iz policije ili predstavnika stanara da je na odre\u0111enoj\nadresi ( ku\u0107i ili stanu) prijavljena jedna osoba. Zahtjev je potrebno predati\ndo 20. u mjesecu, a dokumentaciji je potrebno prilo\u017eiti i&nbsp; odrezak mirovine ili potvrdu iz mirovinskog\nosiguranja da je osoba u mirovini.<\/p><div id=\"mojev-2536115024\" class=\"mojev-u-tekstu mojev-entity-placement\" style=\"margin-left: auto;margin-right: auto;text-align: center;\"><div class=\"mojev-adlabel\">oglas<\/div><div style=\"height: 250px;\"><script async src=\"https:\/\/pagead2.googlesyndication.com\/pagead\/js\/adsbygoogle.js?client=ca-pub-8106111766207173\"\r\n     crossorigin=\"anonymous\"><\/script>\r\n<!-- Prikazni 1 u tekstu -->\r\n<ins class=\"adsbygoogle\"\r\n     style=\"display:block\"\r\n     data-ad-client=\"ca-pub-8106111766207173\"\r\n     data-ad-slot=\"8535551207\"\r\n     data-ad-format=\"auto\"\r\n     data-full-width-responsive=\"true\"><\/ins>\r\n<script>\r\n     (adsbygoogle = window.adsbygoogle || []).push({});\r\n<\/script><\/div><\/div><br style=\"clear: both; display: block; float: none;\"\/>\n<div id=\"mojev-2991256544\" class=\"mojev-kraj-teksta mojev-entity-placement\" style=\"margin-bottom: 20px;margin-left: auto;margin-right: auto;text-align: center;\"><div class=\"mojev-adlabel\">oglas<\/div><div style=\"height: 250px;\"><script async src=\"https:\/\/pagead2.googlesyndication.com\/pagead\/js\/adsbygoogle.js?client=ca-pub-8106111766207173\"\r\n     crossorigin=\"anonymous\"><\/script>\r\n<!-- Display-1 -->\r\n<ins class=\"adsbygoogle\"\r\n     style=\"display:block\"\r\n     data-ad-client=\"ca-pub-8106111766207173\"\r\n     data-ad-slot=\"1465712950\"\r\n     data-ad-format=\"auto\"\r\n     data-full-width-responsive=\"true\"><\/ins>\r\n<script>\r\n     (adsbygoogle = window.adsbygoogle || []).push({});\r\n<\/script><\/div><\/div>","protected":false},"excerpt":{"rendered":"<p>Kako bi ostavili svoje pravo na sufinanciranje odvoza otpada, umirovljenici trebaju preuzeti obrazac na web stranicama Grada ili u Upravnom odjelu za komunalni sustav, urbanizam i za\u0161titu okoli\u0161a na Trgu slobode 12, ispuniti  ga i donijeti  natrag zajedno sa zadnjom kopijom ra\u010duna iz \u010cisto\u0107e, potvrdom iz policije ili predstavnika stanara da je na odre\u0111enoj adresi ( ku\u0107i ili stanu) prijavljena jedna osoba. <\/p>\n","protected":false},"author":1,"featured_media":19546,"comment_status":"closed","ping_status":"closed","sticky":false,"template":"","format":"standard","meta":{"footnotes":""},"categories":[9],"tags":[737,877],"class_list":["post-21659","post","type-post","status-publish","format-standard","has-post-thumbnail","hentry","category-vijesti","tag-rezije","tag-varazdin"],"_links":{"self":[{"href":"https:\/\/www.mojevrijeme.hr\/magazin\/wp-json\/wp\/v2\/posts\/21659","targetHints":{"allow":["GET"]}}],"collection":[{"href":"https:\/\/www.mojevrijeme.hr\/magazin\/wp-json\/wp\/v2\/posts"}],"about":[{"href":"https:\/\/www.mojevrijeme.hr\/magazin\/wp-json\/wp\/v2\/types\/post"}],"author":[{"embeddable":true,"href":"https:\/\/www.mojevrijeme.hr\/magazin\/wp-json\/wp\/v2\/users\/1"}],"replies":[{"embeddable":true,"href":"https:\/\/www.mojevrijeme.hr\/magazin\/wp-json\/wp\/v2\/comments?post=21659"}],"version-history":[{"count":0,"href":"https:\/\/www.mojevrijeme.hr\/magazin\/wp-json\/wp\/v2\/posts\/21659\/revisions"}],"wp:featuredmedia":[{"embeddable":true,"href":"https:\/\/www.mojevrijeme.hr\/magazin\/wp-json\/wp\/v2\/media\/19546"}],"wp:attachment":[{"href":"https:\/\/www.mojevrijeme.hr\/magazin\/wp-json\/wp\/v2\/media?parent=21659"}],"wp:term":[{"taxonomy":"category","embeddable":true,"href":"https:\/\/www.mojevrijeme.hr\/magazin\/wp-json\/wp\/v2\/categories?post=21659"},{"taxonomy":"post_tag","embeddable":true,"href":"https:\/\/www.mojevrijeme.hr\/magazin\/wp-json\/wp\/v2\/tags?post=21659"}],"curies":[{"name":"wp","href":"https:\/\/api.w.org\/{rel}","templated":true}]}}