{"id":21677,"date":"2019-01-25T12:15:17","date_gmt":"2019-01-25T11:15:17","guid":{"rendered":"https:\/\/www.mojevrijeme.hr\/magazin\/?p=21677"},"modified":"2019-01-25T12:15:18","modified_gmt":"2019-01-25T11:15:18","slug":"napokon-potvrdeno-za-vasu-debljinu-doista-su-krivi-vasi-geni","status":"publish","type":"post","link":"https:\/\/www.mojevrijeme.hr\/magazin\/2019\/01\/napokon-potvrdeno-za-vasu-debljinu-doista-su-krivi-vasi-geni\/","title":{"rendered":"Napokon potvr\u0111eno: Za va\u0161u debljinu doista su krivi va\u0161i geni"},"content":{"rendered":"\n<p>Mr\u0161avi ljudi su mr\u0161avi radi svoje genetske predisponiranosti, a ne nu\u017eno radi stila \u017eivota i discipline kad je u pitanju prehrana i tjelovje\u017eba, otkriva <a href=\"https:\/\/journals.plos.org\/plosgenetics\/\" target=\"_blank\" rel=\"noreferrer noopener\" aria-label=\" (opens in a new tab)\">novo istra\u017eivanje<\/a>. Znanstvenici s Cambridgea da je genetska podjela karata bila sklonija onim mr\u0161avima, a ne\u0161to lo\u0161ije karte su dobili oni koji muku mu\u010de s prekomjernom te\u017einom.<\/p>\n\n\n\n<p>&#8220;Ovo istra\u017eivanje prvi puta dokazuje da su zdravi vitki ljudi op\u0107enito mr\u0161avi radi povoljni gena, a ne zato \u0161to su moralno superiorniji u odnosu na one pretile, kako neki ljudi vole misliti&#8221;, rekao je voditelj studije, profesor <strong>Sadaf Farooqi<\/strong>\u00a0s Instututa za metabolizam na Sveu\u010dili\u0161tu Cambridge.<\/p>\n\n\n\n<p>Iako je vrlo lako osu\u0111ivati i kritizirati predebele ljude, znanost pokazuje da su stvari puno kompliciranije od toga. &#8220;Nad vlastitom te\u017einom imamo puno manje kontrole nego \u0161to bismo \u017eeljeli misliti&#8221;, rekao je profesor Farooqi.<\/p><div id=\"mojev-3216353664\" class=\"mojev-u-tekstu mojev-entity-placement\" style=\"margin-left: auto;margin-right: auto;text-align: center;\"><div class=\"mojev-adlabel\">oglas<\/div><div style=\"height: 250px;\"><script async src=\"https:\/\/pagead2.googlesyndication.com\/pagead\/js\/adsbygoogle.js?client=ca-pub-8106111766207173\"\r\n     crossorigin=\"anonymous\"><\/script>\r\n<!-- Prikazni 1 u tekstu -->\r\n<ins class=\"adsbygoogle\"\r\n     style=\"display:block\"\r\n     data-ad-client=\"ca-pub-8106111766207173\"\r\n     data-ad-slot=\"8535551207\"\r\n     data-ad-format=\"auto\"\r\n     data-full-width-responsive=\"true\"><\/ins>\r\n<script>\r\n     (adsbygoogle = window.adsbygoogle || []).push({});\r\n<\/script><\/div><\/div><br style=\"clear: both; display: block; float: none;\"\/>\n\n\n\n<p>U sklopu STILTS istra\u017eivanja <em>(Study Into Lean and Thin Subjects)<\/em>, usporedili DNA <strong>1.622 mr\u0161ave i 1.985 debelih osoba<\/strong> te jo\u0161 10.433 osobe prosje\u010dne te\u017einekoji su bili kontrolna grupa. Znanstvenici priznaju da laka dostupnost visokokalori\u010dne hrane i sjedila\u010dki na\u010din \u017eivota doprinose gomilanju suvi\u0161nih kilograma, no nagla\u0161avaju da postoje zna\u010dajne razlike unutar populacije koje dijele istu okolinu.<\/p>\n\n\n\n<p>&#8220;Ve\u0107 otprije znamo da ljudi mogu biti mr\u0161avi iz razli\u010ditih razloga. Neki jednostavno nemaju pretjeran interes za hranom, dok drugi mogu pojesti \u0161to \u017eele a da se ne udebljaju. Ako uspijemo prona\u0107i gene koji prije\u010de nagomilavanje kila, mo\u017eda \u0107emo uspjeti targetirati ba\u0161 te gene kako bismo na\u0161li nov na\u010din kako pomo\u0107i ljudima s prekomjernom te\u017einom&#8221;, ka\u017ee profesor Farooqi.<\/p>\n<div id=\"mojev-1229225713\" class=\"mojev-kraj-teksta mojev-entity-placement\" style=\"margin-bottom: 20px;margin-left: auto;margin-right: auto;text-align: center;\"><div class=\"mojev-adlabel\">oglas<\/div><div style=\"height: 250px;\"><script async src=\"https:\/\/pagead2.googlesyndication.com\/pagead\/js\/adsbygoogle.js?client=ca-pub-8106111766207173\"\r\n     crossorigin=\"anonymous\"><\/script>\r\n<!-- Display-1 -->\r\n<ins class=\"adsbygoogle\"\r\n     style=\"display:block\"\r\n     data-ad-client=\"ca-pub-8106111766207173\"\r\n     data-ad-slot=\"1465712950\"\r\n     data-ad-format=\"auto\"\r\n     data-full-width-responsive=\"true\"><\/ins>\r\n<script>\r\n     (adsbygoogle = window.adsbygoogle || []).push({});\r\n<\/script><\/div><\/div>","protected":false},"excerpt":{"rendered":"<p>&#8220;Evo, ne jedem ni\u0161ta, a debljam se! I da popijem \u010da\u0161u vode, to bi mi se poznalo na bokovima&#8221; &#8211; vjerojatno ste \u010desto puta \u010duli ovakvu pritu\u017ebu. Znanstvenici su sada ustanovili da u tome ima i mnogo istine jer su otkrili gen koji je zaslu\u017ean \u0161to su neki ljudi mr\u0161avi. <\/p>\n","protected":false},"author":4,"featured_media":21686,"comment_status":"closed","ping_status":"closed","sticky":false,"template":"","format":"standard","meta":{"footnotes":""},"categories":[3],"tags":[1560,371,370],"class_list":["post-21677","post","type-post","status-publish","format-standard","has-post-thumbnail","hentry","category-zdravlje","tag-genetika","tag-mrsavljenje","tag-tezina"],"_links":{"self":[{"href":"https:\/\/www.mojevrijeme.hr\/magazin\/wp-json\/wp\/v2\/posts\/21677","targetHints":{"allow":["GET"]}}],"collection":[{"href":"https:\/\/www.mojevrijeme.hr\/magazin\/wp-json\/wp\/v2\/posts"}],"about":[{"href":"https:\/\/www.mojevrijeme.hr\/magazin\/wp-json\/wp\/v2\/types\/post"}],"author":[{"embeddable":true,"href":"https:\/\/www.mojevrijeme.hr\/magazin\/wp-json\/wp\/v2\/users\/4"}],"replies":[{"embeddable":true,"href":"https:\/\/www.mojevrijeme.hr\/magazin\/wp-json\/wp\/v2\/comments?post=21677"}],"version-history":[{"count":0,"href":"https:\/\/www.mojevrijeme.hr\/magazin\/wp-json\/wp\/v2\/posts\/21677\/revisions"}],"wp:featuredmedia":[{"embeddable":true,"href":"https:\/\/www.mojevrijeme.hr\/magazin\/wp-json\/wp\/v2\/media\/21686"}],"wp:attachment":[{"href":"https:\/\/www.mojevrijeme.hr\/magazin\/wp-json\/wp\/v2\/media?parent=21677"}],"wp:term":[{"taxonomy":"category","embeddable":true,"href":"https:\/\/www.mojevrijeme.hr\/magazin\/wp-json\/wp\/v2\/categories?post=21677"},{"taxonomy":"post_tag","embeddable":true,"href":"https:\/\/www.mojevrijeme.hr\/magazin\/wp-json\/wp\/v2\/tags?post=21677"}],"curies":[{"name":"wp","href":"https:\/\/api.w.org\/{rel}","templated":true}]}}