{"id":21947,"date":"2019-02-01T19:51:51","date_gmt":"2019-02-01T18:51:51","guid":{"rendered":"https:\/\/www.mojevrijeme.hr\/magazin\/?p=21947"},"modified":"2019-04-17T17:10:08","modified_gmt":"2019-04-17T15:10:08","slug":"jugoslavija-nerad-inflacija-poskupljenja-birokracija-i-potkradanje-firmi","status":"publish","type":"post","link":"https:\/\/www.mojevrijeme.hr\/magazin\/2019\/02\/jugoslavija-nerad-inflacija-poskupljenja-birokracija-i-potkradanje-firmi\/","title":{"rendered":"Jugoslavija: Nerad, inflacija, poskupljenja, birokracija i potkradanje firmi"},"content":{"rendered":"\r\n<p>&#8220;Ako komunisti i socijalisti ne rasvijetle do kraja problem dr\u017eavno-birokratskog monopola i despotije koja se pompezno prikazuje kao diktatura proleterijata, onda komunisti mogu odigrati ne samo konzervativnu nego i reakcionarnu ulogu&#8221;, pisao je <strong>1982. godine beogradski Zum reporter<\/strong>. Prilog prenosimo u cijelosti.<\/p>\r\n\r\n\r\n\r\n<p>Pro\u0161li su novogodi\u0161nji praznici, pukla ko\u010dnica na vozilu za cene. Odo\u0161mo! Ura! Prvo nas je predlogom o pove\u0107anju za lepih 25% \u0161armantno \u0161okirala STRUJA. A pre toga smo bili \u0161okirani obe\u0107anjem (i \u010dasnom re\u010dju!) da ove godine inflacija ne sme da bude ve\u0107a od 25, pardon, od 15 odsto.<\/p>\r\n\r\n\r\n\r\n<p>Na\u0161 skromni prilog ovakvom stanju stvari izgledao bi ovako. Kad smo ve\u0107 obe\u0107ali i zarekli se da \u0107emo \u0161tedeti na svakom mestu u interesu stabilizacije, sa neskrivenim zadovoljstvom prenosim tekst Tanjugove vesti objavljen u Politici, 9. januara ove godine. Tamo stoji: &#8220;Opasno buja administracija&#8221; (to je naslov teksta). \u00a0Izdvajamo delove: &#8220;I kori\u0161\u0107enju radnog vremena bi trebalo posvetiti vi\u0161e pa\u017enje. Jer, prema nekim pokazateljima vi\u0161e od 350.000 radnih ljudi u Jugoslaviji dnevno izostaje s posla.&#8221;<\/p><div id=\"mojev-1028191578\" class=\"mojev-u-tekstu mojev-entity-placement\" style=\"margin-left: auto;margin-right: auto;text-align: center;\"><div class=\"mojev-adlabel\">oglas<\/div><div style=\"height: 250px;\"><script async src=\"https:\/\/pagead2.googlesyndication.com\/pagead\/js\/adsbygoogle.js?client=ca-pub-8106111766207173\"\r\n     crossorigin=\"anonymous\"><\/script>\r\n<!-- Prikazni 1 u tekstu -->\r\n<ins class=\"adsbygoogle\"\r\n     style=\"display:block\"\r\n     data-ad-client=\"ca-pub-8106111766207173\"\r\n     data-ad-slot=\"8535551207\"\r\n     data-ad-format=\"auto\"\r\n     data-full-width-responsive=\"true\"><\/ins>\r\n<script>\r\n     (adsbygoogle = window.adsbygoogle || []).push({});\r\n<\/script><\/div><\/div><br style=\"clear: both; display: block; float: none;\"\/>\r\n\r\n\r\n\r\n<h3 class=\"wp-block-heading\">Digne\u0161 bolovanje pa radi\u0161 na njivi<\/h3>\r\n\r\n\r\n\r\n<p>Tu je u pitanju sigurno sopstveno imanje &#8211; radi\u0161 kod sebe na njivi ili u ba\u0161ti, a socijalno ti nadoknadi izostanak. \u010cist ra\u010dun, duga ljubav. Dok &#8220;boluje\u0161&#8221; na svojoj njivi, preduze\u0107e ti plati \u0161to nisi ni nosa promolio u njegovu halu. Kud bi bolje!<\/p>\r\n\r\n\r\n\r\n<p>Ima jo\u0161: &#8220;Zapo\u0161ljavanje u vanprivredi je i dalje problem kome se mora posvetiti ve\u0107a pa\u017enja. I pored svih upozorenja pove\u0107ava se administracija, pa danas, od \u0161est miliona zaposlenih u dru\u0161tvenom sektoru u nas, samo oko dva miliona lica radi u industriji.\u201c<\/p>\r\n\r\n\r\n\r\n<h3 class=\"wp-block-heading\">Put na teret firme<\/h3>\r\n\r\n\r\n\r\n<p>&#8220;Nije obuzdano ni tro\u0161enje dru\u0161tvenih sredstava za dnevnice, reprezentaciju i putne tro\u0161kove. Samo su tro\u0161kovi za reprezentaciju za \u0161est meseci pro\u0161le godine, u pore\u0111enju sa istim vremenom u 1980, u privredi porasli za 43%, dok su dnevnice za slu\u017ebena putovanja u inostranstvo porasle za 54%, a da izvoz pri tom nije znatnije pove\u0107an.&#8221;<\/p>\r\n\r\n\r\n\r\n<p>Ha, kad smo takvi po prirodi. Volimo da putujemo. S obzirom na devalvaciju dinara, i ne \u010dudi \u0161to su tro\u0161kovi putovanja u inostranstvo tako malo porasli, samo 53 odsto.<\/p>\r\n\r\n\r\n\r\n<p>Na\u0161 narod ka\u017ee: &#8220;Ne kuva pitu ko ima ve\u0107 ko je nau\u010dio&#8221;. Pa sad, ako je na\u0161 predstavnik navikao da putuje, na\u0107i \u0107e taj na\u010dina da se nekud dene, makar mu se samo prohtelo pi\u0161nuti na Jelisejskim poljima, ili u Majnu.<\/p>\r\n\r\n\r\n\r\n<h3 class=\"wp-block-heading\">Slu\u017ebeni auto u privatne svrhe<\/h3>\r\n\r\n\r\n\r\n<p>Za izvoz, za potrebe radne organizacije ko te pita. Jesi li bio preko? Jesam! Ima jo\u0161 toga: &#8220;I tro\u0161kovi kori\u0161\u0107enja slu\u017ebenih automobila stalno rastu i pro\u0161iruje se broj lica kojima slu\u017ebeni automobili stoje za li\u010dno kori\u0161\u0107enje. Kori\u0161\u0107enje slu\u017ebenih kola u privatne svrhe, re\u010deno je na sednici, iritira javnost. Zato ovu pojavu treba suzbiti do kraja.&#8221;<\/p>\r\n\r\n\r\n\r\n<p>Kako \u0161ofer slu\u017ebenih kola da suzbije svog \u0161efa koji mu jednostavno, uz sme\u0161ak, ka\u017ee: &#8220;Pali, burazeru, moram da stignem.&#8221;<\/p>\r\n\r\n\r\n\r\n<p>Koliko se to puta ponovi u toku dana, u radno i neradno vreme. Te\u0161ko \u0107e upaliti to sa ga\u0161enjem slu\u017ebenih automobila u svako doba dana i no\u0107i. Kad mo\u017ee da ih ima omladinski funkcioner u nekoj provinciji, \u0161to ih ne bi imala i radna organizacija!<\/p>\r\n\r\n\r\n\r\n<h3 class=\"wp-block-heading\">Od 6 milijuna zaposlenih, samo dva milijuna u industriji<\/h3>\r\n\r\n\r\n\r\n<p>Za kraj smo ostavili onu cifru od \u0161est miliona zaposlenih u dru\u0161tvenom sektoru, a samo oko dva miliona od tog broja u industriji. Naime, re\u010d je o fenomenu bujanja birokratije.<\/p>\r\n\r\n\r\n\r\n<p>Koliko su se puta na\u0161i rukovode\u0107i ljudi i forumi u kojima sede i odlu\u010duju, zarekli, \u010dak zakonskim klauzulama, da nema govora o pove\u0107anju birokratskog aparata &#8211; pa uzalud. Protivno svim pravilima, crv birokratije ima protiv sebe ni\u0161tavno stablo i bu\u0161i ga kao pacov sir. Prodire i prodire, i uve\u0107ava se njegovo glomazno telo. Otud nam je tako kako jeste. A lek se izgleda, bez radikalnijeg reza, ne\u0107e ni mo\u0107i na\u0107i.<\/p>\r\n\r\n\r\n\r\n<p>Hteo bih samo da podsetim na re\u010di profesora Vranickog iz &#8220;Marksizma i socijalizma: &#8220;Ako komunisti i socijalisti ne rasvijetle do kraja problem dr\u017eavno-birokratskog monopola i despotije koja se pompezno prikazuje kao diktatura proleterijata &#8211; onda komunisti mogu odigrati ne samo konzervativnu nego i reakcionarnu ulogu. A to je za komuniste i marksiste sigurno najnepo\u017eeljnije re\u0161enje.&#8221;<\/p>\r\n\r\n\r\n\r\n<p>Utoliko se i pitamo: je li mogu\u0107e da smo dogurali dotle da nam se birokratski aparat umno\u017eava sam od sebe i da ne mo\u017eemo da zaustavimo taj \u010dudan oblak skakavaca? Odatle bi mo\u017eda bilo daleko korisnije po\u010deti razgovor o stabilizaciji. Ali: mi u klin, mi u plo\u010du &#8230; mi u prst, mi po prstu.<\/p>\r\n\r\n\r\n\r\n<p><em>\/autor: Milan Nenadi\u0107 \/ Zum reporter, 1982. \/ Yugopapir \/<\/em><\/p>\r\n\r\n\r\n\r\n<div id=\"crveno\"><\/p>\r\n\r\n\r\n\r\n<figure class=\"wp-block-image\"><a href=\"https:\/\/www.mojevrijeme.hr\/magazin\/2018\/12\/jugonostalgija-krali-smo-pomalo-korupcije-i-nepotizma-je-bilo-ali-bilo-nam-je-lijepo\/\"><img loading=\"lazy\" decoding=\"async\" class=\"alignnone wp-image-19745\" src=\"https:\/\/www.mojevrijeme.hr\/magazin\/wp-content\/uploads\/2018\/12\/jugoslavija-sedamdesetih3-740x410.jpg\" alt=\"\" width=\"740\" height=\"410\" srcset=\"https:\/\/www.mojevrijeme.hr\/magazin\/wp-content\/uploads\/2018\/12\/jugoslavija-sedamdesetih3.jpg 740w, https:\/\/www.mojevrijeme.hr\/magazin\/wp-content\/uploads\/2018\/12\/jugoslavija-sedamdesetih3-636x352.jpg 636w\" sizes=\"auto, (max-width: 740px) 100vw, 740px\" \/><\/a>\r\n<figcaption>Jugoslavija, 1972.<\/figcaption>\r\n<\/figure>\r\n\r\n\r\n\r\n<h3 class=\"wp-block-heading\"><a href=\"https:\/\/www.mojevrijeme.hr\/magazin\/2018\/12\/jugonostalgija-krali-smo-pomalo-korupcije-i-nepotizma-je-bilo-ali-bilo-nam-je-lijepo\/\" target=\"_blank\" rel=\"noopener noreferrer\"><em>Razgovor: &#8220;U Jugoslaviji\u00a0 smo krali\u00a0\u00a0pomalo, korupcije i nepotizma je bilo, ali bilo nam je lijepo&#8221;<\/em><\/a><\/h3>\r\n\r\n\r\n\r\n<p><\/div>\r\n<div id=\"mojev-1419624357\" class=\"mojev-kraj-teksta mojev-entity-placement\" style=\"margin-bottom: 20px;margin-left: auto;margin-right: auto;text-align: center;\"><div class=\"mojev-adlabel\">oglas<\/div><div style=\"height: 250px;\"><script async src=\"https:\/\/pagead2.googlesyndication.com\/pagead\/js\/adsbygoogle.js?client=ca-pub-8106111766207173\"\r\n     crossorigin=\"anonymous\"><\/script>\r\n<!-- Display-1 -->\r\n<ins class=\"adsbygoogle\"\r\n     style=\"display:block\"\r\n     data-ad-client=\"ca-pub-8106111766207173\"\r\n     data-ad-slot=\"1465712950\"\r\n     data-ad-format=\"auto\"\r\n     data-full-width-responsive=\"true\"><\/ins>\r\n<script>\r\n     (adsbygoogle = window.adsbygoogle || []).push({});\r\n<\/script><\/div><\/div>","protected":false},"excerpt":{"rendered":"<p>Kori\u0161tenju radnog vremena bi trebalo posvetiti vi\u0161e pa\u017enje. Jer, prema nekim pokazateljima vi\u0161e od 350.000 radnih ljudi u Jugoslaviji dnevno izostaje s posla. Tu je u pitanju sigurno vlastito imanje &#8211; radi\u0161 kod sebe na njivi ili u vrtu, a socijalno ti nadoknadi izostanak. \u010cist ra\u010dun, duga ljubav. Dok boluje\u0161 na svojoj njivi, poduze\u0107e ti plati \u0161to nisi ni nosa promolio u njegovu halu. Kud bi bolje!<\/p>\n","protected":false},"author":1,"featured_media":18238,"comment_status":"closed","ping_status":"closed","sticky":false,"template":"","format":"standard","meta":{"footnotes":""},"categories":[2],"tags":[30,188,328],"class_list":["post-21947","post","type-post","status-publish","format-standard","has-post-thumbnail","hentry","category-mozaik","tag-gospodarstvo","tag-jugoslavija","tag-retro"],"_links":{"self":[{"href":"https:\/\/www.mojevrijeme.hr\/magazin\/wp-json\/wp\/v2\/posts\/21947","targetHints":{"allow":["GET"]}}],"collection":[{"href":"https:\/\/www.mojevrijeme.hr\/magazin\/wp-json\/wp\/v2\/posts"}],"about":[{"href":"https:\/\/www.mojevrijeme.hr\/magazin\/wp-json\/wp\/v2\/types\/post"}],"author":[{"embeddable":true,"href":"https:\/\/www.mojevrijeme.hr\/magazin\/wp-json\/wp\/v2\/users\/1"}],"replies":[{"embeddable":true,"href":"https:\/\/www.mojevrijeme.hr\/magazin\/wp-json\/wp\/v2\/comments?post=21947"}],"version-history":[{"count":0,"href":"https:\/\/www.mojevrijeme.hr\/magazin\/wp-json\/wp\/v2\/posts\/21947\/revisions"}],"wp:featuredmedia":[{"embeddable":true,"href":"https:\/\/www.mojevrijeme.hr\/magazin\/wp-json\/wp\/v2\/media\/18238"}],"wp:attachment":[{"href":"https:\/\/www.mojevrijeme.hr\/magazin\/wp-json\/wp\/v2\/media?parent=21947"}],"wp:term":[{"taxonomy":"category","embeddable":true,"href":"https:\/\/www.mojevrijeme.hr\/magazin\/wp-json\/wp\/v2\/categories?post=21947"},{"taxonomy":"post_tag","embeddable":true,"href":"https:\/\/www.mojevrijeme.hr\/magazin\/wp-json\/wp\/v2\/tags?post=21947"}],"curies":[{"name":"wp","href":"https:\/\/api.w.org\/{rel}","templated":true}]}}