{"id":22728,"date":"2019-02-20T10:57:46","date_gmt":"2019-02-20T09:57:46","guid":{"rendered":"https:\/\/www.mojevrijeme.hr\/magazin\/?p=22728"},"modified":"2019-02-20T11:04:58","modified_gmt":"2019-02-20T10:04:58","slug":"vidite-li-na-ovoj-slici-seksualno-zlostavljanje-ili-srecu-zbog-zavrsetka-krvavog-rata","status":"publish","type":"post","link":"https:\/\/www.mojevrijeme.hr\/magazin\/2019\/02\/vidite-li-na-ovoj-slici-seksualno-zlostavljanje-ili-srecu-zbog-zavrsetka-krvavog-rata\/","title":{"rendered":"Vidite li na ovoj slici seksualno zlostavljanje ili sre\u0107u zbog zavr\u0161etka krvavog rata?"},"content":{"rendered":"\n<p>Gotovo da nema medija koji nije javio o smrti <strong>Georgea Mendonse<\/strong>, ameri\u010dkog mornara koji je poljubio njemu nepoznatu medicinsku sestru na Timesu Squareu slave\u0107i zavr\u0161etak drugog svjetskog rata. <\/p>\n\n\n\n<p>Fotografija tog ekstati\u010dnog trenutka, koju je snimio <strong>Alfred Eisenstaedt<\/strong>, dio je popularne kulture i desetlje\u0107ima je simbolizirala novi \u017eivot i sre\u0107u zbog poraza nacizma. No nekada\u0161nja romanti\u010dna razglednica u dana\u0161njem se vremenu tuma\u010di kao dokaz brutalnog seksualnog zlostavljanja. Naime, George Mendosa nije dobio dopu\u0161tenje <strong>Grete Friedman<\/strong> da je poljubi. <\/p>\n\n\n\n<p>Friedman je svojevremeno ispri\u010dala kako je &#8220;uhva\u0107ena na prepad&#8221;, no ni\u0161ta nije zamjerila Mendosi, smatraju\u0107i da se radilo o &#8220;radosnom trenutku u kojem se slavio zavr\u0161etak u\u017easnog rata&#8221;.<\/p><div id=\"mojev-913710414\" class=\"mojev-u-tekstu mojev-entity-placement\" style=\"margin-left: auto;margin-right: auto;text-align: center;\"><div class=\"mojev-adlabel\">oglas<\/div><div style=\"height: 250px;\"><script async src=\"https:\/\/pagead2.googlesyndication.com\/pagead\/js\/adsbygoogle.js?client=ca-pub-8106111766207173\"\r\n     crossorigin=\"anonymous\"><\/script>\r\n<!-- Prikazni 1 u tekstu -->\r\n<ins class=\"adsbygoogle\"\r\n     style=\"display:block\"\r\n     data-ad-client=\"ca-pub-8106111766207173\"\r\n     data-ad-slot=\"8535551207\"\r\n     data-ad-format=\"auto\"\r\n     data-full-width-responsive=\"true\"><\/ins>\r\n<script>\r\n     (adsbygoogle = window.adsbygoogle || []).push({});\r\n<\/script><\/div><\/div><br style=\"clear: both; display: block; float: none;\"\/>\n\n\n\n<p>Ipak, samo dan nakon smrti vojnika sa slike, u Saratosi na Floridi vandalizirana je statua &#8220;Bezuvjetna predaja&#8221; koja prikazuje taj trenutak. \u00a0Na njoj je crvenim sprejem napisano<em> <\/em><strong><em>#metoo<\/em><\/strong>, a policija \u0161tetu procjenjuje na tisu\u0107u dolara. Komentatori na dru\u0161tvenim mre\u017eama su podijeljeni; dok jedni tvrde kako spomenik treba ukloniti, jer prikazuje seksualno nasilje, drugi misle da dana\u0161njim mjerilima ne mo\u017eemo mjeriti doga\u0111aje iz 1945. godine.<\/p>\n\n\n\n<p>Podsjetimo, <em>#metoo<\/em> oznaka <em>(hashtag)<\/em>, koja je kasnije prerasla i u pokret, simbolizira otpor seksualnom zlostavljanju. Pod njom su brojne \u017eene na dru\u0161tvenim mre\u017eama progovorile o seksualnim zlostavljanjima koje su do\u017eivjele, naj\u010de\u0161\u0107e na radnom mjestu. <em>#metoo<\/em> pokret smatra se najuspje\u0161nijom feministi\u010dkom akcijom u digitalnom svijetu.<\/p>\n\n\n\n<figure class=\"wp-block-image\"><img loading=\"lazy\" decoding=\"async\" width=\"740\" height=\"494\" src=\"https:\/\/www.mojevrijeme.hr\/magazin\/wp-content\/uploads\/2019\/02\/metooo-740x494.jpg\" alt=\"\" class=\"wp-image-22730\" srcset=\"https:\/\/www.mojevrijeme.hr\/magazin\/wp-content\/uploads\/2019\/02\/metooo-740x494.jpg 740w, https:\/\/www.mojevrijeme.hr\/magazin\/wp-content\/uploads\/2019\/02\/metooo-636x424.jpg 636w, https:\/\/www.mojevrijeme.hr\/magazin\/wp-content\/uploads\/2019\/02\/metooo-768x512.jpg 768w, https:\/\/www.mojevrijeme.hr\/magazin\/wp-content\/uploads\/2019\/02\/metooo.jpg 1000w\" sizes=\"auto, (max-width: 740px) 100vw, 740px\" \/><figcaption>foto: Sarasota Police Department<\/figcaption><\/figure>\n<div id=\"mojev-4064086400\" class=\"mojev-kraj-teksta mojev-entity-placement\" style=\"margin-bottom: 20px;margin-left: auto;margin-right: auto;text-align: center;\"><div class=\"mojev-adlabel\">oglas<\/div><div style=\"height: 250px;\"><script async src=\"https:\/\/pagead2.googlesyndication.com\/pagead\/js\/adsbygoogle.js?client=ca-pub-8106111766207173\"\r\n     crossorigin=\"anonymous\"><\/script>\r\n<!-- Display-1 -->\r\n<ins class=\"adsbygoogle\"\r\n     style=\"display:block\"\r\n     data-ad-client=\"ca-pub-8106111766207173\"\r\n     data-ad-slot=\"1465712950\"\r\n     data-ad-format=\"auto\"\r\n     data-full-width-responsive=\"true\"><\/ins>\r\n<script>\r\n     (adsbygoogle = window.adsbygoogle || []).push({});\r\n<\/script><\/div><\/div>","protected":false},"excerpt":{"rendered":"<p>Fotografija tog ekstati\u010dnog trenutka, koju je snimio Alfred Eisenstaedt , dio je popularne kulture i desetlje\u0107ima je simbolizirala novi \u017eivot i sre\u0107u zbog poraza nacizma. No nekada\u0161nja romanti\u010dna razglednica u dana\u0161njem se vremenu tuma\u010di kao dokaz brutalnog seksualnog zlostavljanja. Naime, George Mendosa nije dobio dopu\u0161tenje Grete Friedman da ju poljubi.<\/p>\n","protected":false},"author":1,"featured_media":22734,"comment_status":"closed","ping_status":"closed","sticky":false,"template":"","format":"standard","meta":{"footnotes":""},"categories":[2],"tags":[285,1606,941],"class_list":["post-22728","post","type-post","status-publish","format-standard","has-post-thumbnail","hentry","category-mozaik","tag-feminizam","tag-metooo","tag-zlostavljanje"],"_links":{"self":[{"href":"https:\/\/www.mojevrijeme.hr\/magazin\/wp-json\/wp\/v2\/posts\/22728","targetHints":{"allow":["GET"]}}],"collection":[{"href":"https:\/\/www.mojevrijeme.hr\/magazin\/wp-json\/wp\/v2\/posts"}],"about":[{"href":"https:\/\/www.mojevrijeme.hr\/magazin\/wp-json\/wp\/v2\/types\/post"}],"author":[{"embeddable":true,"href":"https:\/\/www.mojevrijeme.hr\/magazin\/wp-json\/wp\/v2\/users\/1"}],"replies":[{"embeddable":true,"href":"https:\/\/www.mojevrijeme.hr\/magazin\/wp-json\/wp\/v2\/comments?post=22728"}],"version-history":[{"count":0,"href":"https:\/\/www.mojevrijeme.hr\/magazin\/wp-json\/wp\/v2\/posts\/22728\/revisions"}],"wp:featuredmedia":[{"embeddable":true,"href":"https:\/\/www.mojevrijeme.hr\/magazin\/wp-json\/wp\/v2\/media\/22734"}],"wp:attachment":[{"href":"https:\/\/www.mojevrijeme.hr\/magazin\/wp-json\/wp\/v2\/media?parent=22728"}],"wp:term":[{"taxonomy":"category","embeddable":true,"href":"https:\/\/www.mojevrijeme.hr\/magazin\/wp-json\/wp\/v2\/categories?post=22728"},{"taxonomy":"post_tag","embeddable":true,"href":"https:\/\/www.mojevrijeme.hr\/magazin\/wp-json\/wp\/v2\/tags?post=22728"}],"curies":[{"name":"wp","href":"https:\/\/api.w.org\/{rel}","templated":true}]}}