{"id":228,"date":"2014-02-27T17:41:58","date_gmt":"2014-02-27T16:41:58","guid":{"rendered":"http:\/\/mojevrijeme.com\/?p=228"},"modified":"2014-03-31T10:01:24","modified_gmt":"2014-03-31T08:01:24","slug":"deset-pametnih-i-optimisticnih-o-starenju","status":"publish","type":"post","link":"https:\/\/www.mojevrijeme.hr\/magazin\/2014\/02\/deset-pametnih-i-optimisticnih-o-starenju\/","title":{"rendered":"Deset pametnih i optimisti\u010dnih o starenju"},"content":{"rendered":"<p>\u0160to du\u017ee \u017eivim, \u017eivot postaje ljep\u0161i. (<strong>Frank Lloyd Wright<\/strong>)<\/p>\n<p>Nikada niste prestari za postavljanje novog cilja ili snivanje novog sna. (<strong>C.S. Lewis<\/strong>)<\/p>\n<p>Na kraju, nije va\u017eno koliko godina ste \u017eivjeli. Va\u017eno je koliko je \u017eivota bilo u va\u0161im godinama. (<strong>Abraham Lincoln<\/strong>)<\/p><div id=\"mojev-3042424441\" class=\"mojev-u-tekstu mojev-entity-placement\" style=\"margin-left: auto;margin-right: auto;text-align: center;\"><div class=\"mojev-adlabel\">oglas<\/div><div style=\"height: 250px;\"><script async src=\"https:\/\/pagead2.googlesyndication.com\/pagead\/js\/adsbygoogle.js?client=ca-pub-8106111766207173\"\r\n     crossorigin=\"anonymous\"><\/script>\r\n<!-- Prikazni 1 u tekstu -->\r\n<ins class=\"adsbygoogle\"\r\n     style=\"display:block\"\r\n     data-ad-client=\"ca-pub-8106111766207173\"\r\n     data-ad-slot=\"8535551207\"\r\n     data-ad-format=\"auto\"\r\n     data-full-width-responsive=\"true\"><\/ins>\r\n<script>\r\n     (adsbygoogle = window.adsbygoogle || []).push({});\r\n<\/script><\/div><\/div><br style=\"clear: both; display: block; float: none;\"\/>\n<p>S dvadeset godina brinemo o tome \u0161to drugi misle o nama. S \u010detrdeset nas uop\u0107e nije briga \u0161to misle o nama. Sa \u0161ezdeset shvatimo da drugi uop\u0107e nisu razmi\u0161ljali o nama. (<strong>Ann Landers<\/strong>)<\/p>\n<p>Smijeh je bezvremenski. Ma\u0161ta nema godina. Snovi su zauvijek. (<strong>Walt Disney<\/strong>)<\/p>\n<p>Nitko nije toliko star kao oni koji su nad\u017eivjeli svoj entuzijazam. (<strong>Henry David Thoreau<\/strong>)<\/p>\n<p>Bore trebaju jasno pokazivati mjesto gdje su bili osmjesi. (<strong>Mark Twain<\/strong>)<\/p>\n<p>Svatko tko prestane u\u010diti je star, bilo da ima dvadeset ili osamdeset godina. Svatko tko u\u010di ostaje mlad. (<strong>Henry Ford<\/strong>)<\/p>\n<p>Starosti trebate odgovoriti zaposlenim umom i \u017eivljenjem na na\u010din kao da \u017eivot nema kraja. (<strong>Leon Edel<\/strong>)<\/p>\n<p>Nikada niste bili stari kao \u0161to ste danas stari. Nikada ne\u0107ete vi\u0161e biti mladi kao \u0161to ste danas mladi. (<strong>Eleanor Roosevelt<\/strong>)<\/p>\n<div id=\"mojev-222506862\" class=\"mojev-kraj-teksta mojev-entity-placement\" style=\"margin-bottom: 20px;margin-left: auto;margin-right: auto;text-align: center;\"><div class=\"mojev-adlabel\">oglas<\/div><div style=\"height: 250px;\"><script async src=\"https:\/\/pagead2.googlesyndication.com\/pagead\/js\/adsbygoogle.js?client=ca-pub-8106111766207173\"\r\n     crossorigin=\"anonymous\"><\/script>\r\n<!-- Display-1 -->\r\n<ins class=\"adsbygoogle\"\r\n     style=\"display:block\"\r\n     data-ad-client=\"ca-pub-8106111766207173\"\r\n     data-ad-slot=\"1465712950\"\r\n     data-ad-format=\"auto\"\r\n     data-full-width-responsive=\"true\"><\/ins>\r\n<script>\r\n     (adsbygoogle = window.adsbygoogle || []).push({});\r\n<\/script><\/div><\/div>","protected":false},"excerpt":{"rendered":"<p>Starosti trebate odgovoriti zaposlenim umom i \u017eivljenjem na na\u010din kao da \u017eivot nema kraja. (Leon Edel)  Nikada niste bili stari kao \u0161to ste danas stari. Nikada ne\u0107ete vi\u0161e biti mladi kao \u0161to ste danas mladi. (Eleanor Roosevelt)<\/p>\n","protected":false},"author":1,"featured_media":229,"comment_status":"closed","ping_status":"open","sticky":false,"template":"","format":"standard","meta":{"footnotes":""},"categories":[85],"tags":[41],"class_list":["post-228","post","type-post","status-publish","format-standard","has-post-thumbnail","hentry","category-aktivno-starenje","tag-optimizam"],"_links":{"self":[{"href":"https:\/\/www.mojevrijeme.hr\/magazin\/wp-json\/wp\/v2\/posts\/228","targetHints":{"allow":["GET"]}}],"collection":[{"href":"https:\/\/www.mojevrijeme.hr\/magazin\/wp-json\/wp\/v2\/posts"}],"about":[{"href":"https:\/\/www.mojevrijeme.hr\/magazin\/wp-json\/wp\/v2\/types\/post"}],"author":[{"embeddable":true,"href":"https:\/\/www.mojevrijeme.hr\/magazin\/wp-json\/wp\/v2\/users\/1"}],"replies":[{"embeddable":true,"href":"https:\/\/www.mojevrijeme.hr\/magazin\/wp-json\/wp\/v2\/comments?post=228"}],"version-history":[{"count":0,"href":"https:\/\/www.mojevrijeme.hr\/magazin\/wp-json\/wp\/v2\/posts\/228\/revisions"}],"wp:featuredmedia":[{"embeddable":true,"href":"https:\/\/www.mojevrijeme.hr\/magazin\/wp-json\/wp\/v2\/media\/229"}],"wp:attachment":[{"href":"https:\/\/www.mojevrijeme.hr\/magazin\/wp-json\/wp\/v2\/media?parent=228"}],"wp:term":[{"taxonomy":"category","embeddable":true,"href":"https:\/\/www.mojevrijeme.hr\/magazin\/wp-json\/wp\/v2\/categories?post=228"},{"taxonomy":"post_tag","embeddable":true,"href":"https:\/\/www.mojevrijeme.hr\/magazin\/wp-json\/wp\/v2\/tags?post=228"}],"curies":[{"name":"wp","href":"https:\/\/api.w.org\/{rel}","templated":true}]}}