{"id":23005,"date":"2019-02-25T21:43:56","date_gmt":"2019-02-25T20:43:56","guid":{"rendered":"https:\/\/www.mojevrijeme.hr\/magazin\/?p=23005"},"modified":"2019-02-25T22:33:24","modified_gmt":"2019-02-25T21:33:24","slug":"alka-vuica-nepristojno-je-kad-su-javne-osobe-naborane-kao-pergament","status":"publish","type":"post","link":"https:\/\/www.mojevrijeme.hr\/magazin\/2019\/02\/alka-vuica-nepristojno-je-kad-su-javne-osobe-naborane-kao-pergament\/","title":{"rendered":"Alka Vuica: Nepristojno je kad su javne osobe naborane kao pergament"},"content":{"rendered":"\n<p>Hrvatska pjeva\u010dica <strong>Alka Vuica<\/strong> (57) za portal <a rel=\"noreferrer noopener\" aria-label=\"100posto.hr (opens in a new tab)\" href=\"https:\/\/100posto.hr\/scena\/ekskluzivno-grof-me-prosio-na-zeljeznickoj-stanici-ali-ja-sam-otisla-drugom-odbila-sam-ga-i-to-nikada-necu-prezaliti-bas-sam-bila-glupa\" target=\"_blank\">100posto.hr<\/a> progovorila je, izme\u0111u ostalog, i o vlastitom izgledu te o do\u017eivljaju starenja. Ka\u017ee, optere\u0107ena je izgledom, jer je od mladosti navikla izgledati dobro. <\/p>\n\n\n\n<p>&#8220;Mislim da je nepristojno, ako si javna osoba, izgledati kao pergament zgu\u017evani\u201c, kazala je pjeva\u010dica priznav\u0161i da joj tretmani pomla\u0111ivanja nisu strani: &#8220;Idem na sve!&#8221;  Od ljeta, ka\u017ee, nije ubrizgavala botoks, a njen je estetski kirurg nagovara i na zatezanje lica. &#8220;Malo me je toga strah. Moram zategnut tu ko\u017eu. Hajde, budem, ali onda \u0107u biti prelijepa&#8221;, konstatirala je uz smijeh. <\/p>\n\n\n\n<p>Podsjetimo, pro\u0161le je godine izjavila i da je tijekom skijanja shvatila da je ostarila u samo mjesec dana. &#8220;Mislim da je totalna glupost da su pedesete najbolje godine, to svi la\u017eu koji tako ka\u017eu. Meni je razdoblje od tridesetih do \u010detrdesetih bilo super. Mislim da su to fantasti\u010dne godine za \u017eenu, jer je na neki na\u010din zrelija. Premda volim i svoje lude dvadesete, to mi je isto bilo dobro. Ali sve iznad pedeset mi se uop\u0107e ne svi\u0111a&#8221;, izjavila je za Novu TV Alka. <\/p><div id=\"mojev-3635201089\" class=\"mojev-u-tekstu mojev-entity-placement\" style=\"margin-left: auto;margin-right: auto;text-align: center;\"><div class=\"mojev-adlabel\">oglas<\/div><div style=\"height: 250px;\"><script async src=\"https:\/\/pagead2.googlesyndication.com\/pagead\/js\/adsbygoogle.js?client=ca-pub-8106111766207173\"\r\n     crossorigin=\"anonymous\"><\/script>\r\n<!-- Prikazni 1 u tekstu -->\r\n<ins class=\"adsbygoogle\"\r\n     style=\"display:block\"\r\n     data-ad-client=\"ca-pub-8106111766207173\"\r\n     data-ad-slot=\"8535551207\"\r\n     data-ad-format=\"auto\"\r\n     data-full-width-responsive=\"true\"><\/ins>\r\n<script>\r\n     (adsbygoogle = window.adsbygoogle || []).push({});\r\n<\/script><\/div><\/div><br style=\"clear: both; display: block; float: none;\"\/>\n<div id=\"mojev-3584534215\" class=\"mojev-kraj-teksta mojev-entity-placement\" style=\"margin-bottom: 20px;margin-left: auto;margin-right: auto;text-align: center;\"><div class=\"mojev-adlabel\">oglas<\/div><div style=\"height: 250px;\"><script async src=\"https:\/\/pagead2.googlesyndication.com\/pagead\/js\/adsbygoogle.js?client=ca-pub-8106111766207173\"\r\n     crossorigin=\"anonymous\"><\/script>\r\n<!-- Display-1 -->\r\n<ins class=\"adsbygoogle\"\r\n     style=\"display:block\"\r\n     data-ad-client=\"ca-pub-8106111766207173\"\r\n     data-ad-slot=\"1465712950\"\r\n     data-ad-format=\"auto\"\r\n     data-full-width-responsive=\"true\"><\/ins>\r\n<script>\r\n     (adsbygoogle = window.adsbygoogle || []).push({});\r\n<\/script><\/div><\/div>","protected":false},"excerpt":{"rendered":"<p>Od ljeta, ka\u017ee, nije ubrizgavala botoks, a njen je estetski kirurg nagovara na zatezanje lica. &#8216;Malo me je toga strah. Moram zategnut tu ko\u017eu. Hajde, budem, ali onda \u0107u biti prelijepa&#8217;, zaklju\u010dila je razgovor o svom izgledu.  <\/p>\n","protected":false},"author":1,"featured_media":23009,"comment_status":"closed","ping_status":"closed","sticky":false,"template":"","format":"standard","meta":{"footnotes":""},"categories":[84],"tags":[1053,869,1168,80],"class_list":["post-23005","post","type-post","status-publish","format-standard","has-post-thumbnail","hentry","category-show","tag-alka-vuica","tag-bore","tag-estetske-operacije","tag-starenje"],"_links":{"self":[{"href":"https:\/\/www.mojevrijeme.hr\/magazin\/wp-json\/wp\/v2\/posts\/23005","targetHints":{"allow":["GET"]}}],"collection":[{"href":"https:\/\/www.mojevrijeme.hr\/magazin\/wp-json\/wp\/v2\/posts"}],"about":[{"href":"https:\/\/www.mojevrijeme.hr\/magazin\/wp-json\/wp\/v2\/types\/post"}],"author":[{"embeddable":true,"href":"https:\/\/www.mojevrijeme.hr\/magazin\/wp-json\/wp\/v2\/users\/1"}],"replies":[{"embeddable":true,"href":"https:\/\/www.mojevrijeme.hr\/magazin\/wp-json\/wp\/v2\/comments?post=23005"}],"version-history":[{"count":0,"href":"https:\/\/www.mojevrijeme.hr\/magazin\/wp-json\/wp\/v2\/posts\/23005\/revisions"}],"wp:featuredmedia":[{"embeddable":true,"href":"https:\/\/www.mojevrijeme.hr\/magazin\/wp-json\/wp\/v2\/media\/23009"}],"wp:attachment":[{"href":"https:\/\/www.mojevrijeme.hr\/magazin\/wp-json\/wp\/v2\/media?parent=23005"}],"wp:term":[{"taxonomy":"category","embeddable":true,"href":"https:\/\/www.mojevrijeme.hr\/magazin\/wp-json\/wp\/v2\/categories?post=23005"},{"taxonomy":"post_tag","embeddable":true,"href":"https:\/\/www.mojevrijeme.hr\/magazin\/wp-json\/wp\/v2\/tags?post=23005"}],"curies":[{"name":"wp","href":"https:\/\/api.w.org\/{rel}","templated":true}]}}