{"id":23128,"date":"2019-03-04T10:56:39","date_gmt":"2019-03-04T09:56:39","guid":{"rendered":"https:\/\/www.mojevrijeme.hr\/magazin\/?p=23128"},"modified":"2019-03-04T10:58:25","modified_gmt":"2019-03-04T09:58:25","slug":"prestanite-mi-govoriti-da-izgledam-mlade","status":"publish","type":"post","link":"https:\/\/www.mojevrijeme.hr\/magazin\/2019\/03\/prestanite-mi-govoriti-da-izgledam-mlade\/","title":{"rendered":"Prestanite mi govoriti da izgledam mla\u0111e!"},"content":{"rendered":"\n<p>&#8220;Bila sam u nekom klubu kad sam to prvi put \u010dula&#8221;, po\u010dinje svoju pri\u010du <strong>Elizabeth Lavis<\/strong> za <a href=\"https:\/\/www.huffpost.com\/entry\/stop-telling-me-i-look-younger-than-my-age_n_5c6ec722e4b0f40774ccf446\" target=\"_blank\" rel=\"noreferrer noopener\" aria-label=\" (opens in a new tab)\">Huffington Post<\/a>.<\/p>\n\n\n\n<p>Slavili smo 30. ro\u0111endan prijateljice, a ona se pojavila u dru\u0161tvu meni nepoznatog mu\u0161karca. Oboje su bili jako dobro sre\u0111eni i izgledali vrlo moderno. On je u \u0161ali rekao kako je njemu &#8220;\u0161esta obljetnica 29. ro\u0111endana&#8221;. Iritiralo me \u0161to me primorao ra\u010dunati, a ionako se nisam osje\u0107ala ba\u0161 najbolje jer sam bila u poderanim trapericama, nisam imala niti sre\u0111enu frizuru, niti nokte. I tad se taj mu\u0161karac okrenuo mojoj prijateljici i izrekao tu re\u010denicu: &#8220;Ne brini o starenju, draga. Ionako izgleda\u0161 deset godina mla\u0111e!&#8221;<\/p>\n\n\n\n<p>Nedavno sam proslavila 39. ro\u0111endan i za\u017eeljela \u017eelju dok sam gasila svje\u0107ice na torti (da se popnem na Machu Picchu). Dosad sam ve\u0107 navikla na takve izjave: &#8220;Sretan ro\u0111endan! Izgleda\u0161 mnogo mla\u0111e od svoje dobi!&#8221;<\/p><div id=\"mojev-1179559298\" class=\"mojev-u-tekstu mojev-entity-placement\" style=\"margin-left: auto;margin-right: auto;text-align: center;\"><div class=\"mojev-adlabel\">oglas<\/div><div style=\"height: 250px;\"><script async src=\"https:\/\/pagead2.googlesyndication.com\/pagead\/js\/adsbygoogle.js?client=ca-pub-8106111766207173\"\r\n     crossorigin=\"anonymous\"><\/script>\r\n<!-- Prikazni 1 u tekstu -->\r\n<ins class=\"adsbygoogle\"\r\n     style=\"display:block\"\r\n     data-ad-client=\"ca-pub-8106111766207173\"\r\n     data-ad-slot=\"8535551207\"\r\n     data-ad-format=\"auto\"\r\n     data-full-width-responsive=\"true\"><\/ins>\r\n<script>\r\n     (adsbygoogle = window.adsbygoogle || []).push({});\r\n<\/script><\/div><\/div><br style=\"clear: both; display: block; float: none;\"\/>\n\n\n\n<p>Kao prvo, to nije to\u010dno. Izgledam upravo onako kako su moja majka i baka izgledale kad im je bilo 39. Oko o\u010diju imam bore od smijenja, pojavile su se i prve sijede, bole me le\u0111a ako se zaboravim istegnuti nakon vje\u017ebanja. Radije odlazim na plac neko u no\u0107ni provod. Osje\u0107am svaku od 39 godina provedenih na ovom svijetu i drago mi je zbog toga. Osje\u0107am se ugodno.<\/p>\n\n\n\n<p>Kao drugo, takve izjave zapravo vrije\u0111aju starije osobe. Otkrivamo svoje ili godine svojih prijatelja kao da se ispri\u010davamo i onda odmah dobijemo pljusku da mi ili oni izgledaju puno mla\u0111e od stvarne dobi. Ovakva vrsta dobizma je vrlo podmukla jer je zamaskirana u kompliment.<\/p>\n\n\n\n<p>U vremenima kad je jedna od najmo\u0107nijih \u017eena ameri\u010dke politike 78-godi\u0161nja \u017eena, doista bi trebalo prestati s takvim praksom. Nancy Pelosi redovito je \u017ertva napada koji u prvi plan stavljaju njezinu dob, a ne politiku koju vodi. \u010cak je i Donald Trump jednom rekao &#8220;umorna Nancy&#8221;, iako su zapravo sli\u010dno godi\u0161te. Le\u017ei li u svemu tome razlog \u0161to pristajemo uz opasan mit da je svo uzbu\u0111enje, mo\u0107, dobar seks, ljepota i zna\u010daj rezervirana samo za mla\u0111e?<\/p>\n\n\n\n<p>Iako dobizam nije usmjeren samo prema \u017eenama, one podnose najve\u0107i teret. Svima je poznata ona stara da &#8220;mu\u0161karci stare kao vino, a \u017eene kao mlijeko&#8221;. Sve je to zapravo dio taktike da se uvjeri \u017eene da su vrijedne zapravo samo onoliko koliko su mlade. Zbog toga se kod nekih \u017eena budi upravo paraliziraju\u0107 strah od starenja. kao da nakon tridesete zapravo samo \u010dekamo smrt.<\/p>\n\n\n\n<p>Sve to rezultiralo je svom silom anti-age proizvoda, mladost se reklamira kao ne\u0161to \u0161to se treba i mo\u017ee zadr\u017eati, a tvrdnje poput one da su \u010detrdesete nove tridesete \u017eene trebaju, valjda, uvjeriti da jo\u0161 uvijek nisu ba\u0161 potpuno neva\u017ene.<\/p>\n\n\n\n<p>I mi sami govorimo na\u0161im prijateljima da izgledaju deset godina mla\u0111e i uvjereni smo da je to nekakav kompliment. No nije! Imamo godina toliko koliko imamo i nema nikakve potrebe ispri\u010davati se u vezi s tim. Trebamo prestati taj posve prirodni proces, \u0161to starenje jest, prikazivati kao ne\u0161to \u0161to treba skrivati jer to je zapravo trijumf, pokazatelj na\u0161e mudrosti, iskustva i dobro pro\u017eivljenog \u017eivota.<\/p>\n<div id=\"mojev-3247172394\" class=\"mojev-kraj-teksta mojev-entity-placement\" style=\"margin-bottom: 20px;margin-left: auto;margin-right: auto;text-align: center;\"><div class=\"mojev-adlabel\">oglas<\/div><div style=\"height: 250px;\"><script async src=\"https:\/\/pagead2.googlesyndication.com\/pagead\/js\/adsbygoogle.js?client=ca-pub-8106111766207173\"\r\n     crossorigin=\"anonymous\"><\/script>\r\n<!-- Display-1 -->\r\n<ins class=\"adsbygoogle\"\r\n     style=\"display:block\"\r\n     data-ad-client=\"ca-pub-8106111766207173\"\r\n     data-ad-slot=\"1465712950\"\r\n     data-ad-format=\"auto\"\r\n     data-full-width-responsive=\"true\"><\/ins>\r\n<script>\r\n     (adsbygoogle = window.adsbygoogle || []).push({});\r\n<\/script><\/div><\/div>","protected":false},"excerpt":{"rendered":"<p>Kao prvo, to nije to\u010dno. Izgledam upravo onako kako su moja majka i baka izgledale u mojoj dobi. Oko o\u010diju imam bore od smijenja, pojavile su se i prve sijede, bole me le\u0111a ako se zaboravim istegnuti nakon vje\u017ebanja. Radije odlazim na plac neko u no\u0107ni provod. Osje\u0107am svaku od godina provedenih na ovom svijetu i drago mi je zbog toga.<\/p>\n","protected":false},"author":4,"featured_media":12258,"comment_status":"closed","ping_status":"closed","sticky":false,"template":"","format":"standard","meta":{"footnotes":""},"categories":[85],"tags":[1185,417,80],"class_list":["post-23128","post","type-post","status-publish","format-standard","has-post-thumbnail","hentry","category-aktivno-starenje","tag-ageizam","tag-drustvo","tag-starenje"],"_links":{"self":[{"href":"https:\/\/www.mojevrijeme.hr\/magazin\/wp-json\/wp\/v2\/posts\/23128","targetHints":{"allow":["GET"]}}],"collection":[{"href":"https:\/\/www.mojevrijeme.hr\/magazin\/wp-json\/wp\/v2\/posts"}],"about":[{"href":"https:\/\/www.mojevrijeme.hr\/magazin\/wp-json\/wp\/v2\/types\/post"}],"author":[{"embeddable":true,"href":"https:\/\/www.mojevrijeme.hr\/magazin\/wp-json\/wp\/v2\/users\/4"}],"replies":[{"embeddable":true,"href":"https:\/\/www.mojevrijeme.hr\/magazin\/wp-json\/wp\/v2\/comments?post=23128"}],"version-history":[{"count":0,"href":"https:\/\/www.mojevrijeme.hr\/magazin\/wp-json\/wp\/v2\/posts\/23128\/revisions"}],"wp:featuredmedia":[{"embeddable":true,"href":"https:\/\/www.mojevrijeme.hr\/magazin\/wp-json\/wp\/v2\/media\/12258"}],"wp:attachment":[{"href":"https:\/\/www.mojevrijeme.hr\/magazin\/wp-json\/wp\/v2\/media?parent=23128"}],"wp:term":[{"taxonomy":"category","embeddable":true,"href":"https:\/\/www.mojevrijeme.hr\/magazin\/wp-json\/wp\/v2\/categories?post=23128"},{"taxonomy":"post_tag","embeddable":true,"href":"https:\/\/www.mojevrijeme.hr\/magazin\/wp-json\/wp\/v2\/tags?post=23128"}],"curies":[{"name":"wp","href":"https:\/\/api.w.org\/{rel}","templated":true}]}}