{"id":23344,"date":"2019-03-08T10:21:40","date_gmt":"2019-03-08T09:21:40","guid":{"rendered":"https:\/\/www.mojevrijeme.hr\/magazin\/?p=23344"},"modified":"2019-03-08T10:21:42","modified_gmt":"2019-03-08T09:21:42","slug":"kolinda-zene-zauzmite-se-za-sebe-i-nikada-ne-odustajte","status":"publish","type":"post","link":"https:\/\/www.mojevrijeme.hr\/magazin\/2019\/03\/kolinda-zene-zauzmite-se-za-sebe-i-nikada-ne-odustajte\/","title":{"rendered":"Kolinda: \u017dene, zauzmite se za sebe i nikada ne odustajte!"},"content":{"rendered":"\n<p>Povodom Me\u0111unarodnog dana \u017eena predsjednica Kolinda Grabar-Kitarovi\u0107 odaslala je \u010destitku koju prenosimo u cijelosti:  <\/p>\n\n\n\n<p>U povodu Me\u0111unarodnog dana \u017eena \u010destitam ovaj dan svim \u017eenama koje svojim vrijednim i predanim radom te osobnim djelovanjem svakodnevno oplemenjuju na\u0161e dru\u0161tvo.<\/p>\n\n\n\n<p>Ravnopravnost ne zna\u010di nijekanje prirodnih razlika, nego njihovo po\u0161tivanje i jednako vrednovanje u sinergiji zajedni\u010dkih napora \u017eena i mu\u0161karaca za dru\u0161tvenu ravnopravnost i po\u0161tivanje dostojanstva svake osobe. Stoga jedino mjerilo dru\u0161tvenoga napredovanja i \u017eena i mu\u0161karaca trebaju biti isklju\u010divo stru\u010dnost i rezultati.<\/p><div id=\"mojev-1059948877\" class=\"mojev-u-tekstu mojev-entity-placement\" style=\"margin-left: auto;margin-right: auto;text-align: center;\"><div class=\"mojev-adlabel\">oglas<\/div><div style=\"height: 250px;\"><script async src=\"https:\/\/pagead2.googlesyndication.com\/pagead\/js\/adsbygoogle.js?client=ca-pub-8106111766207173\"\r\n     crossorigin=\"anonymous\"><\/script>\r\n<!-- Prikazni 1 u tekstu -->\r\n<ins class=\"adsbygoogle\"\r\n     style=\"display:block\"\r\n     data-ad-client=\"ca-pub-8106111766207173\"\r\n     data-ad-slot=\"8535551207\"\r\n     data-ad-format=\"auto\"\r\n     data-full-width-responsive=\"true\"><\/ins>\r\n<script>\r\n     (adsbygoogle = window.adsbygoogle || []).push({});\r\n<\/script><\/div><\/div><br style=\"clear: both; display: block; float: none;\"\/>\n\n\n\n<p>Danas mo\u017eda nije potrebno dokazivati da \u017eene smiju i mogu \u010diniti sve \u0161to \u010dine mu\u0161karci, ali je potrebno dokazivati da je na\u010din na koji to \u010dine jednako vrijedan, jednako va\u017ean i jednako potreban \u017eelimo li zaista dosegnuti vrijednosti koje proklamiramo europskima, odnosno \u0161ire, civilizacijskim dosezima demokratskih dru\u0161tava.<\/p>\n\n\n\n<p>Slu\u017ebeni podaci o zastupljenosti \u017eena na va\u017enim pozicijama u hrvatskom dru\u0161tvu upu\u0107uju na zaklju\u010dak o ukorijenjenosti podjele tradicionalnih rodnih uloga u dru\u0161tvu. Upravljanje je jo\u0161 izrazito u rukama mu\u0161karaca.<\/p>\n\n\n\n<p>\u017delim i ovom prigodom naglasiti da je nasilje nedopustivo, a nasilje nad \u017eenama je ne\u0161to \u0161to ni jedno dru\u0161tvo koje dr\u017ei do sebe ne smije tolerirati.<\/p>\n\n\n\n<p>\u017delimo li graditi zdravu i naprednu zajednicu, tada je ve\u0107a uloga i utjecaj \u017eena u politici, gospodarstvu i drugim djelovanjima nu\u017ean kako bi sve odlike \u201egenija \u017eene\u201c, kako se izrazio Sveti Ivan Pavao II., u punoj mjeri do\u0161le do izra\u017eaja, na dobrobit svih. To je posebno va\u017eno u podru\u010djima gdje vrline i odlike \u017eenskog razumijevanja i do\u017eivljaja \u017eivota i dru\u0161tva mogu do\u0107i do izra\u017eaja.<\/p>\n\n\n\n<p>Zato drage moje \u017eene, zauzmite se za sebe i nikada ne odustajte! Va\u0161a odlu\u010dnost je ja\u010da od svih prepreka!<\/p>\n\n\n\n<p><\/p>\n<div id=\"mojev-1825528694\" class=\"mojev-kraj-teksta mojev-entity-placement\" style=\"margin-bottom: 20px;margin-left: auto;margin-right: auto;text-align: center;\"><div class=\"mojev-adlabel\">oglas<\/div><div style=\"height: 250px;\"><script async src=\"https:\/\/pagead2.googlesyndication.com\/pagead\/js\/adsbygoogle.js?client=ca-pub-8106111766207173\"\r\n     crossorigin=\"anonymous\"><\/script>\r\n<!-- Display-1 -->\r\n<ins class=\"adsbygoogle\"\r\n     style=\"display:block\"\r\n     data-ad-client=\"ca-pub-8106111766207173\"\r\n     data-ad-slot=\"1465712950\"\r\n     data-ad-format=\"auto\"\r\n     data-full-width-responsive=\"true\"><\/ins>\r\n<script>\r\n     (adsbygoogle = window.adsbygoogle || []).push({});\r\n<\/script><\/div><\/div>","protected":false},"excerpt":{"rendered":"<p>Slu\u017ebeni podaci o zastupljenosti \u017eena na va\u017enim pozicijama u hrvatskom dru\u0161tvu upu\u0107uju na zaklju\u010dak o ukorijenjenosti podjele tradicionalnih rodnih uloga u dru\u0161tvu. Upravljanje je jo\u0161 izrazito u rukama mu\u0161karaca.<\/p>\n","protected":false},"author":1,"featured_media":18761,"comment_status":"closed","ping_status":"closed","sticky":false,"template":"","format":"standard","meta":{"footnotes":""},"categories":[9],"tags":[772,359],"class_list":["post-23344","post","type-post","status-publish","format-standard","has-post-thumbnail","hentry","category-vijesti","tag-dan-zena","tag-kolinda"],"_links":{"self":[{"href":"https:\/\/www.mojevrijeme.hr\/magazin\/wp-json\/wp\/v2\/posts\/23344","targetHints":{"allow":["GET"]}}],"collection":[{"href":"https:\/\/www.mojevrijeme.hr\/magazin\/wp-json\/wp\/v2\/posts"}],"about":[{"href":"https:\/\/www.mojevrijeme.hr\/magazin\/wp-json\/wp\/v2\/types\/post"}],"author":[{"embeddable":true,"href":"https:\/\/www.mojevrijeme.hr\/magazin\/wp-json\/wp\/v2\/users\/1"}],"replies":[{"embeddable":true,"href":"https:\/\/www.mojevrijeme.hr\/magazin\/wp-json\/wp\/v2\/comments?post=23344"}],"version-history":[{"count":0,"href":"https:\/\/www.mojevrijeme.hr\/magazin\/wp-json\/wp\/v2\/posts\/23344\/revisions"}],"wp:featuredmedia":[{"embeddable":true,"href":"https:\/\/www.mojevrijeme.hr\/magazin\/wp-json\/wp\/v2\/media\/18761"}],"wp:attachment":[{"href":"https:\/\/www.mojevrijeme.hr\/magazin\/wp-json\/wp\/v2\/media?parent=23344"}],"wp:term":[{"taxonomy":"category","embeddable":true,"href":"https:\/\/www.mojevrijeme.hr\/magazin\/wp-json\/wp\/v2\/categories?post=23344"},{"taxonomy":"post_tag","embeddable":true,"href":"https:\/\/www.mojevrijeme.hr\/magazin\/wp-json\/wp\/v2\/tags?post=23344"}],"curies":[{"name":"wp","href":"https:\/\/api.w.org\/{rel}","templated":true}]}}