{"id":23453,"date":"2019-03-11T12:33:51","date_gmt":"2019-03-11T11:33:51","guid":{"rendered":"https:\/\/www.mojevrijeme.hr\/magazin\/?p=23453"},"modified":"2019-03-11T12:55:47","modified_gmt":"2019-03-11T11:55:47","slug":"sandra-42-nam-je-otkrila-tajnu-dobrog-odnosa-sa-svekrvom","status":"publish","type":"post","link":"https:\/\/www.mojevrijeme.hr\/magazin\/2019\/03\/sandra-42-nam-je-otkrila-tajnu-dobrog-odnosa-sa-svekrvom\/","title":{"rendered":"Zagrep\u010danka Sandra (42) otkrila je tajnu dobrog odnosa sa svekrvom"},"content":{"rendered":"\n<p>&#8220;Moram se po\u017eurit ku\u0107i, danas mi dolazi svekrva&#8221;, rekla sam u petak kolegici napu\u0161taju\u0107i ured. &#8220;Ajoj, onda te \u010deka stvarno &#8216;divan&#8217; vikend&#8221;, na\u0161alila se ona, a ja sam se slo\u017eila da joj ne pokvarim zabavu.&#8221;<\/p>\n\n\n\n<p>A zapravo je istina da je moja svekrva &#8211; super. Prije svega zato \u0161to je ona doista u redu \u017eena, a i zbog toga \u0161to sam ja pre\u0161la \u010detrdesetu i druga\u010dije gledam na neke stvari od, recimo, moje sestre koja je svekrvu &#8216;dobila&#8217; u ranim dvadesetima. Ili moje mame koja je svoju svkrva &#8216;dobila&#8217; kad joj je bilo tek 18&#8243;, ka\u017ee <strong>42-godi\u0161nja Zagrep\u010danka Sandra<\/strong>.<\/p>\n\n\n\n<p>&#8220;Da obrazlo\u017eim&#8230; Prva i osnovna stvar je da moja svakrva i ja \u017eivimo u razli\u010ditim gradovima i vidimo se tek nekoliko puta godi\u0161nje. Moja mama je jednom, napola u \u0161ali, a napola ozbiljno, rekla da bi zakonom trebalo zabraniti da mladi i stari \u017eive zajedno i \u010dini mi se da je to temelj dobrog odnosa. U to kratko vrijeme, ne stigne do\u0107i do nekih ozbiljnih trzavica, barem ne izme\u0111u moje svekrve i mene. A to \u0161to se njezin sin uspije s njome posvaditi i u tako kratkom roku, sa mnom nema nikakve veze. Kad po\u010dnu prepirku, ja iza\u0111em iz sobe. To je njihova stvar.<\/p><div id=\"mojev-2801695985\" class=\"mojev-u-tekstu mojev-entity-placement\" style=\"margin-left: auto;margin-right: auto;text-align: center;\"><div class=\"mojev-adlabel\">oglas<\/div><div style=\"height: 250px;\"><script async src=\"https:\/\/pagead2.googlesyndication.com\/pagead\/js\/adsbygoogle.js?client=ca-pub-8106111766207173\"\r\n     crossorigin=\"anonymous\"><\/script>\r\n<!-- Prikazni 1 u tekstu -->\r\n<ins class=\"adsbygoogle\"\r\n     style=\"display:block\"\r\n     data-ad-client=\"ca-pub-8106111766207173\"\r\n     data-ad-slot=\"8535551207\"\r\n     data-ad-format=\"auto\"\r\n     data-full-width-responsive=\"true\"><\/ins>\r\n<script>\r\n     (adsbygoogle = window.adsbygoogle || []).push({});\r\n<\/script><\/div><\/div><br style=\"clear: both; display: block; float: none;\"\/>\n\n\n\n<p>Prije nego svekrva do\u0111e u posjet, ja uglavnom pospremim stan da \u017eena ne stekne dojam da \u017eivimo u svinjcu &#8211; iako je to \u010desto istina s obzirom na malo dijete, psa, zahtjevne poslove i sto drugih obaveza. No koliko god ja pospremila, svekrva \u0107e na\u0107i ne\u0161to \u0161to jo\u0161 treba malo detaljnije obrisati ili slo\u017eiti. Pro\u0161li put je ribala plo\u010dice, a ovaj put prala stakla na vratima. Da sam mla\u0111a i da se to doga\u0111a \u010de\u0161e\u0107e, vjerojatno bi me izlu\u0111ivalo, ali danas ne samo da mi ne smeta nego mi je i drago.<\/p>\n\n\n\n<p>Sje\u0107am se da mi se sestra uvijek \u017ealila na svoju svekrva kad bi joj ova poku\u0161ala ne\u0161to preslo\u017eiti u njezinom stanu, no sestrina situacija bila je u mnogome druk\u010dija. Kao prvo, ona i njezina svekrva \u017eivjele su u istom ku\u0107anstvu &#8211; ona i mu\u017e na katu ku\u0107e, a svekrva i svekar u prizemlju. Prva ogromna gre\u0161ka! Osim toga, moja je sestra tijekom tog su\u017eivota bila mnogo mla\u0111a nego sam ja sada, a kad je do\u0161la u moje godine, ve\u0107 su i ta svekrva i pripadaju\u0107i mu\u017e i brak i \u010ditav odnos postali biv\u0161i.<\/p>\n\n\n\n<p>Ja, s gotovo duplo vi\u0161e godina na le\u0111ima, ne samo da se ne ljutim ako mi netko po\u017eeli pospremiti ku\u0107u, ve\u0107 mi bude drago zbog toga. Naime, to \u0161to pospremi netko drugi, ne\u0107u morati pospremati ja. S toliko godina i iskustva koje imam, nemam vi\u0161e potrebu bilo kome \u0161to dokazivati i ostavljati ovakav ili onakav dojam. Ako ti se sprema, spremaj. Ako ne, zalegni na kau\u010d i gledaj televiziju.<\/p>\n\n\n\n<p>Osim \u0161to sprema, moja svekrva kad do\u0111e potpuno preuzme i kuhinju i u tih nekoliko dana na meniju budu samo njezini specijaliteti. Smeta li mi to? Ni najmanje. \u010cini li mi se da mi na taj na\u010din poku\u0161ava re\u0107i da ja sama ne kuham ba\u0161 najbolje i da \u0107e ona sve to napraviti bolje? Nemam pojma, ali i da je tako, mene opet ne smeta. Uostalom, netko tko ima mnogo vi\u0161e iskustva za \u0161tednjakom sigurno je u tome bolji. Iako moram priznati da mene uop\u0107e nije te\u0161ko nadma\u0161iti u kuhanju.<\/p>\n\n\n\n<p>Kad je svekrva nakon dva dana odlazila, zagrlila sam je i zahvalila joj se za svu pomo\u0107 i sve skuhane obroke. Ona je rekla da to nije ni\u0161ta i da joj je drago pomo\u0107i. Jo\u0161 sam joj jednom mahnula na odlasku i po\u010dela razmi\u0161ljati kako je mogu\u0107e da su moja mama i sestra toliko ratovale sa svojim svekrvama, a ja sam sa svojom u odli\u010dnim odnosima. I do\u0161la sam do ovog zaklju\u010dka: za dobar odnos sa svekrvom klju\u010dno je da ne \u017eivite u istom ku\u0107anstvu i da si u trenutku kad dobije\u0161 svekrvu ve\u0107 u dovoljno zrelim godinama da nema\u0161 potrebu boriti se za mo\u0107 na svakom koraku, ve\u0107 prihvati\u0161 pomo\u0107 kad ti ju netko ponudi.&#8221;<\/p>\n<div id=\"mojev-2746315203\" class=\"mojev-kraj-teksta mojev-entity-placement\" style=\"margin-bottom: 20px;margin-left: auto;margin-right: auto;text-align: center;\"><div class=\"mojev-adlabel\">oglas<\/div><div style=\"height: 250px;\"><script async src=\"https:\/\/pagead2.googlesyndication.com\/pagead\/js\/adsbygoogle.js?client=ca-pub-8106111766207173\"\r\n     crossorigin=\"anonymous\"><\/script>\r\n<!-- Display-1 -->\r\n<ins class=\"adsbygoogle\"\r\n     style=\"display:block\"\r\n     data-ad-client=\"ca-pub-8106111766207173\"\r\n     data-ad-slot=\"1465712950\"\r\n     data-ad-format=\"auto\"\r\n     data-full-width-responsive=\"true\"><\/ins>\r\n<script>\r\n     (adsbygoogle = window.adsbygoogle || []).push({});\r\n<\/script><\/div><\/div>","protected":false},"excerpt":{"rendered":"<p>&#8220;Moram se po\u017eurit ku\u0107i, danas mi dolazi svekrva&#8221;, rekla sam u petak kolegici napu\u0161taju\u0107i ured. &#8220;Ajoj, onda te \u010deka stvarno &#8216;divan&#8217; vikend&#8221;, na\u0161alila se ona, a ja sam se slo\u017eila da joj ne pokvarim zabavu.&#8221; A zapravo je istina da je moja svekrva &#8211; super. Prije svega zato \u0161to je ona doista u redu \u017eena, [&hellip;]<\/p>\n","protected":false},"author":4,"featured_media":3221,"comment_status":"closed","ping_status":"closed","sticky":false,"template":"","format":"standard","meta":{"footnotes":""},"categories":[2],"tags":[209,198,379,314],"class_list":["post-23453","post","type-post","status-publish","format-standard","has-post-thumbnail","hentry","category-mozaik","tag-kucanstvo","tag-obitelj","tag-odnosi","tag-svekrva"],"_links":{"self":[{"href":"https:\/\/www.mojevrijeme.hr\/magazin\/wp-json\/wp\/v2\/posts\/23453","targetHints":{"allow":["GET"]}}],"collection":[{"href":"https:\/\/www.mojevrijeme.hr\/magazin\/wp-json\/wp\/v2\/posts"}],"about":[{"href":"https:\/\/www.mojevrijeme.hr\/magazin\/wp-json\/wp\/v2\/types\/post"}],"author":[{"embeddable":true,"href":"https:\/\/www.mojevrijeme.hr\/magazin\/wp-json\/wp\/v2\/users\/4"}],"replies":[{"embeddable":true,"href":"https:\/\/www.mojevrijeme.hr\/magazin\/wp-json\/wp\/v2\/comments?post=23453"}],"version-history":[{"count":0,"href":"https:\/\/www.mojevrijeme.hr\/magazin\/wp-json\/wp\/v2\/posts\/23453\/revisions"}],"wp:featuredmedia":[{"embeddable":true,"href":"https:\/\/www.mojevrijeme.hr\/magazin\/wp-json\/wp\/v2\/media\/3221"}],"wp:attachment":[{"href":"https:\/\/www.mojevrijeme.hr\/magazin\/wp-json\/wp\/v2\/media?parent=23453"}],"wp:term":[{"taxonomy":"category","embeddable":true,"href":"https:\/\/www.mojevrijeme.hr\/magazin\/wp-json\/wp\/v2\/categories?post=23453"},{"taxonomy":"post_tag","embeddable":true,"href":"https:\/\/www.mojevrijeme.hr\/magazin\/wp-json\/wp\/v2\/tags?post=23453"}],"curies":[{"name":"wp","href":"https:\/\/api.w.org\/{rel}","templated":true}]}}