{"id":23531,"date":"2019-03-12T15:43:28","date_gmt":"2019-03-12T14:43:28","guid":{"rendered":"https:\/\/www.mojevrijeme.hr\/magazin\/?p=23531"},"modified":"2019-03-12T15:52:34","modified_gmt":"2019-03-12T14:52:34","slug":"slab-sluh-nije-smijesan-i-zadire-duboko-u-psihu","status":"publish","type":"post","link":"https:\/\/www.mojevrijeme.hr\/magazin\/2019\/03\/slab-sluh-nije-smijesan-i-zadire-duboko-u-psihu\/","title":{"rendered":"Gubitak sluha nije smije\u0161an i zadire duboko u psihu"},"content":{"rendered":"\n<p>Gubitak sluha nadilazi slabljenje fizi\u010dkog osjetila i, zapravo, svoju najte\u017eu manifestaciju ima kroz gubitak dru\u0161tvene interakcije. Stanje je to daleko od zabavnog i smije\u0161nog, a kako ga \u010desto prikazuju humoristi\u010dne serije. <\/p>\n\n\n\n<p>Zamislite veselo dru\u0161tvo u restoranu koje se smije nekoj \u0161ali no jedna osoba nije tu \u0161alu \u010dula. Mo\u017eda \u0107e se isprva i sama nasmijati, prave\u0107i se da je sve u redu. Mo\u017eda \u0107e imati dovoljno samopouzdanja i zamoliti da joj se ponovi jasno i glasno. No gotovo sigurno \u0107e se nakon nekog vremena umoriti i reducirati pojavljivanje na dru\u0161tvenim doga\u0111anjima u kojima mo\u017ee sve manje u\u017eivati. <\/p>\n\n\n\n<p>Mo\u017eda ste i sami shvatili da se va\u0161 prijatelj ne mo\u017ee boriti s pozadinskom bukom u restoranu i da je sve \u010de\u0161\u0107e isklju\u010den. Ili ste na vlastitoj ko\u017ei osjetili frustraciju kako je to promatrati konverzaciju, a nemati mogu\u0107nost aktivno sudjelovati u njoj zbog lo\u0161eg sluha. Situacija je to sli\u010dna onoj kada smo primorani provoditi vrijeme u skupini ljudi \u010diji jezik ne razumijemo. <\/p><div id=\"mojev-2968062584\" class=\"mojev-u-tekstu mojev-entity-placement\" style=\"margin-left: auto;margin-right: auto;text-align: center;\"><div class=\"mojev-adlabel\">oglas<\/div><div style=\"height: 250px;\"><script async src=\"https:\/\/pagead2.googlesyndication.com\/pagead\/js\/adsbygoogle.js?client=ca-pub-8106111766207173\"\r\n     crossorigin=\"anonymous\"><\/script>\r\n<!-- Prikazni 1 u tekstu -->\r\n<ins class=\"adsbygoogle\"\r\n     style=\"display:block\"\r\n     data-ad-client=\"ca-pub-8106111766207173\"\r\n     data-ad-slot=\"8535551207\"\r\n     data-ad-format=\"auto\"\r\n     data-full-width-responsive=\"true\"><\/ins>\r\n<script>\r\n     (adsbygoogle = window.adsbygoogle || []).push({});\r\n<\/script><\/div><\/div><br style=\"clear: both; display: block; float: none;\"\/>\n\n\n\n<p>No gubitak sluha ne zna\u010di samo manje dru\u0161tvenih interakcija. Na osobnoj razini on predstavlja i osobni gubitak, smanjenu mogu\u0107nost u\u017eivanja u umjetnosti, lo\u0161iju informiranost  i manju povezanost s okoli\u0161em. Zato \u010desto vodi u depresiju, tjeskobu, strah pa \u010dak i stanja neracionalnog bijesa. <\/p>\n\n\n\n<h3 class=\"wp-block-heading\">Kako se nositi sa oslabjelim sluhom? <\/h3>\n\n\n\n<p>Prvenstveno treba potra\u017eiti pomo\u0107 stru\u010dnjaka i razmotriti upotrebu tehni\u010dkih pomagala. Slu\u0161ni aparati do\u017eivjeli su pravu revoluciju; \u0161to se veli\u010dine, udobnosti, prilagodljivosti i kvalitete zvuka ti\u010de. Neki se ure\u0111aji \u010dak mogu be\u017ei\u010dno povezati sa izvorima zvuka poput televizora, mobitela, glazbene linije\u2026<\/p>\n\n\n\n<p>No va\u017eno je i ljudima s kojima smo \u010desto u komunikaciji dati\ndo znanja da ih slabije \u010dujemo. Mo\u017eemo s njima dogovoriti vizualne signale (izraze\nlica) kojima \u0107e pokazati da se obra\u0107aju ba\u0161 nama. Mo\u017eemo i birati mjesta na\nkojima je manje pozadinske buke kako bismo bolje razumjeli sugovornike. U\nrestoranima i kafi\u0107ima bismo trebali bez ustru\u010davanja pitati koje je najti\u0161e\nmjesto u objektu. <\/p>\n\n\n\n<h3 class=\"wp-block-heading\">Koliko su \u010desti ovi problemi? <\/h3>\n\n\n\n<p>Malo je znano da jedna od tri osobe starije od 65 godina te dvije od tri osobe starije od 75 godina pate od gubitka sluha, a samo 20% njih \u0107e potra\u017eiti pomo\u0107. Za o\u010dekivati je da \u0107e upravo tih 20% o\u010duvati kvalitetu \u017eivota, dok \u0107e svijet onih koji se pomire s gubitkom sluha postajati sve ti\u0161i i manji. <\/p>\n<div id=\"mojev-1100168824\" class=\"mojev-kraj-teksta mojev-entity-placement\" style=\"margin-bottom: 20px;margin-left: auto;margin-right: auto;text-align: center;\"><div class=\"mojev-adlabel\">oglas<\/div><div style=\"height: 250px;\"><script async src=\"https:\/\/pagead2.googlesyndication.com\/pagead\/js\/adsbygoogle.js?client=ca-pub-8106111766207173\"\r\n     crossorigin=\"anonymous\"><\/script>\r\n<!-- Display-1 -->\r\n<ins class=\"adsbygoogle\"\r\n     style=\"display:block\"\r\n     data-ad-client=\"ca-pub-8106111766207173\"\r\n     data-ad-slot=\"1465712950\"\r\n     data-ad-format=\"auto\"\r\n     data-full-width-responsive=\"true\"><\/ins>\r\n<script>\r\n     (adsbygoogle = window.adsbygoogle || []).push({});\r\n<\/script><\/div><\/div>","protected":false},"excerpt":{"rendered":"<p>Malo je znano da jedna od tri osobe starije od 65 godina te dvije od tri osobe starije od 75 godina pate od gubitka sluha, a samo 20% njih \u0107e potra\u017eiti pomo\u0107. Za o\u010dekivati je da \u0107e upravo tih 20% o\u010duvati kvalitetu \u017eivota, dok \u0107e svijet onih koji se pomire s gubitkom postajati sve ti\u0161i i manji. <\/p>\n","protected":false},"author":1,"featured_media":23535,"comment_status":"closed","ping_status":"closed","sticky":false,"template":"","format":"standard","meta":{"footnotes":""},"categories":[3],"tags":[1631,1630],"class_list":["post-23531","post","type-post","status-publish","format-standard","has-post-thumbnail","hentry","category-zdravlje","tag-gluhoca","tag-sluh"],"_links":{"self":[{"href":"https:\/\/www.mojevrijeme.hr\/magazin\/wp-json\/wp\/v2\/posts\/23531","targetHints":{"allow":["GET"]}}],"collection":[{"href":"https:\/\/www.mojevrijeme.hr\/magazin\/wp-json\/wp\/v2\/posts"}],"about":[{"href":"https:\/\/www.mojevrijeme.hr\/magazin\/wp-json\/wp\/v2\/types\/post"}],"author":[{"embeddable":true,"href":"https:\/\/www.mojevrijeme.hr\/magazin\/wp-json\/wp\/v2\/users\/1"}],"replies":[{"embeddable":true,"href":"https:\/\/www.mojevrijeme.hr\/magazin\/wp-json\/wp\/v2\/comments?post=23531"}],"version-history":[{"count":0,"href":"https:\/\/www.mojevrijeme.hr\/magazin\/wp-json\/wp\/v2\/posts\/23531\/revisions"}],"wp:featuredmedia":[{"embeddable":true,"href":"https:\/\/www.mojevrijeme.hr\/magazin\/wp-json\/wp\/v2\/media\/23535"}],"wp:attachment":[{"href":"https:\/\/www.mojevrijeme.hr\/magazin\/wp-json\/wp\/v2\/media?parent=23531"}],"wp:term":[{"taxonomy":"category","embeddable":true,"href":"https:\/\/www.mojevrijeme.hr\/magazin\/wp-json\/wp\/v2\/categories?post=23531"},{"taxonomy":"post_tag","embeddable":true,"href":"https:\/\/www.mojevrijeme.hr\/magazin\/wp-json\/wp\/v2\/tags?post=23531"}],"curies":[{"name":"wp","href":"https:\/\/api.w.org\/{rel}","templated":true}]}}