{"id":24346,"date":"2019-03-30T09:35:07","date_gmt":"2019-03-30T08:35:07","guid":{"rendered":"https:\/\/www.mojevrijeme.hr\/magazin\/?p=24346"},"modified":"2019-03-30T09:37:18","modified_gmt":"2019-03-30T08:37:18","slug":"evo-tko-ce-sve-u-hrvatskoj-smjeti-proizvoditi-marihuanu","status":"publish","type":"post","link":"https:\/\/www.mojevrijeme.hr\/magazin\/2019\/03\/evo-tko-ce-sve-u-hrvatskoj-smjeti-proizvoditi-marihuanu\/","title":{"rendered":"Evo tko \u0107e sve u Hrvatskoj smjeti proizvoditi marihuanu"},"content":{"rendered":"\n<p>Vlada je dala zeleno svjetlo za uzgoj konoplje &#8211; po prvi puta \u0107e u Hrvatskoj pravnim osobama biti dozvoljen uzgoj i proizvodnja konoplje u medicinske svrhe. Uzgojem i proizvodnjom medicinskog konoplje tako \u0107e se mo\u0107i baviti farmaceutske tvrtke i gradske ljekarne koje imaju dozvolu za proizvodnju lijekova, <strong><a rel=\"noreferrer noopener\" aria-label=\" (opens in a new tab)\" href=\"http:\/\/hr.n1info.com\/Vijesti\/a381323\/Zeleno-svjetlo-za-zeleno-Vlada-je-odobrila-uzgoj-konoplje-u-medicinske-svrhe.html\" target=\"_blank\">javlja N1<\/a><\/strong>. <\/p>\n\n\n\n<p>&#8220;S ovim izmjenama i dopunama Zakona osim industrijske konoplje, dopu\u0161ten je uzgoj i proizvodnja medicinske konoplje isklju\u010divo za pravne osobe koje imaju dopu\u0161tenje da proizvode lijekove ili djelatne tvari&#8221;, potvrdio je HDZ-ov saborski zastupnik&nbsp;<strong>Ivan \u0106eli\u0107<\/strong>.<\/p>\n\n\n\n<p>\u0106eli\u0107 je i predsjednik Povjerenstva za analizu i preporuke primjene indijske konoplje\/kanabinoida u medicinske svrhe Ministarstva zdravstva. Vlada je prihvatila njegov amandman na izmijenjeni Zakon o suzbijanju zlouporabe droga, pa \u0107e tako po prvi put pravnim osobama biti dozvoljen uzgoj i proizvodnja konoplje u medicinske svrhe.<\/p><div id=\"mojev-1642754702\" class=\"mojev-u-tekstu mojev-entity-placement\" style=\"margin-left: auto;margin-right: auto;text-align: center;\"><div class=\"mojev-adlabel\">oglas<\/div><div style=\"height: 250px;\"><script async src=\"https:\/\/pagead2.googlesyndication.com\/pagead\/js\/adsbygoogle.js?client=ca-pub-8106111766207173\"\r\n     crossorigin=\"anonymous\"><\/script>\r\n<!-- Prikazni 1 u tekstu -->\r\n<ins class=\"adsbygoogle\"\r\n     style=\"display:block\"\r\n     data-ad-client=\"ca-pub-8106111766207173\"\r\n     data-ad-slot=\"8535551207\"\r\n     data-ad-format=\"auto\"\r\n     data-full-width-responsive=\"true\"><\/ins>\r\n<script>\r\n     (adsbygoogle = window.adsbygoogle || []).push({});\r\n<\/script><\/div><\/div><br style=\"clear: both; display: block; float: none;\"\/>\n\n\n\n<p>Dakako, pravna osoba mora imati dozvolu <strong>Agencije za lijekove i medicinske proizvode (HALMED)<\/strong>. &#8220;Jedino u slu\u010daju kada su svi uvjeti zadovoljeni, mogu\u0107e je izdavanje proizvodne dozvole, \u010dime se osigurava da su lijekovi koji su dostupni pacijentima djelotvorni, sigurni za primjenu i odgovaraju\u0107e kakvo\u0107e, a \u010dime se, u kona\u010dnici, \u0161titi javno zdravlje i zdravlje svakog pojedinog pacijent&#8221;, priop\u0107io je Halmed.&nbsp;<\/p>\n\n\n\n<p>Govorimo, dakle, isklju\u010divo o farmaceutskim tvrtkama, ali i ljekarnama Grada Zagreba. Imunolo\u0161ki zavod pak, u ovom trenutku, doznaje N1, nema kapacitete da bi proizvodio ulje i pripravke.<\/p>\n\n\n\n<p>A ho\u0107e li cijena ulja biti prihvatljiva? &#8220;Mogu\u0107e je da \u0107e cijena biti ni\u017ea, ali se definiraju svi uvjeti i rizici koje nosi uzgoj kanabisa od eventualnih ilegalnih rabota&#8221;, izjavio je ministar zdravstva <strong>Milan Kujund\u017ei\u0107.<\/strong> Ka\u017ee, Vlada ne razmi\u0161lja o pro\u0161irenju uzgoja konoplje za osobne medicinske potrebe.<\/p>\n<div id=\"mojev-1194657024\" class=\"mojev-kraj-teksta mojev-entity-placement\" style=\"margin-bottom: 20px;margin-left: auto;margin-right: auto;text-align: center;\"><div class=\"mojev-adlabel\">oglas<\/div><div style=\"height: 250px;\"><script async src=\"https:\/\/pagead2.googlesyndication.com\/pagead\/js\/adsbygoogle.js?client=ca-pub-8106111766207173\"\r\n     crossorigin=\"anonymous\"><\/script>\r\n<!-- Display-1 -->\r\n<ins class=\"adsbygoogle\"\r\n     style=\"display:block\"\r\n     data-ad-client=\"ca-pub-8106111766207173\"\r\n     data-ad-slot=\"1465712950\"\r\n     data-ad-format=\"auto\"\r\n     data-full-width-responsive=\"true\"><\/ins>\r\n<script>\r\n     (adsbygoogle = window.adsbygoogle || []).push({});\r\n<\/script><\/div><\/div>","protected":false},"excerpt":{"rendered":"<p>Mogu\u0107e je da \u0107e cijena biti ni\u017ea, ali se definiraju svi uvjeti i rizici koje nosi uzgoj kanabisa od eventualnih ilegalnih rabota, izjavio je ministar zdravstva Milan Kujund\u017ei\u0107. <\/p>\n","protected":false},"author":1,"featured_media":21746,"comment_status":"closed","ping_status":"closed","sticky":false,"template":"","format":"standard","meta":{"footnotes":""},"categories":[9],"tags":[197,939,112],"class_list":["post-24346","post","type-post","status-publish","format-standard","has-post-thumbnail","hentry","category-vijesti","tag-marihuana","tag-milan-kujundzic","tag-vlada"],"_links":{"self":[{"href":"https:\/\/www.mojevrijeme.hr\/magazin\/wp-json\/wp\/v2\/posts\/24346","targetHints":{"allow":["GET"]}}],"collection":[{"href":"https:\/\/www.mojevrijeme.hr\/magazin\/wp-json\/wp\/v2\/posts"}],"about":[{"href":"https:\/\/www.mojevrijeme.hr\/magazin\/wp-json\/wp\/v2\/types\/post"}],"author":[{"embeddable":true,"href":"https:\/\/www.mojevrijeme.hr\/magazin\/wp-json\/wp\/v2\/users\/1"}],"replies":[{"embeddable":true,"href":"https:\/\/www.mojevrijeme.hr\/magazin\/wp-json\/wp\/v2\/comments?post=24346"}],"version-history":[{"count":0,"href":"https:\/\/www.mojevrijeme.hr\/magazin\/wp-json\/wp\/v2\/posts\/24346\/revisions"}],"wp:featuredmedia":[{"embeddable":true,"href":"https:\/\/www.mojevrijeme.hr\/magazin\/wp-json\/wp\/v2\/media\/21746"}],"wp:attachment":[{"href":"https:\/\/www.mojevrijeme.hr\/magazin\/wp-json\/wp\/v2\/media?parent=24346"}],"wp:term":[{"taxonomy":"category","embeddable":true,"href":"https:\/\/www.mojevrijeme.hr\/magazin\/wp-json\/wp\/v2\/categories?post=24346"},{"taxonomy":"post_tag","embeddable":true,"href":"https:\/\/www.mojevrijeme.hr\/magazin\/wp-json\/wp\/v2\/tags?post=24346"}],"curies":[{"name":"wp","href":"https:\/\/api.w.org\/{rel}","templated":true}]}}