{"id":24383,"date":"2019-04-01T17:10:27","date_gmt":"2019-04-01T15:10:27","guid":{"rendered":"https:\/\/www.mojevrijeme.hr\/magazin\/?p=24383"},"modified":"2019-04-01T17:18:09","modified_gmt":"2019-04-01T15:18:09","slug":"novosel-vlada-mora-razvdojiti-braniteljske-i-radnicke-mirovine","status":"publish","type":"post","link":"https:\/\/www.mojevrijeme.hr\/magazin\/2019\/04\/novosel-vlada-mora-razvdojiti-braniteljske-i-radnicke-mirovine\/","title":{"rendered":"Novosel: Vlada mora razdvojiti braniteljske i radni\u010dke mirovine"},"content":{"rendered":"\n<p>Sindikalist <strong>Mladen Novosel<\/strong>, predsjednik Saveza samostalnih sindikata Hrvatske, za <strong><a rel=\"noreferrer noopener\" aria-label=\"tjednik Novosti (opens in a new tab)\" href=\"https:\/\/www.portalnovosti.com\/mladen-novosel-braniteljske-i-radnicke-mirovine-treba-razdvojiti\" target=\"_blank\">tjednik Novosti<\/a><\/strong> je govorio o razlozima pokretanja referendumske inicijative \u201e67 je previ\u0161e\u201c. Potpise \u0107e prikupljati od 27. travnja do 11. svibnja. <\/p>\n\n\n\n<p>&#8220;\u017delimo natjerati Vladu da se daleko ozbiljnije uhvati uko\u0161tac s problemom mirovinske reforme jer \u0107e i dalje na godi\u0161njoj razini nedostajati novca za mirovine. Njihova je direktna odgovornost \u0161to su za pojedine kategorije radnika, odnosno gra\u0111ana u Hrvatskoj, osigurali 5,5 milijardi kuna po povla\u0161tenim pozicijama, neovisno o tome jesu li to branitelji, akademici, biv\u0161i saborski zastupnici ili neki drugi zaslu\u017enici. Ne sporimo mi te nagrade, ali neka taj novac osiguraju iz drugog dijela prora\u010duna, a ne iz mirovinskog radni\u010dkog fonda&#8221;, tvrdi sindikalist. <\/p>\n\n\n\n<p>Izme\u0111u ostalog, komentirao i najave Ministarstva rada i socijalne skrbi po kojima \u0107e izdvajanja za braniteljske mirovine do 2025. dosegnuti \u010dak 8,3 milijarde kuna. Naime, i Europska komisija u svojim izvje\u0161tajima upozorava da su povlastice za veterane ekonomski problemati\u010dne i dru\u0161tveno nepravedne. Mirovinskom reformom braniteljima je, za razliku od radnika, omogu\u0107eno sni\u017eavanje dobne granice za stjecanje prava na starosnu mirovinu.<\/p><div id=\"mojev-939171876\" class=\"mojev-u-tekstu mojev-entity-placement\" style=\"margin-left: auto;margin-right: auto;text-align: center;\"><div class=\"mojev-adlabel\">oglas<\/div><div style=\"height: 250px;\"><script async src=\"https:\/\/pagead2.googlesyndication.com\/pagead\/js\/adsbygoogle.js?client=ca-pub-8106111766207173\"\r\n     crossorigin=\"anonymous\"><\/script>\r\n<!-- Prikazni 1 u tekstu -->\r\n<ins class=\"adsbygoogle\"\r\n     style=\"display:block\"\r\n     data-ad-client=\"ca-pub-8106111766207173\"\r\n     data-ad-slot=\"8535551207\"\r\n     data-ad-format=\"auto\"\r\n     data-full-width-responsive=\"true\"><\/ins>\r\n<script>\r\n     (adsbygoogle = window.adsbygoogle || []).push({});\r\n<\/script><\/div><\/div><br style=\"clear: both; display: block; float: none;\"\/>\n\n\n\n<p>\u201eTo je pitanje koje je gotovo pravilo u svim zemljama koje\nimaju svoje branitelje i borce. Me\u0111utim, za takvu posebnu kategoriju novac se\nmora osigurati iz drugih izvora. Ne mo\u017ee se, kako sam ve\u0107 kazao, mije\u0161ati sa\nsredstvima koja se ispla\u0107uju iz radni\u010dkih mirovina. Ako dr\u017eava \u017eeli nekoga\ndodatno nagraditi, neka novac namakne iz drugog prora\u010dunskog izvora.\u201c <\/p>\n\n\n\n<p>O \u010dinjenici da oko 9 tisu\u0107a umirovljenika koristi pravo na\nrad, Novosel ka\u017ee: \u201eKlju\u010dno je pitanje je li smisao izdvajanja novca iz bruto\npla\u0107e radnika u mirovinske fondove, tj. u dva mirovinska stupa, taj da jednog\ndana od svog minulog rada mogu dostojanstveno \u017eivjeti i kao drugi europski\ngra\u0111ani u\u017eivati u mirovini odlaze\u0107i na izlete i bave\u0107i se unucima ili je cilj\nza \u017eivota izdvajati i razmi\u0161ljati o tome da ionako od toga ne\u0107e mo\u0107i \u017eivjeti i\nda \u0107e morati u mirovini dodatno raditi\u201c<\/p>\n\n\n\n<p>\u201eRije\u010d je o totalnoj diskreditaciji i omalova\u017eavanju umirovljenika. Vlada koja nije u stanju osigurati kvalitetnije mirovine \u0161alje im poruku da, eto, mogu raditi kako bi pre\u017eivjeli. A ignoriraju \u010dinjenicu da se od ulaska u EU 350 tisu\u0107a radnika iselilo iz Hrvatske. I sada kada nedostaje radne snage, dobri su i umirovljenici\u201c, izjavio je \u0161ef SSSH za <a rel=\"noreferrer noopener\" aria-label=\"Novosti (opens in a new tab)\" href=\"https:\/\/www.portalnovosti.com\/mladen-novosel-braniteljske-i-radnicke-mirovine-treba-razdvojiti\" target=\"_blank\">Novosti<\/a>.<\/p>\n<div id=\"mojev-2562836197\" class=\"mojev-kraj-teksta mojev-entity-placement\" style=\"margin-bottom: 20px;margin-left: auto;margin-right: auto;text-align: center;\"><div class=\"mojev-adlabel\">oglas<\/div><div style=\"height: 250px;\"><script async src=\"https:\/\/pagead2.googlesyndication.com\/pagead\/js\/adsbygoogle.js?client=ca-pub-8106111766207173\"\r\n     crossorigin=\"anonymous\"><\/script>\r\n<!-- Display-1 -->\r\n<ins class=\"adsbygoogle\"\r\n     style=\"display:block\"\r\n     data-ad-client=\"ca-pub-8106111766207173\"\r\n     data-ad-slot=\"1465712950\"\r\n     data-ad-format=\"auto\"\r\n     data-full-width-responsive=\"true\"><\/ins>\r\n<script>\r\n     (adsbygoogle = window.adsbygoogle || []).push({});\r\n<\/script><\/div><\/div>","protected":false},"excerpt":{"rendered":"<p>Vlada koja nije u stanju osigurati kvalitetnije mirovine \u0161alje umirovljenicima poruku da, eto, mogu raditi kako bi pre\u017eivjeli. A ignoriraju \u010dinjenicu da se od ulaska u EU 350 tisu\u0107a radnika iselilo iz Hrvatske. I sada kada nedostaje radne snage, dobri su i umirovljenici, izjavio je \u0161ef SSSH.<\/p>\n","protected":false},"author":1,"featured_media":10703,"comment_status":"closed","ping_status":"closed","sticky":false,"template":"","format":"standard","meta":{"footnotes":""},"categories":[9],"tags":[1639,627,1116,1661,934],"class_list":["post-24383","post","type-post","status-publish","format-standard","has-post-thumbnail","hentry","category-vijesti","tag-67jeprevise","tag-branitelji","tag-mirovinska-reforma","tag-mladen-novosel","tag-povlastene-mirovine"],"_links":{"self":[{"href":"https:\/\/www.mojevrijeme.hr\/magazin\/wp-json\/wp\/v2\/posts\/24383","targetHints":{"allow":["GET"]}}],"collection":[{"href":"https:\/\/www.mojevrijeme.hr\/magazin\/wp-json\/wp\/v2\/posts"}],"about":[{"href":"https:\/\/www.mojevrijeme.hr\/magazin\/wp-json\/wp\/v2\/types\/post"}],"author":[{"embeddable":true,"href":"https:\/\/www.mojevrijeme.hr\/magazin\/wp-json\/wp\/v2\/users\/1"}],"replies":[{"embeddable":true,"href":"https:\/\/www.mojevrijeme.hr\/magazin\/wp-json\/wp\/v2\/comments?post=24383"}],"version-history":[{"count":0,"href":"https:\/\/www.mojevrijeme.hr\/magazin\/wp-json\/wp\/v2\/posts\/24383\/revisions"}],"wp:featuredmedia":[{"embeddable":true,"href":"https:\/\/www.mojevrijeme.hr\/magazin\/wp-json\/wp\/v2\/media\/10703"}],"wp:attachment":[{"href":"https:\/\/www.mojevrijeme.hr\/magazin\/wp-json\/wp\/v2\/media?parent=24383"}],"wp:term":[{"taxonomy":"category","embeddable":true,"href":"https:\/\/www.mojevrijeme.hr\/magazin\/wp-json\/wp\/v2\/categories?post=24383"},{"taxonomy":"post_tag","embeddable":true,"href":"https:\/\/www.mojevrijeme.hr\/magazin\/wp-json\/wp\/v2\/tags?post=24383"}],"curies":[{"name":"wp","href":"https:\/\/api.w.org\/{rel}","templated":true}]}}