{"id":24435,"date":"2019-04-03T15:06:43","date_gmt":"2019-04-03T13:06:43","guid":{"rendered":"https:\/\/www.mojevrijeme.hr\/magazin\/?p=24435"},"modified":"2019-04-03T15:07:19","modified_gmt":"2019-04-03T13:07:19","slug":"starija-zena-umrla-od-previse-vitamina-d","status":"publish","type":"post","link":"https:\/\/www.mojevrijeme.hr\/magazin\/2019\/04\/starija-zena-umrla-od-previse-vitamina-d\/","title":{"rendered":"Starija \u017eena umrla od previ\u0161e vitamina D"},"content":{"rendered":"\n<p>Starija \u017eena je umrla nakon predoziranja tabletama vitamina D u stara\u010dkom domu u Michiganu, pi\u0161e Independent. 86-godi\u0161nja <strong>Eileen Cowles<\/strong> te\u017eila je jedva 45 kilograma neposredno prije smrti.<\/p>\n\n\n\n<p>Uzimala je dvije kapsule kolekalciferola dnevno od kojih je svaka sadr\u017eavala 40.000 jedinica vitamina D. Me\u0111utim, na sudskom saslu\u0161anju re\u010deno je da je umirovljenica trebala uzimati dvije tablete mjese\u010dno, a ne dnevno.<\/p>\n\n\n\n<p>Njezina obitelj je otkrila gre\u0161ku nakon \u0161to su prona\u0161li papire dok su \u010distili njezinu sobu u stara\u010dkom domu. Mrtvozornik je ustanovio da je umrla od unutarnjeg krvarenja izazvanog visokim razinama kalcija u krvi kao posljedica predoziranja D vitaimom. Patolog Dr. <strong>Richard Shepherd<\/strong>, izjavio je sudu da nikad nije vidio tako ekstreman slu\u010daj hiperlkalcemije \u2013 visoke razine kalcija u krvi \u2013 u svojoj 35 godi\u0161njoj karijeri.<\/p><div id=\"mojev-2303191027\" class=\"mojev-u-tekstu mojev-entity-placement\" style=\"margin-left: auto;margin-right: auto;text-align: center;\"><div class=\"mojev-adlabel\">oglas<\/div><div style=\"height: 250px;\"><script async src=\"https:\/\/pagead2.googlesyndication.com\/pagead\/js\/adsbygoogle.js?client=ca-pub-8106111766207173\"\r\n     crossorigin=\"anonymous\"><\/script>\r\n<!-- Prikazni 1 u tekstu -->\r\n<ins class=\"adsbygoogle\"\r\n     style=\"display:block\"\r\n     data-ad-client=\"ca-pub-8106111766207173\"\r\n     data-ad-slot=\"8535551207\"\r\n     data-ad-format=\"auto\"\r\n     data-full-width-responsive=\"true\"><\/ins>\r\n<script>\r\n     (adsbygoogle = window.adsbygoogle || []).push({});\r\n<\/script><\/div><\/div><br style=\"clear: both; display: block; float: none;\"\/>\n\n\n\n<p>&#8220;Smatram da je uzrok njezinog unutarnjeg krvarenja najvjerojatnije povezan s hiperkalcemijom\u201c, rekao je. &#8220;Mislim da nikada nisam vidio ovakav slu\u010daj hiperkalcemije. Nisam mogao prona\u0107i nijedan prirodni razlog tako visoke razine kalcija.&#8221;<\/p>\n\n\n\n<p>Gospo\u0111a Cowles zapo\u010dela je s uzimanjem niske doze kolikalciferola i to dvaput mjese\u010dno kako bi poja\u010dala snagu kostiju nakon preloma lijevog kuka koji joj se dogodio prethodne godine.<\/p>\n\n\n\n<p>Ali kada se gospo\u0111a Cowles sljede\u0107eg mjeseca preselila u stara\u010dki dom, njezin lije\u010dnik op\u0107e prakse se promijenio te joj je novi lije\u010dnik izdao recept za kolekalciferol na kojem je samo pisalo &#8220;uzeti dvije tablete&#8221;, bez navo\u0111enja da li je rije\u010d o dnevnoj ili mjese\u010dnoj dozi. I tako je zapo\u010dela sa svakodnevnim uzimanjem. Na taj na\u010din joj je propisano jo\u0161 nekoliko pakiranja lijeka.<\/p>\n\n\n\n<p>Njezino stanje po\u010delo se pogor\u0161avati nakon \u010dega je primljena u ambulantu a potom u bolnicu, gdje su joj dijagnosticirali povi\u0161enu razinu kalcija. Lije\u010dnik je rekao istrazi da je doziranje bilo pogre\u0161no i da bi skrutinizirao ponovljeno propisivanje kad bi imao vi\u0161e vremena.<\/p>\n\n\n\n<p>&#8220;Mislim da je rije\u010d o ljudskoj pogre\u0161ci&#8221;, rekao je. &#8220;Ovo je slu\u010daj u kojem je potrebno skenirati veliki broj recepata na dnevnoj bazi, zajedno s povjerenjem kojeg imam u svoje kolege. Da je bilo vi\u0161e vremena, mo\u017eda bih mogao primijetiti pogre\u0161ku. Ovako je to bilo je poput igle u plastu sijena.&#8221; Istraga se nastavlja.<\/p>\n<div id=\"mojev-4278302772\" class=\"mojev-kraj-teksta mojev-entity-placement\" style=\"margin-bottom: 20px;margin-left: auto;margin-right: auto;text-align: center;\"><div class=\"mojev-adlabel\">oglas<\/div><div style=\"height: 250px;\"><script async src=\"https:\/\/pagead2.googlesyndication.com\/pagead\/js\/adsbygoogle.js?client=ca-pub-8106111766207173\"\r\n     crossorigin=\"anonymous\"><\/script>\r\n<!-- Display-1 -->\r\n<ins class=\"adsbygoogle\"\r\n     style=\"display:block\"\r\n     data-ad-client=\"ca-pub-8106111766207173\"\r\n     data-ad-slot=\"1465712950\"\r\n     data-ad-format=\"auto\"\r\n     data-full-width-responsive=\"true\"><\/ins>\r\n<script>\r\n     (adsbygoogle = window.adsbygoogle || []).push({});\r\n<\/script><\/div><\/div>","protected":false},"excerpt":{"rendered":"<p>\u0160ti\u0107enica jednog doma za starije osobe iz Michigana umrla je radi predoziranja vitaminom D. Naime, uzimala je dvije kapsule kolekalciferola dnevno od kojih je svaka sadr\u017eavala 40.000 jedinica vitamina D. Me\u0111utim, na sudskom saslu\u0161anju re\u010deno je da je umirovljenica trebala uzimati dvije tablete mjese\u010dno, a ne dnevno. <\/p>\n","protected":false},"author":4,"featured_media":21094,"comment_status":"closed","ping_status":"closed","sticky":false,"template":"","format":"standard","meta":{"footnotes":""},"categories":[2],"tags":[601,466],"class_list":["post-24435","post","type-post","status-publish","format-standard","has-post-thumbnail","hentry","category-mozaik","tag-vitamin-d","tag-vitamini"],"_links":{"self":[{"href":"https:\/\/www.mojevrijeme.hr\/magazin\/wp-json\/wp\/v2\/posts\/24435","targetHints":{"allow":["GET"]}}],"collection":[{"href":"https:\/\/www.mojevrijeme.hr\/magazin\/wp-json\/wp\/v2\/posts"}],"about":[{"href":"https:\/\/www.mojevrijeme.hr\/magazin\/wp-json\/wp\/v2\/types\/post"}],"author":[{"embeddable":true,"href":"https:\/\/www.mojevrijeme.hr\/magazin\/wp-json\/wp\/v2\/users\/4"}],"replies":[{"embeddable":true,"href":"https:\/\/www.mojevrijeme.hr\/magazin\/wp-json\/wp\/v2\/comments?post=24435"}],"version-history":[{"count":0,"href":"https:\/\/www.mojevrijeme.hr\/magazin\/wp-json\/wp\/v2\/posts\/24435\/revisions"}],"wp:featuredmedia":[{"embeddable":true,"href":"https:\/\/www.mojevrijeme.hr\/magazin\/wp-json\/wp\/v2\/media\/21094"}],"wp:attachment":[{"href":"https:\/\/www.mojevrijeme.hr\/magazin\/wp-json\/wp\/v2\/media?parent=24435"}],"wp:term":[{"taxonomy":"category","embeddable":true,"href":"https:\/\/www.mojevrijeme.hr\/magazin\/wp-json\/wp\/v2\/categories?post=24435"},{"taxonomy":"post_tag","embeddable":true,"href":"https:\/\/www.mojevrijeme.hr\/magazin\/wp-json\/wp\/v2\/tags?post=24435"}],"curies":[{"name":"wp","href":"https:\/\/api.w.org\/{rel}","templated":true}]}}