{"id":24477,"date":"2019-04-04T08:24:16","date_gmt":"2019-04-04T06:24:16","guid":{"rendered":"https:\/\/www.mojevrijeme.hr\/magazin\/?p=24477"},"modified":"2019-04-04T11:02:14","modified_gmt":"2019-04-04T09:02:14","slug":"njemacka-dize-majcinske-mirovine-za-jedno-dijete-25-godina-staza","status":"publish","type":"post","link":"https:\/\/www.mojevrijeme.hr\/magazin\/2019\/04\/njemacka-dize-majcinske-mirovine-za-jedno-dijete-25-godina-staza\/","title":{"rendered":"Njema\u010dka di\u017ee \u201emaj\u010dinske mirovine\u201c, za jedno dijete 2,5 godina sta\u017ea"},"content":{"rendered":"\n<p>U Njema\u010dkoj su na snagu su stupila pro\u0161irena prava o maj\u010dinskoj mirovini &#8211; tzv. <strong><em>M\u00fctterente II<\/em><\/strong>. Na osnovi toga milijuni ljudi dobivaju ve\u0107u mirovinu, a drugi na nju sada stje\u010du pravo, javlja<a rel=\"noreferrer noopener\" aria-label=\" WDR (opens in a new tab)\" href=\"https:\/\/www1.wdr.de\/radio\/cosmo\/programm\/sendungen\/radio-forum\/ratgeber\/mutterrente100.html\" target=\"_blank\"> WDR<\/a>. <\/p>\n\n\n\n<p>Nova pravila se odnose na sve osobe \u010dija su djeca ro\u0111ena\nprije 1992. godine, a koje maj\u010dinsku mirovinu ve\u0107 primaju, kao i na druge koje\n\u0107e ju tek dobivati. Oni koji ju ve\u0107 primaju, dobivaju povi\u0161icu od 1. 1. <\/p>\n\n\n\n<p>Ve\u0107 2014. je postojala takva mirovina za one \u010dija su djeca\nro\u0111ena prije 1992. Tada je na odgoj djeteta priznat sta\u017e od dvije godine\numjesto jedne kako je bilo do tada. Od po\u010detka 2019. se, umjesto dvije,\npriznaje dvije i pol godine sta\u017ea za svako dijete. Dakle, to donosi jo\u0161 jedno\npove\u0107anje mirovine.<\/p><div id=\"mojev-2192476561\" class=\"mojev-u-tekstu mojev-entity-placement\" style=\"margin-left: auto;margin-right: auto;text-align: center;\"><div class=\"mojev-adlabel\">oglas<\/div><div style=\"height: 250px;\"><script async src=\"https:\/\/pagead2.googlesyndication.com\/pagead\/js\/adsbygoogle.js?client=ca-pub-8106111766207173\"\r\n     crossorigin=\"anonymous\"><\/script>\r\n<!-- Prikazni 1 u tekstu -->\r\n<ins class=\"adsbygoogle\"\r\n     style=\"display:block\"\r\n     data-ad-client=\"ca-pub-8106111766207173\"\r\n     data-ad-slot=\"8535551207\"\r\n     data-ad-format=\"auto\"\r\n     data-full-width-responsive=\"true\"><\/ins>\r\n<script>\r\n     (adsbygoogle = window.adsbygoogle || []).push({});\r\n<\/script><\/div><\/div><br style=\"clear: both; display: block; float: none;\"\/>\n\n\n\n<p>Maj\u010dinska mirovina je od po\u010detka godine porasla za pribli\u017eno 16 eura mjese\u010dno po svakom djetetu. Na njema\u010dkom zapadu sada <strong>za jedno dijete ta mirovina iznosi 80 eura i 8 centi<\/strong>, a u isto\u010dnim saveznim zemljama <strong>76 eura i 73 centa<\/strong>. Za dva djeteta se dobiva dvostruko, za tri trostruko vi\u0161e itd. <\/p>\n\n\n\n<p>Koristi mogu imati i drugi. Recimo, osobe koje su prije 1992. imale dvoje djece su prije na svako dijete imale po dvije godine sta\u017ea i nisu mogle ostvariti pravo na mirovinu. Sada za svako dijete dobivaju po dvije i pol godine. Zbog toga, iako nisu radile, stje\u010du pravo na mirovinu jer za nju treba imati najmanje pet godina sta\u017ea, pi\u0161e <a href=\"https:\/\/www1.wdr.de\/radio\/cosmo\/programm\/sendungen\/radio-forum\/ratgeber\/mutterrente100.html\" target=\"_blank\" rel=\"noreferrer noopener\" aria-label=\"WDR (opens in a new tab)\">WDR<\/a>.<\/p>\n\n\n\n<p>&#8220;Upravo ljudi, ve\u0107inom \u017eene koje su sada u dobi za redovnu mirovinu, imaju iznad 65 godina, dvoje djece ro\u0111ene prije 1992. i nemaju radnog sta\u017ea pa nam se dosad nisu ni javljale, trebale bi se hitno javiti. Mo\u017ee i na dopisnici ili telefonom. Nakon toga \u0107e se, ako imamo mirovinski ra\u010dun &#8211; Versicherungskonto, utvrditi duljinu sta\u017ea, a potom i pravo na mirovinu&#8221;, pojasnio je zamjenik glasnogovornika federalnog Njema\u010dkog mirovinskog osiguranja DRV Bund <strong>Stefan Braatz<\/strong> za javni servis rbb. <\/p>\n\n\n\n<h3 class=\"wp-block-heading\">Kako je u Hrvatskoj?<\/h3>\n\n\n\n<p>Prema Zakonu o mirovinskom osiguranju koji je na snazi od prvog dana 2019. godine, roditelju, majci ili posvojiteljici koja ostvaruje mirovinu u ukupni mirovinski sta\u017e za odre\u0111ivanje mirovine stvarno navr\u0161enom mirovinskom sta\u017eu dodaje se i razdoblje od <strong>\u0161est mjeseci<\/strong> za svako ro\u0111eno ili posvojeno dijete. <\/p>\n<div id=\"mojev-2587762284\" class=\"mojev-kraj-teksta mojev-entity-placement\" style=\"margin-bottom: 20px;margin-left: auto;margin-right: auto;text-align: center;\"><div class=\"mojev-adlabel\">oglas<\/div><div style=\"height: 250px;\"><script async src=\"https:\/\/pagead2.googlesyndication.com\/pagead\/js\/adsbygoogle.js?client=ca-pub-8106111766207173\"\r\n     crossorigin=\"anonymous\"><\/script>\r\n<!-- Display-1 -->\r\n<ins class=\"adsbygoogle\"\r\n     style=\"display:block\"\r\n     data-ad-client=\"ca-pub-8106111766207173\"\r\n     data-ad-slot=\"1465712950\"\r\n     data-ad-format=\"auto\"\r\n     data-full-width-responsive=\"true\"><\/ins>\r\n<script>\r\n     (adsbygoogle = window.adsbygoogle || []).push({});\r\n<\/script><\/div><\/div>","protected":false},"excerpt":{"rendered":"<p>Osobe koje su prije 1992. imale dvoje djece su prije na svako dijete imale po dvije godine sta\u017ea i nisu mogle ostvariti pravo na mirovinu. Sada za svako dijete dobivaju po dvije i pol godine. Zbog toga, iako nisu radile, stje\u010du pravo na mirovinu jer za nju treba imati najmanje pet godina sta\u017ea<\/p>\n","protected":false},"author":1,"featured_media":24483,"comment_status":"closed","ping_status":"closed","sticky":false,"template":"","format":"standard","meta":{"footnotes":""},"categories":[9],"tags":[945,18,127],"class_list":["post-24477","post","type-post","status-publish","format-standard","has-post-thumbnail","hentry","category-vijesti","tag-majke","tag-mirovine","tag-njemacka"],"_links":{"self":[{"href":"https:\/\/www.mojevrijeme.hr\/magazin\/wp-json\/wp\/v2\/posts\/24477","targetHints":{"allow":["GET"]}}],"collection":[{"href":"https:\/\/www.mojevrijeme.hr\/magazin\/wp-json\/wp\/v2\/posts"}],"about":[{"href":"https:\/\/www.mojevrijeme.hr\/magazin\/wp-json\/wp\/v2\/types\/post"}],"author":[{"embeddable":true,"href":"https:\/\/www.mojevrijeme.hr\/magazin\/wp-json\/wp\/v2\/users\/1"}],"replies":[{"embeddable":true,"href":"https:\/\/www.mojevrijeme.hr\/magazin\/wp-json\/wp\/v2\/comments?post=24477"}],"version-history":[{"count":0,"href":"https:\/\/www.mojevrijeme.hr\/magazin\/wp-json\/wp\/v2\/posts\/24477\/revisions"}],"wp:featuredmedia":[{"embeddable":true,"href":"https:\/\/www.mojevrijeme.hr\/magazin\/wp-json\/wp\/v2\/media\/24483"}],"wp:attachment":[{"href":"https:\/\/www.mojevrijeme.hr\/magazin\/wp-json\/wp\/v2\/media?parent=24477"}],"wp:term":[{"taxonomy":"category","embeddable":true,"href":"https:\/\/www.mojevrijeme.hr\/magazin\/wp-json\/wp\/v2\/categories?post=24477"},{"taxonomy":"post_tag","embeddable":true,"href":"https:\/\/www.mojevrijeme.hr\/magazin\/wp-json\/wp\/v2\/tags?post=24477"}],"curies":[{"name":"wp","href":"https:\/\/api.w.org\/{rel}","templated":true}]}}