{"id":24540,"date":"2019-04-05T09:31:24","date_gmt":"2019-04-05T07:31:24","guid":{"rendered":"https:\/\/www.mojevrijeme.hr\/magazin\/?p=24540"},"modified":"2019-04-05T09:31:25","modified_gmt":"2019-04-05T07:31:25","slug":"raste-udio-dugogodisnjih-osiguranika-medu-novim-umirovljenicima-tko-su-oni","status":"publish","type":"post","link":"https:\/\/www.mojevrijeme.hr\/magazin\/2019\/04\/raste-udio-dugogodisnjih-osiguranika-medu-novim-umirovljenicima-tko-su-oni\/","title":{"rendered":"Raste udio dugogodi\u0161njih osiguranika me\u0111u novim umirovljenicima. Tko su oni?"},"content":{"rendered":"\n<p> Mirovina dugogodi\u0161njih osiguranika je znatno iznad dr\u017eavnog prosjeka i iznosi 3560 kuna!  Kako analizira <a href=\"https:\/\/www.vecernji.hr\/vijesti\/pavic-odlazak-u-mirovinu-sa-67-brani-rjesenjem-o-stazu-ali-ostaje-pitanje-tko-radi-41-godinu-1311259\" target=\"_blank\" rel=\"noreferrer noopener\" aria-label=\"Ve\u010dernji list (opens in a new tab)\">Ve\u010dernji list<\/a>, jedno je to od boljih rje\u0161enja u mirovinskom sustavu koje je pre\u017eivjelo zadnju mirovinsku reformu, uz promjenu da od 1. sije\u010dnja 2027. godine oslobo\u0111enje od penalizacije mogu o\u010dekivati ljudi s navr\u0161enom 61 godinom \u017eivota, a ne 60 kao sada. <\/p>\n\n\n\n<p>Radnici koji su u prva dva mjeseca 2019. godine oti\u0161li u mirovinu kao dugogodi\u0161nji osiguranici imali su u prosjeku 62 godine \u017eivota i 42 godine sta\u017ea! Hrvatska trenuta\u010dno ima 805 tisu\u0107a umirovljenika korisnika starosne mirovine. Od tog broja u prijevremenoj je mirovini oko 200.000 radnika.<\/p>\n\n\n\n<p>Udio dugogodi\u0161njih osiguranika u ukupnom broju starosnih mirovina je mali \u2013 samo 3,5 posto, no gledaju li se samo novi umirovljenici njihov se udio pove\u0107ava. <\/p><div id=\"mojev-1155047798\" class=\"mojev-u-tekstu mojev-entity-placement\" style=\"margin-left: auto;margin-right: auto;text-align: center;\"><div class=\"mojev-adlabel\">oglas<\/div><div style=\"height: 250px;\"><script async src=\"https:\/\/pagead2.googlesyndication.com\/pagead\/js\/adsbygoogle.js?client=ca-pub-8106111766207173\"\r\n     crossorigin=\"anonymous\"><\/script>\r\n<!-- Prikazni 1 u tekstu -->\r\n<ins class=\"adsbygoogle\"\r\n     style=\"display:block\"\r\n     data-ad-client=\"ca-pub-8106111766207173\"\r\n     data-ad-slot=\"8535551207\"\r\n     data-ad-format=\"auto\"\r\n     data-full-width-responsive=\"true\"><\/ins>\r\n<script>\r\n     (adsbygoogle = window.adsbygoogle || []).push({});\r\n<\/script><\/div><\/div><br style=\"clear: both; display: block; float: none;\"\/>\n\n\n\n<p>Primjerice, na gotovo 38 tisu\u0107a radnika koji su lani oti\u0161li u starosnu mirovinu oko 17 posto je dugogodi\u0161njih umirovljenika. U prva dva mjeseca ove godine njihov je udio porastao na 27 posto! Neprekinutu 41 godinu sta\u017ea uglavnom su mogli imati ljudi koji su se nakon zavr\u0161etka srednje \u0161kole zaposlili u javnom sektoru ili nekom za\u0161ti\u0107enom dr\u017eavnom sustavu, zaklju\u010duje <a href=\"https:\/\/www.vecernji.hr\/vijesti\/pavic-odlazak-u-mirovinu-sa-67-brani-rjesenjem-o-stazu-ali-ostaje-pitanje-tko-radi-41-godinu-1311259\" target=\"_blank\" rel=\"noreferrer noopener\" aria-label=\"Ve\u010dernji list (opens in a new tab)\">Ve\u010dernji list<\/a>. <\/p>\n<div id=\"mojev-3022730993\" class=\"mojev-kraj-teksta mojev-entity-placement\" style=\"margin-bottom: 20px;margin-left: auto;margin-right: auto;text-align: center;\"><div class=\"mojev-adlabel\">oglas<\/div><div style=\"height: 250px;\"><script async src=\"https:\/\/pagead2.googlesyndication.com\/pagead\/js\/adsbygoogle.js?client=ca-pub-8106111766207173\"\r\n     crossorigin=\"anonymous\"><\/script>\r\n<!-- Display-1 -->\r\n<ins class=\"adsbygoogle\"\r\n     style=\"display:block\"\r\n     data-ad-client=\"ca-pub-8106111766207173\"\r\n     data-ad-slot=\"1465712950\"\r\n     data-ad-format=\"auto\"\r\n     data-full-width-responsive=\"true\"><\/ins>\r\n<script>\r\n     (adsbygoogle = window.adsbygoogle || []).push({});\r\n<\/script><\/div><\/div>","protected":false},"excerpt":{"rendered":"<p>Na gotovo 38 tisu\u0107a radnika koji su lani oti\u0161li u starosnu mirovinu oko 17 posto je dugogodi\u0161njih umirovljenika. U prva dva mjeseca ove godine njihov je udio porastao na 27 posto! <\/p>\n","protected":false},"author":1,"featured_media":24542,"comment_status":"closed","ping_status":"closed","sticky":false,"template":"","format":"standard","meta":{"footnotes":""},"categories":[9],"tags":[1667,1116],"class_list":["post-24540","post","type-post","status-publish","format-standard","has-post-thumbnail","hentry","category-vijesti","tag-dugogodisnji-osiguranici","tag-mirovinska-reforma"],"_links":{"self":[{"href":"https:\/\/www.mojevrijeme.hr\/magazin\/wp-json\/wp\/v2\/posts\/24540","targetHints":{"allow":["GET"]}}],"collection":[{"href":"https:\/\/www.mojevrijeme.hr\/magazin\/wp-json\/wp\/v2\/posts"}],"about":[{"href":"https:\/\/www.mojevrijeme.hr\/magazin\/wp-json\/wp\/v2\/types\/post"}],"author":[{"embeddable":true,"href":"https:\/\/www.mojevrijeme.hr\/magazin\/wp-json\/wp\/v2\/users\/1"}],"replies":[{"embeddable":true,"href":"https:\/\/www.mojevrijeme.hr\/magazin\/wp-json\/wp\/v2\/comments?post=24540"}],"version-history":[{"count":0,"href":"https:\/\/www.mojevrijeme.hr\/magazin\/wp-json\/wp\/v2\/posts\/24540\/revisions"}],"wp:featuredmedia":[{"embeddable":true,"href":"https:\/\/www.mojevrijeme.hr\/magazin\/wp-json\/wp\/v2\/media\/24542"}],"wp:attachment":[{"href":"https:\/\/www.mojevrijeme.hr\/magazin\/wp-json\/wp\/v2\/media?parent=24540"}],"wp:term":[{"taxonomy":"category","embeddable":true,"href":"https:\/\/www.mojevrijeme.hr\/magazin\/wp-json\/wp\/v2\/categories?post=24540"},{"taxonomy":"post_tag","embeddable":true,"href":"https:\/\/www.mojevrijeme.hr\/magazin\/wp-json\/wp\/v2\/tags?post=24540"}],"curies":[{"name":"wp","href":"https:\/\/api.w.org\/{rel}","templated":true}]}}