{"id":24843,"date":"2019-04-15T13:06:20","date_gmt":"2019-04-15T11:06:20","guid":{"rendered":"https:\/\/www.mojevrijeme.hr\/magazin\/?p=24843"},"modified":"2019-04-15T13:38:49","modified_gmt":"2019-04-15T11:38:49","slug":"umirovljenici-spar-vas-vodi-na-more-ali","status":"publish","type":"post","link":"https:\/\/www.mojevrijeme.hr\/magazin\/2019\/04\/umirovljenici-spar-vas-vodi-na-more-ali\/","title":{"rendered":"Umirovljenici, Spar vas vodi na more, nudi ru\u010dnik i kremu, ali\u2026"},"content":{"rendered":"\n<p>Spar je ovih dana istaknuo posebnu ponudu za umirovljenike \u2013\nnudi im ru\u010dnik, kremu za sun\u010danje i rad na moru. Rije\u010d je o oglasu za posao pod\nnaslovom \u201eSa Sparom na more\u201c <\/p>\n\n\n\n<p>Podsjetimo, ovaj trgova\u010dki lanac je me\u0111u prvim iskoristio\nmogu\u0107nost zapo\u0161ljavanje umirovljenika na pola radnog vremena, uz, izvijestili\nsu, jak odaziv umirovljeni\u010dke radne snage. <\/p>\n\n\n\n<p>Za rad u Dalmaciji, Istri i Primorju tra\u017ee se blagajnice, prodava\u010di, mesari, kuhari i pekari. Uz pla\u0107u se nudi i topli obrok te 20-satni radni tjedan. Putni tro\u0161kovi i gradski prijevoz su pla\u0107eni. O smje\u0161taju istaknuti oglas ni\u0161ta ne govori. <\/p><div id=\"mojev-2404853246\" class=\"mojev-u-tekstu mojev-entity-placement\" style=\"margin-left: auto;margin-right: auto;text-align: center;\"><div class=\"mojev-adlabel\">oglas<\/div><div style=\"height: 250px;\"><script async src=\"https:\/\/pagead2.googlesyndication.com\/pagead\/js\/adsbygoogle.js?client=ca-pub-8106111766207173\"\r\n     crossorigin=\"anonymous\"><\/script>\r\n<!-- Prikazni 1 u tekstu -->\r\n<ins class=\"adsbygoogle\"\r\n     style=\"display:block\"\r\n     data-ad-client=\"ca-pub-8106111766207173\"\r\n     data-ad-slot=\"8535551207\"\r\n     data-ad-format=\"auto\"\r\n     data-full-width-responsive=\"true\"><\/ins>\r\n<script>\r\n     (adsbygoogle = window.adsbygoogle || []).push({});\r\n<\/script><\/div><\/div><br style=\"clear: both; display: block; float: none;\"\/>\n\n\n\n<figure class=\"wp-block-image\"><img loading=\"lazy\" decoding=\"async\" width=\"740\" height=\"410\" src=\"https:\/\/www.mojevrijeme.hr\/magazin\/wp-content\/uploads\/2019\/04\/sa-sparom-na-more-740x410.jpg\" alt=\"\" class=\"wp-image-24845\" srcset=\"https:\/\/www.mojevrijeme.hr\/magazin\/wp-content\/uploads\/2019\/04\/sa-sparom-na-more-740x410.jpg 740w, https:\/\/www.mojevrijeme.hr\/magazin\/wp-content\/uploads\/2019\/04\/sa-sparom-na-more-636x352.jpg 636w, https:\/\/www.mojevrijeme.hr\/magazin\/wp-content\/uploads\/2019\/04\/sa-sparom-na-more-768x426.jpg 768w, https:\/\/www.mojevrijeme.hr\/magazin\/wp-content\/uploads\/2019\/04\/sa-sparom-na-more.jpg 1200w\" sizes=\"auto, (max-width: 740px) 100vw, 740px\" \/><figcaption>foto: Sandro Bura<\/figcaption><\/figure>\n\n\n\n<p>Uz to Spar garantira i slobodno vrijeme za kupanje, dva\nslobodna dana tjedno, isplatu u prvom tjednu sljede\u0107eg mjeseca i rad u\ndinami\u010dnom okru\u017eenju. Adresa za slanje \u017eivotopisa jest sezona@spar.hr.<\/p>\n<div id=\"mojev-2104440048\" class=\"mojev-kraj-teksta mojev-entity-placement\" style=\"margin-bottom: 20px;margin-left: auto;margin-right: auto;text-align: center;\"><div class=\"mojev-adlabel\">oglas<\/div><div style=\"height: 250px;\"><script async src=\"https:\/\/pagead2.googlesyndication.com\/pagead\/js\/adsbygoogle.js?client=ca-pub-8106111766207173\"\r\n     crossorigin=\"anonymous\"><\/script>\r\n<!-- Display-1 -->\r\n<ins class=\"adsbygoogle\"\r\n     style=\"display:block\"\r\n     data-ad-client=\"ca-pub-8106111766207173\"\r\n     data-ad-slot=\"1465712950\"\r\n     data-ad-format=\"auto\"\r\n     data-full-width-responsive=\"true\"><\/ins>\r\n<script>\r\n     (adsbygoogle = window.adsbygoogle || []).push({});\r\n<\/script><\/div><\/div>","protected":false},"excerpt":{"rendered":"<p>Spar je ovih dana istaknuo posebnu ponudu za umirovljenike \u2013 nudi im ru\u010dnik, kremu za sun\u010danje i rad na moru. Rije\u010d je o oglasu za posao pod naslovom &#8216;Sa Sparom na more&#8217;.<\/p>\n","protected":false},"author":1,"featured_media":24846,"comment_status":"closed","ping_status":"closed","sticky":false,"template":"","format":"standard","meta":{"footnotes":""},"categories":[9],"tags":[98,1342,1544],"class_list":["post-24843","post","type-post","status-publish","format-standard","has-post-thumbnail","hentry","category-vijesti","tag-karijera","tag-rad-uz-mirovinu","tag-spar"],"_links":{"self":[{"href":"https:\/\/www.mojevrijeme.hr\/magazin\/wp-json\/wp\/v2\/posts\/24843","targetHints":{"allow":["GET"]}}],"collection":[{"href":"https:\/\/www.mojevrijeme.hr\/magazin\/wp-json\/wp\/v2\/posts"}],"about":[{"href":"https:\/\/www.mojevrijeme.hr\/magazin\/wp-json\/wp\/v2\/types\/post"}],"author":[{"embeddable":true,"href":"https:\/\/www.mojevrijeme.hr\/magazin\/wp-json\/wp\/v2\/users\/1"}],"replies":[{"embeddable":true,"href":"https:\/\/www.mojevrijeme.hr\/magazin\/wp-json\/wp\/v2\/comments?post=24843"}],"version-history":[{"count":0,"href":"https:\/\/www.mojevrijeme.hr\/magazin\/wp-json\/wp\/v2\/posts\/24843\/revisions"}],"wp:featuredmedia":[{"embeddable":true,"href":"https:\/\/www.mojevrijeme.hr\/magazin\/wp-json\/wp\/v2\/media\/24846"}],"wp:attachment":[{"href":"https:\/\/www.mojevrijeme.hr\/magazin\/wp-json\/wp\/v2\/media?parent=24843"}],"wp:term":[{"taxonomy":"category","embeddable":true,"href":"https:\/\/www.mojevrijeme.hr\/magazin\/wp-json\/wp\/v2\/categories?post=24843"},{"taxonomy":"post_tag","embeddable":true,"href":"https:\/\/www.mojevrijeme.hr\/magazin\/wp-json\/wp\/v2\/tags?post=24843"}],"curies":[{"name":"wp","href":"https:\/\/api.w.org\/{rel}","templated":true}]}}