{"id":26305,"date":"2019-05-02T17:33:56","date_gmt":"2019-05-02T15:33:56","guid":{"rendered":"https:\/\/www.mojevrijeme.hr\/magazin\/?p=26305"},"modified":"2019-05-02T19:10:02","modified_gmt":"2019-05-02T17:10:02","slug":"pavic-napustio-presicu-iznervirala-su-ga-novinarska-pitanja","status":"publish","type":"post","link":"https:\/\/www.mojevrijeme.hr\/magazin\/2019\/05\/pavic-napustio-presicu-iznervirala-su-ga-novinarska-pitanja\/","title":{"rendered":"Pavi\u0107 napustio presicu, iznervirala su ga novinarska pitanja"},"content":{"rendered":"\n<p>Ministar rada i mirovinskog sustava <strong>Marko Pavi\u0107<\/strong> sazvao je tiskovnu konferenciju kako bi objasnio da kampanja koju vodi nije usmjerena protiv referendumske inicijative <strong>&#8220;67 je previ\u0161e&#8221;<\/strong>. Ka\u017ee, rije\u010d je o kontinuiranom informiranju gra\u0111ana o cjelovitoj mirovinskoj reformi. <\/p>\n\n\n\n<p>&#8220;Ona je nastala u Ministarstvu rada i mirovinskog sustava, nismo koristili vanjske agencije, izradu spota platili smo 18.000 kuna plus PDV, a tro\u0161kove kampanje \u0107emo javno obznaniti nakon njezina zavr\u0161etka&#8221;, rekao je Pavi\u0107. <\/p>\n\n\n\n<p>O izra\u010dunu od\n45 milijardi kuna dodatnog tro\u0161ka za dr\u017eavni prora\u010dun, ako sindikatima uspije\ninicijativa za referendum, rekao je kako je tu brojku izra\u010dunao stru\u010dni tim.\nIako to zvu\u010di puno, radi se o realnoj brojci s obzirom na veliki broj\numirovljenika.<\/p><div id=\"mojev-4258452510\" class=\"mojev-u-tekstu mojev-entity-placement\" style=\"margin-left: auto;margin-right: auto;text-align: center;\"><div class=\"mojev-adlabel\">oglas<\/div><div style=\"height: 250px;\"><script async src=\"https:\/\/pagead2.googlesyndication.com\/pagead\/js\/adsbygoogle.js?client=ca-pub-8106111766207173\"\r\n     crossorigin=\"anonymous\"><\/script>\r\n<!-- Prikazni 1 u tekstu -->\r\n<ins class=\"adsbygoogle\"\r\n     style=\"display:block\"\r\n     data-ad-client=\"ca-pub-8106111766207173\"\r\n     data-ad-slot=\"8535551207\"\r\n     data-ad-format=\"auto\"\r\n     data-full-width-responsive=\"true\"><\/ins>\r\n<script>\r\n     (adsbygoogle = window.adsbygoogle || []).push({});\r\n<\/script><\/div><\/div><br style=\"clear: both; display: block; float: none;\"\/>\n\n\n\n<p>Dodao je kako su sindikati i oporba iskoristili Praznik rada kako bi obmanuli javnost. &#8220;\u017dao mi je \u0161to je Me\u0111unarodni praznik rada iskori\u0161ten za dezinfomiranje i politikantstvo, gdje su sindikati zajedno s oporbom manipulirali gra\u0111anima. SDP je 2013. uveo rad do 67 godina, to postoji u hrvatskom zakonodavstvu ve\u0107 pet i pol godina. \u017dao mi je vidjeti da gospodin <strong>Bernardi\u0107<\/strong> potpisuje referendum i koristi inicijativu za europsku kampanju svoje stranke&#8221;, izjavio je ministar. Dodao je kako su im se u tome pridru\u017eili i Most, kojemu je cilj samo fotelja u Bruxellesu, kao i \u017divi zid.<\/p>\n\n\n\n<p>Iznerviran novinarskim pitanjima na temu zaposlenosti i nezaposlenosti, ministar je naprasno napustio konferenciju ostaviv\u0161i novinare bez odgovora. Nakon presice, Ministarstvo je na svojim stranicama objavilo vijest naslovljenu &#8220;Ministar Pavi\u0107 odr\u017eao konferenciju za medije o uspjehu mjera aktivne politike zapo\u0161ljavanja i informativnoj kampanji o cjelovitoj mirovinskoj reformu&#8221;. Kako je sve to izgledalo, pogledajte u gornjem videu. <\/p>\n<div id=\"mojev-2624275058\" class=\"mojev-kraj-teksta mojev-entity-placement\" style=\"margin-bottom: 20px;margin-left: auto;margin-right: auto;text-align: center;\"><div class=\"mojev-adlabel\">oglas<\/div><div style=\"height: 250px;\"><script async src=\"https:\/\/pagead2.googlesyndication.com\/pagead\/js\/adsbygoogle.js?client=ca-pub-8106111766207173\"\r\n     crossorigin=\"anonymous\"><\/script>\r\n<!-- Display-1 -->\r\n<ins class=\"adsbygoogle\"\r\n     style=\"display:block\"\r\n     data-ad-client=\"ca-pub-8106111766207173\"\r\n     data-ad-slot=\"1465712950\"\r\n     data-ad-format=\"auto\"\r\n     data-full-width-responsive=\"true\"><\/ins>\r\n<script>\r\n     (adsbygoogle = window.adsbygoogle || []).push({});\r\n<\/script><\/div><\/div>","protected":false},"excerpt":{"rendered":"<p>Ministar rada i mirovinskog sustava Marko Pavi\u0107 sazvao je tiskovnu konferenciju kako bi objasnio da kampanja koju vodi nije usmjerena protiv referendumske inicijative &#8220;67 je previ\u0161e&#8221;. Ka\u017ee, rije\u010d je o kontinuiranom informiranju gra\u0111ana o cjelovitoj mirovinskoj reformi. &#8220;Ona je nastala u Ministarstvu rada i mirovinskog sustava, nismo koristili vanjske agencije, izradu spota platili smo 18.000 [&hellip;]<\/p>\n","protected":false},"author":1,"featured_media":25918,"comment_status":"closed","ping_status":"closed","sticky":false,"template":"","format":"video","meta":{"footnotes":""},"categories":[9],"tags":[1639,938,1116,166],"class_list":["post-26305","post","type-post","status-publish","format-video","has-post-thumbnail","hentry","category-vijesti","tag-67jeprevise","tag-marko-pavic","tag-mirovinska-reforma","tag-referendum","post_format-post-format-video"],"_links":{"self":[{"href":"https:\/\/www.mojevrijeme.hr\/magazin\/wp-json\/wp\/v2\/posts\/26305","targetHints":{"allow":["GET"]}}],"collection":[{"href":"https:\/\/www.mojevrijeme.hr\/magazin\/wp-json\/wp\/v2\/posts"}],"about":[{"href":"https:\/\/www.mojevrijeme.hr\/magazin\/wp-json\/wp\/v2\/types\/post"}],"author":[{"embeddable":true,"href":"https:\/\/www.mojevrijeme.hr\/magazin\/wp-json\/wp\/v2\/users\/1"}],"replies":[{"embeddable":true,"href":"https:\/\/www.mojevrijeme.hr\/magazin\/wp-json\/wp\/v2\/comments?post=26305"}],"version-history":[{"count":0,"href":"https:\/\/www.mojevrijeme.hr\/magazin\/wp-json\/wp\/v2\/posts\/26305\/revisions"}],"wp:featuredmedia":[{"embeddable":true,"href":"https:\/\/www.mojevrijeme.hr\/magazin\/wp-json\/wp\/v2\/media\/25918"}],"wp:attachment":[{"href":"https:\/\/www.mojevrijeme.hr\/magazin\/wp-json\/wp\/v2\/media?parent=26305"}],"wp:term":[{"taxonomy":"category","embeddable":true,"href":"https:\/\/www.mojevrijeme.hr\/magazin\/wp-json\/wp\/v2\/categories?post=26305"},{"taxonomy":"post_tag","embeddable":true,"href":"https:\/\/www.mojevrijeme.hr\/magazin\/wp-json\/wp\/v2\/tags?post=26305"}],"curies":[{"name":"wp","href":"https:\/\/api.w.org\/{rel}","templated":true}]}}