{"id":26719,"date":"2019-05-10T11:32:36","date_gmt":"2019-05-10T09:32:36","guid":{"rendered":"https:\/\/www.mojevrijeme.hr\/magazin\/?p=26719"},"modified":"2019-05-10T11:32:37","modified_gmt":"2019-05-10T09:32:37","slug":"sindikati-vlada-je-namjerno-zagadila-statistiku-o-radnom-stazu","status":"publish","type":"post","link":"https:\/\/www.mojevrijeme.hr\/magazin\/2019\/05\/sindikati-vlada-je-namjerno-zagadila-statistiku-o-radnom-stazu\/","title":{"rendered":"Sindikati: Vlada je namjerno zagadila statistiku o radnom sta\u017eu"},"content":{"rendered":"\n<p>Jo\u0161 danas i sutra sindikati prikupljaju potpise za raspisivanje referenduma &#8220;67 je previ\u0161e&#8221;. U samom fini\u0161u upozoravaju da vladaju\u0107i manipuliraju podacima o prosje\u010dnom radnom sta\u017eu. Resorno ministarstvo je pre\u0161utjelo da je u statistike stavila i povla\u0161tene umirovljenike, njih 175 tisu\u0107a. <\/p>\n\n\n\n<p>&#8220;Svi su umirovljenici ukalkulirani u istu statistiku, pa kada resorni ministar Marko Pavi\u0107 i premijer Andrej Plenkovi\u0107 govore da je prosje\u010dni radni sta\u017e umirovljenika u Hrvatskoj 30 godina i dva mjeseca, za razliku od Europske unije gdje je 35 godina, nitko od njih ne spominje umirovljenike po posebnim propisima. Statistika je namjerno zaga\u0111ena&#8221;, izjavila je za Hinu\u00a0 <strong>Ana Mili\u010devi\u0107 Pezelj<\/strong> iz Saveza samostalnih sindikata Hrvatske.<\/p>\n\n\n\n<p>\u010cak je sedamnaest kategorija korisnika mirovina po posebnim\npo propisima. Me\u0111u njima nitko, osim akademika, nema odra\u0111enih 41 godinu sta\u017ea.\nPosebno se isti\u010du pripadnici Hrvatskog vije\u0107a obrane koji su stekli pravo na\nmirovinu s prosje\u010dnim sta\u017eem od sedam godina. To sni\u017eava ukupnu statistiku,\nupozorava Mili\u010devi\u0107 Pezelj.&nbsp; <\/p><div id=\"mojev-1124895978\" class=\"mojev-u-tekstu mojev-entity-placement\" style=\"margin-left: auto;margin-right: auto;text-align: center;\"><div class=\"mojev-adlabel\">oglas<\/div><div style=\"height: 250px;\"><script async src=\"https:\/\/pagead2.googlesyndication.com\/pagead\/js\/adsbygoogle.js?client=ca-pub-8106111766207173\"\r\n     crossorigin=\"anonymous\"><\/script>\r\n<!-- Prikazni 1 u tekstu -->\r\n<ins class=\"adsbygoogle\"\r\n     style=\"display:block\"\r\n     data-ad-client=\"ca-pub-8106111766207173\"\r\n     data-ad-slot=\"8535551207\"\r\n     data-ad-format=\"auto\"\r\n     data-full-width-responsive=\"true\"><\/ins>\r\n<script>\r\n     (adsbygoogle = window.adsbygoogle || []).push({});\r\n<\/script><\/div><\/div><br style=\"clear: both; display: block; float: none;\"\/>\n<div id=\"mojev-1916371276\" class=\"mojev-kraj-teksta mojev-entity-placement\" style=\"margin-bottom: 20px;margin-left: auto;margin-right: auto;text-align: center;\"><div class=\"mojev-adlabel\">oglas<\/div><div style=\"height: 250px;\"><script async src=\"https:\/\/pagead2.googlesyndication.com\/pagead\/js\/adsbygoogle.js?client=ca-pub-8106111766207173\"\r\n     crossorigin=\"anonymous\"><\/script>\r\n<!-- Display-1 -->\r\n<ins class=\"adsbygoogle\"\r\n     style=\"display:block\"\r\n     data-ad-client=\"ca-pub-8106111766207173\"\r\n     data-ad-slot=\"1465712950\"\r\n     data-ad-format=\"auto\"\r\n     data-full-width-responsive=\"true\"><\/ins>\r\n<script>\r\n     (adsbygoogle = window.adsbygoogle || []).push({});\r\n<\/script><\/div><\/div>","protected":false},"excerpt":{"rendered":"<p>\u010cak je sedamnaest kategorija korisnika mirovina po posebnim po propisima. Me\u0111u njima nitko, osim akademika, nema odra\u0111enih 41 godinu sta\u017ea. <\/p>\n","protected":false},"author":1,"featured_media":18606,"comment_status":"closed","ping_status":"closed","sticky":false,"template":"","format":"standard","meta":{"footnotes":""},"categories":[9],"tags":[1639,166,1532],"class_list":["post-26719","post","type-post","status-publish","format-standard","has-post-thumbnail","hentry","category-vijesti","tag-67jeprevise","tag-referendum","tag-statistika"],"_links":{"self":[{"href":"https:\/\/www.mojevrijeme.hr\/magazin\/wp-json\/wp\/v2\/posts\/26719","targetHints":{"allow":["GET"]}}],"collection":[{"href":"https:\/\/www.mojevrijeme.hr\/magazin\/wp-json\/wp\/v2\/posts"}],"about":[{"href":"https:\/\/www.mojevrijeme.hr\/magazin\/wp-json\/wp\/v2\/types\/post"}],"author":[{"embeddable":true,"href":"https:\/\/www.mojevrijeme.hr\/magazin\/wp-json\/wp\/v2\/users\/1"}],"replies":[{"embeddable":true,"href":"https:\/\/www.mojevrijeme.hr\/magazin\/wp-json\/wp\/v2\/comments?post=26719"}],"version-history":[{"count":0,"href":"https:\/\/www.mojevrijeme.hr\/magazin\/wp-json\/wp\/v2\/posts\/26719\/revisions"}],"wp:featuredmedia":[{"embeddable":true,"href":"https:\/\/www.mojevrijeme.hr\/magazin\/wp-json\/wp\/v2\/media\/18606"}],"wp:attachment":[{"href":"https:\/\/www.mojevrijeme.hr\/magazin\/wp-json\/wp\/v2\/media?parent=26719"}],"wp:term":[{"taxonomy":"category","embeddable":true,"href":"https:\/\/www.mojevrijeme.hr\/magazin\/wp-json\/wp\/v2\/categories?post=26719"},{"taxonomy":"post_tag","embeddable":true,"href":"https:\/\/www.mojevrijeme.hr\/magazin\/wp-json\/wp\/v2\/tags?post=26719"}],"curies":[{"name":"wp","href":"https:\/\/api.w.org\/{rel}","templated":true}]}}