{"id":26824,"date":"2019-05-11T07:00:27","date_gmt":"2019-05-11T05:00:27","guid":{"rendered":"https:\/\/www.mojevrijeme.hr\/magazin\/?p=26824"},"modified":"2019-05-12T07:12:47","modified_gmt":"2019-05-12T05:12:47","slug":"sajam-za-zrele-generacije-pravo-doba-16-18-svibnja-2019-2","status":"publish","type":"post","link":"https:\/\/www.mojevrijeme.hr\/magazin\/2019\/05\/sajam-za-zrele-generacije-pravo-doba-16-18-svibnja-2019-2\/","title":{"rendered":"Sajam za zrele generacije Pravo doba 16.-18. svibnja 2019."},"content":{"rendered":"\n<p><strong><a href=\"https:\/\/www.zv.hr\/sajmovi-7\/pravo-doba-65\/program-strucno-pratecih-dogadjanja\/3764\" target=\"_blank\" rel=\"noreferrer noopener\" aria-label=\"Pravo doba (opens in a new tab)\">Pravo doba<\/a><\/strong> sajam za zrele generacije&nbsp; i cijele obitelji odr\u017eat \u0107e se od \u010detvrtka 16. do subote 18. svibnja 2019. na Zagreba\u010dkom velesajmu u paviljonima 7 i 7a.<\/p>\n\n\n\n<p>Tri dana, Zagreba\u010dki velesajam bit \u0107e mjesto je na kojem se nudi\nzabava, edukacija, rekreacija, zdravstveni pregledi i savjetovanja, ali \u0107e se\ngovoriti i o temama i problemima s kojima se susre\u0107u starije generacije, a ti\u010du\nse \u017eivljenja u zreloj dobi. Na Sajmu \u0107e svoje proizvode i usluge prezentirati\n83 izlaga\u010da i suizlaga\u010da.<\/p>\n\n\n\n<p>Jedna od tema je <strong>zapo\u0161ljavanje\numirovljenika<\/strong>, pa&nbsp; svi zainteresirani\nza dodatnu zaradu mogu dobiti korisne informacije na ovom Sajmu. <strong>Lje\u010dili\u0161ta, toplice, zdravstvene\nustanove<\/strong> prezentirat \u0107e svoje usluge i nuditi pogodnosti.<\/p><div id=\"mojev-1673661329\" class=\"mojev-u-tekstu mojev-entity-placement\" style=\"margin-left: auto;margin-right: auto;text-align: center;\"><div class=\"mojev-adlabel\">oglas<\/div><div style=\"height: 250px;\"><script async src=\"https:\/\/pagead2.googlesyndication.com\/pagead\/js\/adsbygoogle.js?client=ca-pub-8106111766207173\"\r\n     crossorigin=\"anonymous\"><\/script>\r\n<!-- Prikazni 1 u tekstu -->\r\n<ins class=\"adsbygoogle\"\r\n     style=\"display:block\"\r\n     data-ad-client=\"ca-pub-8106111766207173\"\r\n     data-ad-slot=\"8535551207\"\r\n     data-ad-format=\"auto\"\r\n     data-full-width-responsive=\"true\"><\/ins>\r\n<script>\r\n     (adsbygoogle = window.adsbygoogle || []).push({});\r\n<\/script><\/div><\/div><br style=\"clear: both; display: block; float: none;\"\/>\n\n\n\n<p>Ulaskom u pedesete i \u0161ezdesete godine pojavljuje se dovoljno slobodnog\nvremena za putovanja, bavljenje aktivnostima koje su do tada bile zanemarivane\nuslijed roditeljskih, poslovnih i drugih obaveza. Zbog toga \u0107e na Sajmu\nsudjelovati i <strong>turisti\u010dke agencije<\/strong> sa\nzanimljivim programima putovanja, a razli\u010dite <strong>kreativne radionice<\/strong> mo\u017eda Vas potaknu da prona\u0111ete &nbsp;novi hobi. <\/p>\n\n\n\n<figure class=\"wp-block-image\"><img loading=\"lazy\" decoding=\"async\" width=\"740\" height=\"444\" src=\"https:\/\/www.mojevrijeme.hr\/magazin\/wp-content\/uploads\/2019\/05\/pravo-doba-radionica-740x444.jpg\" alt=\"\" class=\"wp-image-26830\" srcset=\"https:\/\/www.mojevrijeme.hr\/magazin\/wp-content\/uploads\/2019\/05\/pravo-doba-radionica-740x444.jpg 740w, https:\/\/www.mojevrijeme.hr\/magazin\/wp-content\/uploads\/2019\/05\/pravo-doba-radionica-636x382.jpg 636w, https:\/\/www.mojevrijeme.hr\/magazin\/wp-content\/uploads\/2019\/05\/pravo-doba-radionica-768x461.jpg 768w, https:\/\/www.mojevrijeme.hr\/magazin\/wp-content\/uploads\/2019\/05\/pravo-doba-radionica-590x354.jpg 590w, https:\/\/www.mojevrijeme.hr\/magazin\/wp-content\/uploads\/2019\/05\/pravo-doba-radionica-400x240.jpg 400w, https:\/\/www.mojevrijeme.hr\/magazin\/wp-content\/uploads\/2019\/05\/pravo-doba-radionica-1000x600.jpg 1000w, https:\/\/www.mojevrijeme.hr\/magazin\/wp-content\/uploads\/2019\/05\/pravo-doba-radionica-820x492.jpg 820w, https:\/\/www.mojevrijeme.hr\/magazin\/wp-content\/uploads\/2019\/05\/pravo-doba-radionica.jpg 1200w\" sizes=\"auto, (max-width: 740px) 100vw, 740px\" \/><figcaption>foto: Pravo doba\/PR<\/figcaption><\/figure>\n\n\n\n<p>Ponekad se pojavi i potreba za dodatnom njegom i upotrebom pomagala, stoga\n\u0107e <strong>domovi za starije osobe<\/strong> na Pravom\ndobu &nbsp;prezentirati svoju ponudu, a <strong>tvrtke s opremom i pomagalima<\/strong> koja\nolak\u0161avaju kretanje i svakodnevne aktivnosti \u0107e ponuditi svoje proizvode i\nsavjetovati o njihovoj primjeni.<\/p>\n\n\n\n<p><strong>Dom zdravlja Zagreb &#8211; Centar<\/strong> kao referentno mjesto za zdravo i aktivno starenje\nobavljat \u0107e&nbsp; besplatne preglede (tjelesna\nte\u017eina i visina, indeks tjelesne mase, krvni tlak, \u0161e\u0107er u krvi, zasi\u0107enost\nperiferne krvi kisikom, spirometrija, opseg struka i bokova, ispitivanje sluha\ni vida, pregled ko\u017ee, EKG, mjerenje udjela masnog tkiva i savjetovanje sa\nnutricionistom) uz zavr\u0161nu konzultaciju s lije\u010dnikom.<\/p>\n\n\n\n<figure class=\"wp-block-image\"><img loading=\"lazy\" decoding=\"async\" width=\"740\" height=\"444\" src=\"https:\/\/www.mojevrijeme.hr\/magazin\/wp-content\/uploads\/2019\/05\/pravo-doba-masaza-740x444.jpg\" alt=\"\" class=\"wp-image-26829\" srcset=\"https:\/\/www.mojevrijeme.hr\/magazin\/wp-content\/uploads\/2019\/05\/pravo-doba-masaza-740x444.jpg 740w, https:\/\/www.mojevrijeme.hr\/magazin\/wp-content\/uploads\/2019\/05\/pravo-doba-masaza-636x382.jpg 636w, https:\/\/www.mojevrijeme.hr\/magazin\/wp-content\/uploads\/2019\/05\/pravo-doba-masaza-768x461.jpg 768w, https:\/\/www.mojevrijeme.hr\/magazin\/wp-content\/uploads\/2019\/05\/pravo-doba-masaza-590x354.jpg 590w, https:\/\/www.mojevrijeme.hr\/magazin\/wp-content\/uploads\/2019\/05\/pravo-doba-masaza-400x240.jpg 400w, https:\/\/www.mojevrijeme.hr\/magazin\/wp-content\/uploads\/2019\/05\/pravo-doba-masaza-1000x600.jpg 1000w, https:\/\/www.mojevrijeme.hr\/magazin\/wp-content\/uploads\/2019\/05\/pravo-doba-masaza-820x492.jpg 820w, https:\/\/www.mojevrijeme.hr\/magazin\/wp-content\/uploads\/2019\/05\/pravo-doba-masaza.jpg 1200w\" sizes=\"auto, (max-width: 740px) 100vw, 740px\" \/><figcaption>foto: Pravo doba\/PR<\/figcaption><\/figure>\n\n\n\n<p>Sve prednosti (i eventualni nedostaci) zapo\u0161ljavanja u\nmirovini razmatrati \u0107e se na okruglom stolu <strong>&#8220;Za\u0161to je dobro zaposliti se u mirovini?&#8221;<\/strong>, a pripremljen je okrugli stol na temu <strong>\u201eGodine(ni)su\nva\u017ene-tek se zagrijavamo!\u201c<\/strong>.<\/p>\n\n\n\n<p>Na <strong>Trgu kreativnih vje\u0161tina<\/strong>\nsvakodnevno \u0107e se odr\u017eavati razli\u010dite radionice: izrada slika tomago tehnikom,\nradionica s glinom, izrade cvjetnih aran\u017emana od tkanine, origami radionice,\nizrada nakita od recikliranog papira i keramike, izrada ukrasnih jastu\u010di\u0107a itd.\nIsti\u010demo i&nbsp;\nmodnu reviju <strong>Tri generacije \u2013 tri\ngracije<\/strong>.<\/p>\n\n\n\n<p>I ljubitelji kvizova \u0107e do\u0107i na svoje. U subotu, od\n12,00 do 14,00 sati, na otvorenoj pozornici odr\u017eat \u0107e se <strong>kviz znanja<\/strong>. Odmor uz knjigu ili \u010dasopis nudi se u <strong>\u010citaonici,<\/strong> u kojoj se mo\u017ee sudjelovati i\nu razmjeni knjiga. <\/p>\n\n\n\n<p>Organizator <a rel=\"noreferrer noopener\" aria-label=\"Pravog doba (opens in a new tab)\" href=\"https:\/\/www.zv.hr\/sajmovi-7\/pravo-doba-65\/program-strucno-pratecih-dogadjanja\/3764\" target=\"_blank\">Pravog doba<\/a> je Zagreba\u010dki velesajam, a suorganizatori stru\u010dnog i popratnog programa su Grad Zagreb &#8211; Gradski ured za socijalnu za\u0161titu i osobe s invaliditetom i Zaklada Zajedni\u010dki put. <\/p>\n\n\n\n<p>Radno vrijeme sajma Pravo doba&nbsp; je od 10,00 do 18,00 sati. Ulaz na Sajam je besplatan. Program <a href=\"https:\/\/www.zv.hr\/sajmovi-7\/pravo-doba-65\/program-strucno-pratecih-dogadjanja\/3764\" target=\"_blank\" rel=\"noreferrer noopener\" aria-label=\"potra\u017eite ovdje (opens in a new tab)\">potra\u017eite ovdje<\/a>. <\/p>\n<div id=\"mojev-148532275\" class=\"mojev-kraj-teksta mojev-entity-placement\" style=\"margin-bottom: 20px;margin-left: auto;margin-right: auto;text-align: center;\"><div class=\"mojev-adlabel\">oglas<\/div><div style=\"height: 250px;\"><script async src=\"https:\/\/pagead2.googlesyndication.com\/pagead\/js\/adsbygoogle.js?client=ca-pub-8106111766207173\"\r\n     crossorigin=\"anonymous\"><\/script>\r\n<!-- Display-1 -->\r\n<ins class=\"adsbygoogle\"\r\n     style=\"display:block\"\r\n     data-ad-client=\"ca-pub-8106111766207173\"\r\n     data-ad-slot=\"1465712950\"\r\n     data-ad-format=\"auto\"\r\n     data-full-width-responsive=\"true\"><\/ins>\r\n<script>\r\n     (adsbygoogle = window.adsbygoogle || []).push({});\r\n<\/script><\/div><\/div>","protected":false},"excerpt":{"rendered":"<p>Ulaskom u pedesete i \u0161ezdesete godine pojavljuje se dovoljno slobodnog vremena za putovanja, bavljenje aktivnostima koje su do tada bile zanemarivane uslijed roditeljskih, poslovnih i drugih obaveza.<\/p>\n","protected":false},"author":5,"featured_media":26827,"comment_status":"closed","ping_status":"closed","sticky":false,"template":"","format":"standard","meta":{"footnotes":""},"categories":[136],"tags":[807,313,522,39],"class_list":["post-26824","post","type-post","status-publish","format-standard","has-post-thumbnail","hentry","category-promo","tag-pravo-doba","tag-promo-2","tag-velesajam","tag-zagreb"],"_links":{"self":[{"href":"https:\/\/www.mojevrijeme.hr\/magazin\/wp-json\/wp\/v2\/posts\/26824","targetHints":{"allow":["GET"]}}],"collection":[{"href":"https:\/\/www.mojevrijeme.hr\/magazin\/wp-json\/wp\/v2\/posts"}],"about":[{"href":"https:\/\/www.mojevrijeme.hr\/magazin\/wp-json\/wp\/v2\/types\/post"}],"author":[{"embeddable":true,"href":"https:\/\/www.mojevrijeme.hr\/magazin\/wp-json\/wp\/v2\/users\/5"}],"replies":[{"embeddable":true,"href":"https:\/\/www.mojevrijeme.hr\/magazin\/wp-json\/wp\/v2\/comments?post=26824"}],"version-history":[{"count":0,"href":"https:\/\/www.mojevrijeme.hr\/magazin\/wp-json\/wp\/v2\/posts\/26824\/revisions"}],"wp:featuredmedia":[{"embeddable":true,"href":"https:\/\/www.mojevrijeme.hr\/magazin\/wp-json\/wp\/v2\/media\/26827"}],"wp:attachment":[{"href":"https:\/\/www.mojevrijeme.hr\/magazin\/wp-json\/wp\/v2\/media?parent=26824"}],"wp:term":[{"taxonomy":"category","embeddable":true,"href":"https:\/\/www.mojevrijeme.hr\/magazin\/wp-json\/wp\/v2\/categories?post=26824"},{"taxonomy":"post_tag","embeddable":true,"href":"https:\/\/www.mojevrijeme.hr\/magazin\/wp-json\/wp\/v2\/tags?post=26824"}],"curies":[{"name":"wp","href":"https:\/\/api.w.org\/{rel}","templated":true}]}}