{"id":27129,"date":"2019-05-17T07:09:46","date_gmt":"2019-05-17T05:09:46","guid":{"rendered":"https:\/\/www.mojevrijeme.hr\/magazin\/?p=27129"},"modified":"2019-05-17T13:38:16","modified_gmt":"2019-05-17T11:38:16","slug":"shalva-band-tko-su-glazbenici-koji-su-zasjenili-natjecatelje-na-eurosongu","status":"publish","type":"post","link":"https:\/\/www.mojevrijeme.hr\/magazin\/2019\/05\/shalva-band-tko-su-glazbenici-koji-su-zasjenili-natjecatelje-na-eurosongu\/","title":{"rendered":"Shalva band &#8211; \u010dudesni glazbenici koji su zasjenili natjecatelje na Eurosongu"},"content":{"rendered":"\n<p>Druga kvalifikacijska ve\u010der Eurosonga nije bila sretna za na\u0161ega Roka Bla\u017eevi\u0107a koji nije uspio u\u0107i u finale, no jedan je bend dobrovoljno odustao od samog natjecanja i prihvatio mjesto u revijalnom dijelu programa. Rije\u010d je izraelskom &#8220;Shalva bandu&#8221;, skupini glazbenika koja je izvedbom pjesme <em>&#8220;A milion dreams&#8221;<\/em> zasjenila ve\u0107inu natjecatelja. Nazvali su se prema Nacionalnom centru Shalva, izraelskoj udruzi posve\u0107enoj osobama s invaliditetom i njihovom uklju\u010denju u dru\u0161tvo. Naime, ovaj glazbeni sastav jedan je od klju\u010dnih projekata inkluzije ove organizacije. <\/p>\n\n\n\n<p>Shalvu \u010dine osmero sjajnih ljudi koje nazivaju ambasadorima promjene; pjeva\u010dice <strong>Anael i Dina<\/strong> su slijepe, udaraljka\u0161i <strong>Yair i Tal <\/strong>su ro\u0111eni s Downovim sindromom, bubnjar <strong>Yosef<\/strong> ima Williamsov sindrom, a klavijaturist <strong>Guy<\/strong> je izrazito slabovidan. Skupinu vodi <strong>Shai<\/strong>, vojnik koji je prije 13 godina jedva pre\u017eivio te\u0161ke ozljede, a gitaru svira <strong>Sara<\/strong> nekada\u0161nja civilna ro\u010dnica, danas volonterka u Shalva centru za rehabilitaciju.<\/p>\n\n\n\n<p>Shalva je osvojila srca svojih sunarodnjaka u televizijskom\nnatjecanju talenata i bili su favoriti u samom izraelskom izboru za pjesmu\nEurovizije. No odustali su od natjecanja. Naime, neki \u010dlanovi benda strogo\nprakticiraju vjeru i nisu \u017eeljeli nastupati tijekom \u0161abata, dan odmora i\nmirovanja kada je \u017didovima zabranjen svaki rad. <\/p><div id=\"mojev-2013301498\" class=\"mojev-u-tekstu mojev-entity-placement\" style=\"margin-left: auto;margin-right: auto;text-align: center;\"><div class=\"mojev-adlabel\">oglas<\/div><div style=\"height: 250px;\"><script async src=\"https:\/\/pagead2.googlesyndication.com\/pagead\/js\/adsbygoogle.js?client=ca-pub-8106111766207173\"\r\n     crossorigin=\"anonymous\"><\/script>\r\n<!-- Prikazni 1 u tekstu -->\r\n<ins class=\"adsbygoogle\"\r\n     style=\"display:block\"\r\n     data-ad-client=\"ca-pub-8106111766207173\"\r\n     data-ad-slot=\"8535551207\"\r\n     data-ad-format=\"auto\"\r\n     data-full-width-responsive=\"true\"><\/ins>\r\n<script>\r\n     (adsbygoogle = window.adsbygoogle || []).push({});\r\n<\/script><\/div><\/div><br style=\"clear: both; display: block; float: none;\"\/>\n\n\n\n<p>Sudbina je htjela da zabljesnu u trenutku kada je objavljeno nacionalno istra\u017eivanje prema kojem \u010dak 90% roditelja u Izraelu ne \u017eele da im dijete ide u razred s djecom koja imaju posebne potrebe. Zato su i objavili pjesmu <em>&#8220;Open the door&#8221;<\/em> za koju ka\u017eu da mijenja stav Izraelaca prema razli\u010ditim vrstama invaliditeta. Postigli su ono \u0161to se \u010dinilo nemogu\u0107im; obo\u017eavateljice se trgaju za <em>selfie<\/em> s momcima s Downovim sindromom, a \u0161to je jo\u0161 va\u017enije &#8211; postali su uzor brojnim osobama s invaliditetom. <\/p>\n\n\n\n<p>&#8220;Kada smo po\u010deli svirati zajedno, ljudi bi napu\u0161tali prostoriju. Puno smo radili i postajali sve bolji i bolji. Vjerovali smo u sebe. Promijenili smo izraelsko dru\u0161tvo. Danas hodamo ulicom, a ljudi nas \u017eele zagrliti. Ne zato \u0161to smo \u010dudaci, ve\u0107 zato jer smo dobri u onome \u0161to radimo&#8221;, ka\u017ee Shai. Senzacionalan nastup Shalve pogledajte u gore prilo\u017eenom videu.<\/p>\n<div id=\"mojev-3722015861\" class=\"mojev-kraj-teksta mojev-entity-placement\" style=\"margin-bottom: 20px;margin-left: auto;margin-right: auto;text-align: center;\"><div class=\"mojev-adlabel\">oglas<\/div><div style=\"height: 250px;\"><script async src=\"https:\/\/pagead2.googlesyndication.com\/pagead\/js\/adsbygoogle.js?client=ca-pub-8106111766207173\"\r\n     crossorigin=\"anonymous\"><\/script>\r\n<!-- Display-1 -->\r\n<ins class=\"adsbygoogle\"\r\n     style=\"display:block\"\r\n     data-ad-client=\"ca-pub-8106111766207173\"\r\n     data-ad-slot=\"1465712950\"\r\n     data-ad-format=\"auto\"\r\n     data-full-width-responsive=\"true\"><\/ins>\r\n<script>\r\n     (adsbygoogle = window.adsbygoogle || []).push({});\r\n<\/script><\/div><\/div>","protected":false},"excerpt":{"rendered":"<p>Sudbina je htjela da zabljesnu u trenutku kada je objavljeno nacionalno istra\u017eivanje prema kojem \u010dak 90% roditelja u Izraelu ne \u017eele da im dijete ide u razred s djecom koja imaju posebne potrebe.<\/p>\n","protected":false},"author":1,"featured_media":27133,"comment_status":"closed","ping_status":"closed","sticky":false,"template":"","format":"video","meta":{"footnotes":""},"categories":[84],"tags":[327,942,1572],"class_list":["post-27129","post","type-post","status-publish","format-video","has-post-thumbnail","hentry","category-show","tag-eurosong","tag-invaliditet","tag-izrael","post_format-post-format-video"],"_links":{"self":[{"href":"https:\/\/www.mojevrijeme.hr\/magazin\/wp-json\/wp\/v2\/posts\/27129","targetHints":{"allow":["GET"]}}],"collection":[{"href":"https:\/\/www.mojevrijeme.hr\/magazin\/wp-json\/wp\/v2\/posts"}],"about":[{"href":"https:\/\/www.mojevrijeme.hr\/magazin\/wp-json\/wp\/v2\/types\/post"}],"author":[{"embeddable":true,"href":"https:\/\/www.mojevrijeme.hr\/magazin\/wp-json\/wp\/v2\/users\/1"}],"replies":[{"embeddable":true,"href":"https:\/\/www.mojevrijeme.hr\/magazin\/wp-json\/wp\/v2\/comments?post=27129"}],"version-history":[{"count":0,"href":"https:\/\/www.mojevrijeme.hr\/magazin\/wp-json\/wp\/v2\/posts\/27129\/revisions"}],"wp:featuredmedia":[{"embeddable":true,"href":"https:\/\/www.mojevrijeme.hr\/magazin\/wp-json\/wp\/v2\/media\/27133"}],"wp:attachment":[{"href":"https:\/\/www.mojevrijeme.hr\/magazin\/wp-json\/wp\/v2\/media?parent=27129"}],"wp:term":[{"taxonomy":"category","embeddable":true,"href":"https:\/\/www.mojevrijeme.hr\/magazin\/wp-json\/wp\/v2\/categories?post=27129"},{"taxonomy":"post_tag","embeddable":true,"href":"https:\/\/www.mojevrijeme.hr\/magazin\/wp-json\/wp\/v2\/tags?post=27129"}],"curies":[{"name":"wp","href":"https:\/\/api.w.org\/{rel}","templated":true}]}}