{"id":27355,"date":"2019-05-23T20:53:36","date_gmt":"2019-05-23T18:53:36","guid":{"rendered":"https:\/\/www.mojevrijeme.hr\/magazin\/?p=27355"},"modified":"2019-05-23T20:53:41","modified_gmt":"2019-05-23T18:53:41","slug":"zene-bolje-rade-u-toplijim-prostorima","status":"publish","type":"post","link":"https:\/\/www.mojevrijeme.hr\/magazin\/2019\/05\/zene-bolje-rade-u-toplijim-prostorima\/","title":{"rendered":"\u017dene bolje rade u toplijim prostorima"},"content":{"rendered":"\n<p>Znanstvenici su podigli ulog u vje\u010dnoj borbi spolova oko temperature u uredima i ostalim radnim prostorima. Naime, otkrili su da mozgovi \u017eena rade bolje na vi\u0161im temperaturama. S druge strane, mu\u0161karci rade bolje kad su temperature ne\u0161to ni\u017ee, pokazala je studija objavljena u \u010dasopisu PLOS One.<\/p>\n\n\n\n<p>Istra\u017eivanje provedeno u Njema\u010dkoj, ispitalo je sposobnost 500 mu\u0161karaca i \u017eena da obave niz zadataka na razli\u010ditim temperaturama.<\/p>\n\n\n\n<p>Na vi\u0161im temperaturama, \u017eene bolje obavljaju zadatke koje uklju\u010duju matematiku i verbalno izra\u017eavanje, dok za mu\u0161karce vrijedi obrnuto. Za \u017eene je pobolj\u0161anje u izvedbi kad je temperatura vi\u0161a, zna\u010dajno ve\u0107e nego \u0161to se kod mu\u0161karaca na istoj temperaturi kvaliteta izvedbe smanji.<\/p><div id=\"mojev-2967253831\" class=\"mojev-u-tekstu mojev-entity-placement\" style=\"margin-left: auto;margin-right: auto;text-align: center;\"><div class=\"mojev-adlabel\">oglas<\/div><div style=\"height: 250px;\"><script async src=\"https:\/\/pagead2.googlesyndication.com\/pagead\/js\/adsbygoogle.js?client=ca-pub-8106111766207173\"\r\n     crossorigin=\"anonymous\"><\/script>\r\n<!-- Prikazni 1 u tekstu -->\r\n<ins class=\"adsbygoogle\"\r\n     style=\"display:block\"\r\n     data-ad-client=\"ca-pub-8106111766207173\"\r\n     data-ad-slot=\"8535551207\"\r\n     data-ad-format=\"auto\"\r\n     data-full-width-responsive=\"true\"><\/ins>\r\n<script>\r\n     (adsbygoogle = window.adsbygoogle || []).push({});\r\n<\/script><\/div><\/div><br style=\"clear: both; display: block; float: none;\"\/>\n\n\n\n<p>&#8220;Na\u0161a saznanja sugeriraju da bi radni prostori u kojima obitavaju i \u017eene i mu\u0161karci mo\u017eda pove\u0107ali razinu produktivnosti ako bi termostat bio pode\u0161en na malo vi\u0161e&#8221;, stoji u studiji. Rezultati ove studije i nisu neka utjeha za \u017eene koje na poslu moraju nositi dodatnu vestu, \u0161al ili jaknu, no obja\u0161njavaju za\u0161to mu\u0161karci obu\u010deni u odijelo i kravatu podese temperaturu na smrzavanje.<\/p>\n<div id=\"mojev-380661738\" class=\"mojev-kraj-teksta mojev-entity-placement\" style=\"margin-bottom: 20px;margin-left: auto;margin-right: auto;text-align: center;\"><div class=\"mojev-adlabel\">oglas<\/div><div style=\"height: 250px;\"><script async src=\"https:\/\/pagead2.googlesyndication.com\/pagead\/js\/adsbygoogle.js?client=ca-pub-8106111766207173\"\r\n     crossorigin=\"anonymous\"><\/script>\r\n<!-- Display-1 -->\r\n<ins class=\"adsbygoogle\"\r\n     style=\"display:block\"\r\n     data-ad-client=\"ca-pub-8106111766207173\"\r\n     data-ad-slot=\"1465712950\"\r\n     data-ad-format=\"auto\"\r\n     data-full-width-responsive=\"true\"><\/ins>\r\n<script>\r\n     (adsbygoogle = window.adsbygoogle || []).push({});\r\n<\/script><\/div><\/div>","protected":false},"excerpt":{"rendered":"<p>Svi koji su ikad radili na radnom mjestu koje dijele i \u017eene i mu\u0161karci znaju da se najve\u0107e bitke uvijek vode oko otvaranja prozora ili poja\u010davanja grijanja. Znanstvenici su si dali truda i ustanovili za\u0161to je to tako&#8230; <\/p>\n","protected":false},"author":4,"featured_media":27358,"comment_status":"closed","ping_status":"closed","sticky":false,"template":"","format":"standard","meta":{"footnotes":""},"categories":[2],"tags":[678,29],"class_list":["post-27355","post","type-post","status-publish","format-standard","has-post-thumbnail","hentry","category-mozaik","tag-grijanje","tag-posao"],"_links":{"self":[{"href":"https:\/\/www.mojevrijeme.hr\/magazin\/wp-json\/wp\/v2\/posts\/27355","targetHints":{"allow":["GET"]}}],"collection":[{"href":"https:\/\/www.mojevrijeme.hr\/magazin\/wp-json\/wp\/v2\/posts"}],"about":[{"href":"https:\/\/www.mojevrijeme.hr\/magazin\/wp-json\/wp\/v2\/types\/post"}],"author":[{"embeddable":true,"href":"https:\/\/www.mojevrijeme.hr\/magazin\/wp-json\/wp\/v2\/users\/4"}],"replies":[{"embeddable":true,"href":"https:\/\/www.mojevrijeme.hr\/magazin\/wp-json\/wp\/v2\/comments?post=27355"}],"version-history":[{"count":0,"href":"https:\/\/www.mojevrijeme.hr\/magazin\/wp-json\/wp\/v2\/posts\/27355\/revisions"}],"wp:featuredmedia":[{"embeddable":true,"href":"https:\/\/www.mojevrijeme.hr\/magazin\/wp-json\/wp\/v2\/media\/27358"}],"wp:attachment":[{"href":"https:\/\/www.mojevrijeme.hr\/magazin\/wp-json\/wp\/v2\/media?parent=27355"}],"wp:term":[{"taxonomy":"category","embeddable":true,"href":"https:\/\/www.mojevrijeme.hr\/magazin\/wp-json\/wp\/v2\/categories?post=27355"},{"taxonomy":"post_tag","embeddable":true,"href":"https:\/\/www.mojevrijeme.hr\/magazin\/wp-json\/wp\/v2\/tags?post=27355"}],"curies":[{"name":"wp","href":"https:\/\/api.w.org\/{rel}","templated":true}]}}