{"id":27457,"date":"2019-05-26T15:57:41","date_gmt":"2019-05-26T13:57:41","guid":{"rendered":"https:\/\/www.mojevrijeme.hr\/magazin\/?p=27457"},"modified":"2019-05-26T16:03:17","modified_gmt":"2019-05-26T14:03:17","slug":"kolinda-tko-ne-glasa-nema-puno-pravo-brundati-protiv-onih-na-vlasti","status":"publish","type":"post","link":"https:\/\/www.mojevrijeme.hr\/magazin\/2019\/05\/kolinda-tko-ne-glasa-nema-puno-pravo-brundati-protiv-onih-na-vlasti\/","title":{"rendered":"Kolinda: Tko ne glasa, nema puno pravo &#8216;brundati&#8217; protiv onih na vlasti"},"content":{"rendered":"\n<p>Predsjednica <strong>Kolinda Grabar-Kitarovi\u0107<\/strong> u pratnji supruga <strong>Jakova<\/strong> ispunila je svoju gra\u0111ansku du\u017enost. Prvi par Hrvatske glasao je jutros u Zagrebu na bira\u010dkom mjestu 20 u Laginjinoj ulici. \u00a0Pozvala je gra\u0111ane, posebno mlade, da glasaju &#8220;jer je to najbolji mogu\u0107i na\u010din kako gra\u0111ani mogu izabrati da njihova opcija u\u0111e u europarlament&#8221;.<\/p>\n\n\n\n<p>Ipak, kritizirala je izgled i ure\u0111enje bira\u010dkih mjesta u kojima se privatnost osigurava tek kartonskim pregradama: &#8220;Sudjelovala sam u organizaciji izbora u Afganistanu. Pa ako ni\u0161ta drugo, u\u0111ete u jednu ku\u0107icu gdje povu\u010dete zastor i gdje mo\u017eete glasovati, a da vas nitko ne vidi. Da ne velim o elektroni\u010dkom glasovanju koje bi omogu\u0107ili iseljenicima da glasaju. Svaki dr\u017eavljanin Hrvatske stariji od 18 godina, bez obzira gdje \u017eivio i pla\u0107ao poreze, ima pravo glasati u Hrvatskoj. Na\u0161a je du\u017enost to omogu\u0107iti. U protivnom je to oduzimanje prava velikom dijelu hrvatske populacije razli\u010ditih narodnosti. Trebali bismo na\u0107i na\u010din dopisnog ili elektroni\u010dkog glasanja za sve izbore.&#8221;<\/p>\n\n\n\n<p>O ka\u017enjavanju za neizlazak na izbore, predsjednica nema definiran stav, ali podsje\u0107a da Australija napla\u0107uje lijenim bira\u010dima debele kazne. O tome bi, ka\u017ee, razmi\u0161ljala tek nekoliko godina nakon uvo\u0111enja mogu\u0107nosti da svi hrvatski gra\u0111ani mogu glasati. &#8220;Tek nakon te prilagodbe bih po\u010dela razmi\u0161ljati o ka\u017enjavanju. Izbori su komponenta demokracije, temelj.&#8221;<\/p><div id=\"mojev-4021799094\" class=\"mojev-u-tekstu mojev-entity-placement\" style=\"margin-left: auto;margin-right: auto;text-align: center;\"><div class=\"mojev-adlabel\">oglas<\/div><div style=\"height: 250px;\"><script async src=\"https:\/\/pagead2.googlesyndication.com\/pagead\/js\/adsbygoogle.js?client=ca-pub-8106111766207173\"\r\n     crossorigin=\"anonymous\"><\/script>\r\n<!-- Prikazni 1 u tekstu -->\r\n<ins class=\"adsbygoogle\"\r\n     style=\"display:block\"\r\n     data-ad-client=\"ca-pub-8106111766207173\"\r\n     data-ad-slot=\"8535551207\"\r\n     data-ad-format=\"auto\"\r\n     data-full-width-responsive=\"true\"><\/ins>\r\n<script>\r\n     (adsbygoogle = window.adsbygoogle || []).push({});\r\n<\/script><\/div><\/div><br style=\"clear: both; display: block; float: none;\"\/>\n\n\n\n<p>Predsjednica se dotaknula i vje\u010dno nezadovoljnih bira\u010da koji ne ispunjavaju svoju gra\u0111ansku du\u017enost: &#8220;Ako niste iza\u0161li na izbore pa idu\u0107ih \u010detiri ili pet godina brundate kako je &#8216;ovaj ili onaj na vlasti&#8217;, na to nemate sasvim pravo, jer niste ostvarili svoje demokratsko pravo birati svoje zastupnike za koje mislite da \u0107e vas najbolje zastupati.&#8221;<\/p>\n<div id=\"mojev-3452338409\" class=\"mojev-kraj-teksta mojev-entity-placement\" style=\"margin-bottom: 20px;margin-left: auto;margin-right: auto;text-align: center;\"><div class=\"mojev-adlabel\">oglas<\/div><div style=\"height: 250px;\"><script async src=\"https:\/\/pagead2.googlesyndication.com\/pagead\/js\/adsbygoogle.js?client=ca-pub-8106111766207173\"\r\n     crossorigin=\"anonymous\"><\/script>\r\n<!-- Display-1 -->\r\n<ins class=\"adsbygoogle\"\r\n     style=\"display:block\"\r\n     data-ad-client=\"ca-pub-8106111766207173\"\r\n     data-ad-slot=\"1465712950\"\r\n     data-ad-format=\"auto\"\r\n     data-full-width-responsive=\"true\"><\/ins>\r\n<script>\r\n     (adsbygoogle = window.adsbygoogle || []).push({});\r\n<\/script><\/div><\/div>","protected":false},"excerpt":{"rendered":"<p>O ka\u017enjavanju za neizlazak na izbore, predsjednica nema definiran stav, ali podsje\u0107a da Australija napla\u0107uje lijenim bira\u010dima debele kazne. O tome bi, ka\u017ee, razmi\u0161ljala tek nekoliko godina nakon uvo\u0111enja mogu\u0107nosti da svi hrvatski gra\u0111ani mogu glasati.<\/p>\n","protected":false},"author":1,"featured_media":27460,"comment_status":"closed","ping_status":"closed","sticky":false,"template":"","format":"standard","meta":{"footnotes":""},"categories":[9],"tags":[1610,223,359],"class_list":["post-27457","post","type-post","status-publish","format-standard","has-post-thumbnail","hentry","category-vijesti","tag-europski-izbori","tag-izbori","tag-kolinda"],"_links":{"self":[{"href":"https:\/\/www.mojevrijeme.hr\/magazin\/wp-json\/wp\/v2\/posts\/27457","targetHints":{"allow":["GET"]}}],"collection":[{"href":"https:\/\/www.mojevrijeme.hr\/magazin\/wp-json\/wp\/v2\/posts"}],"about":[{"href":"https:\/\/www.mojevrijeme.hr\/magazin\/wp-json\/wp\/v2\/types\/post"}],"author":[{"embeddable":true,"href":"https:\/\/www.mojevrijeme.hr\/magazin\/wp-json\/wp\/v2\/users\/1"}],"replies":[{"embeddable":true,"href":"https:\/\/www.mojevrijeme.hr\/magazin\/wp-json\/wp\/v2\/comments?post=27457"}],"version-history":[{"count":0,"href":"https:\/\/www.mojevrijeme.hr\/magazin\/wp-json\/wp\/v2\/posts\/27457\/revisions"}],"wp:featuredmedia":[{"embeddable":true,"href":"https:\/\/www.mojevrijeme.hr\/magazin\/wp-json\/wp\/v2\/media\/27460"}],"wp:attachment":[{"href":"https:\/\/www.mojevrijeme.hr\/magazin\/wp-json\/wp\/v2\/media?parent=27457"}],"wp:term":[{"taxonomy":"category","embeddable":true,"href":"https:\/\/www.mojevrijeme.hr\/magazin\/wp-json\/wp\/v2\/categories?post=27457"},{"taxonomy":"post_tag","embeddable":true,"href":"https:\/\/www.mojevrijeme.hr\/magazin\/wp-json\/wp\/v2\/tags?post=27457"}],"curies":[{"name":"wp","href":"https:\/\/api.w.org\/{rel}","templated":true}]}}