{"id":27593,"date":"2019-05-30T17:36:34","date_gmt":"2019-05-30T15:36:34","guid":{"rendered":"https:\/\/www.mojevrijeme.hr\/magazin\/?p=27593"},"modified":"2019-05-30T17:42:27","modified_gmt":"2019-05-30T15:42:27","slug":"veleposlanstva-svicarske-i-norveske-komentirala-su-kolakusiceve-izjave","status":"publish","type":"post","link":"https:\/\/www.mojevrijeme.hr\/magazin\/2019\/05\/veleposlanstva-svicarske-i-norveske-komentirala-su-kolakusiceve-izjave\/","title":{"rendered":"2 u 1? Veleposlanstva \u0160vicarske i Norve\u0161ke komentirala su Kolaku\u0161i\u0107eve izjave"},"content":{"rendered":"\n<p>&#8220;I vi mislite da se zemlja ne mo\u017ee promijeniti ako vi niste i ministar pravosu\u0111a i ministar unutarnjih poslova i premijer?&#8221; pitao je <strong>Mislav Bago<\/strong>, novinar Nove TV, novoizabranog europarlamentarca <strong>Mislava Kolaku\u0161i\u0107a<\/strong>. &#8220;Sigurno ne mo\u017ee&#8221;, rekao je Kolaku\u0161i\u0107, da bi ga Bago potom upitao misli li da je to u &#8220;demokratskoj zemlji normalna stvar&#8221;.<\/p>\n\n\n\n<p>&#8220;Ako \u0107emo nenormalnom nazvati dr\u017eavu \u0160vicarsku, koja ima ministarstvo pravosu\u0111a i policije, ili Norve\u0161ku\u2026&#8221;, rekao je Kolaku\u0161i\u0107 te kasnije u razgovoru napomenuo da je ministarstvo pravosu\u0111a i policije prisutno i u Nizozemskoj.<\/p>\n\n\n\n<p>Ove je izjave za <a rel=\"noreferrer noopener\" aria-label=\"Faktograf  (opens in a new tab)\" href=\"https:\/\/faktograf.hr\/2019\/05\/30\/kolakusiceve-izjave-o-politickim-sustavima-norveske-svicarske-i-nizozemske-su-obmanjujuce\/\" target=\"_blank\"><strong>Faktograf<\/strong> <\/a>komentirao <strong>Vi\u0161eslav Raos<\/strong>, docent na Fakultetu politi\u010dkih znanosti u Zagrebu. &#8220;Parcijalno iznosi informacije i time <strong>obmanjuje javnost<\/strong>&#8220;, rekao je Raos.<\/p><div id=\"mojev-843723522\" class=\"mojev-u-tekstu mojev-entity-placement\" style=\"margin-left: auto;margin-right: auto;text-align: center;\"><div class=\"mojev-adlabel\">oglas<\/div><div style=\"height: 250px;\"><script async src=\"https:\/\/pagead2.googlesyndication.com\/pagead\/js\/adsbygoogle.js?client=ca-pub-8106111766207173\"\r\n     crossorigin=\"anonymous\"><\/script>\r\n<!-- Prikazni 1 u tekstu -->\r\n<ins class=\"adsbygoogle\"\r\n     style=\"display:block\"\r\n     data-ad-client=\"ca-pub-8106111766207173\"\r\n     data-ad-slot=\"8535551207\"\r\n     data-ad-format=\"auto\"\r\n     data-full-width-responsive=\"true\"><\/ins>\r\n<script>\r\n     (adsbygoogle = window.adsbygoogle || []).push({});\r\n<\/script><\/div><\/div><br style=\"clear: both; display: block; float: none;\"\/>\n\n\n\n<p>I dok, napominje Raos, nije potpuno neto\u010dno da predsjednik ili predsjednica Vlade u nekim zemljama imaju i neki resor, nema nikakvih dokaza da je takvo \u0161to dobra praksa koju bi trebali preuzeti. &#8220;\u0160vicarski sustav je jako specifi\u010dan i ne mo\u017eemo se previ\u0161e na njega ugledati. U Nizozemskoj je rije\u010d o druga\u010dijoj organizaciji rada ministarstva&#8221;, rekao je.<\/p>\n\n\n\n<p>Nizozemski premijer, naime, nije ujedno i ministar pravosu\u0111a i sigurnosti. Politi\u010dko vodstvo nad tim ministarstvom,&nbsp;dr\u017ee Ferdinand&nbsp; Grapperhaus, ministar pravosu\u0111a i sigurnosti, ali i ministri pravne za\u0161tite i migracija.<\/p>\n\n\n\n<h3 class=\"wp-block-heading\">Kako je u Norve\u0161koj?<\/h3>\n\n\n\n<p>Komentare na navedene izjave Mislava Kolaku\u0161i\u0107a Faktograf je zatra\u017eio i od svih veleposlanstava spomenutih zemlja u Republici Hrvatskoj. &#8220;Norve\u0161ki <strong>premijer ne pokriva pravosu\u0111e ni unutarnje poslove<\/strong>. Vlada ima svojega ministra pravosu\u0111a, a nekoliko ministara u kabinetu Vlade odgovorno je za podru\u010dja koja su povezana s unutarnjim poslovima&#8221;, re\u010deno je iz Veleposlanstva Kraljevine Norve\u0161ke u Zagrebu <a rel=\"noreferrer noopener\" aria-label=\"Faktografu (opens in a new tab)\" href=\"https:\/\/faktograf.hr\/2019\/05\/30\/kolakusiceve-izjave-o-politickim-sustavima-norveske-svicarske-i-nizozemske-su-obmanjujuce\/\" target=\"_blank\">Faktografu<\/a>, uz uputu da se detaljnije informacije o raspodjeli ovlasti mogu prona\u0107i <a href=\"https:\/\/www.regjeringen.no\/en\/the-government\/solberg\/members-of-the-government-2\/id543170\/\" target=\"_blank\" rel=\"noreferrer noopener\" aria-label=\"ovdje (opens in a new tab)\">ovdje<\/a>.<\/p>\n\n\n\n<h3 class=\"wp-block-heading\">A u \u0160vicarskoj?<\/h3>\n\n\n\n<p>Iz \u0160vicarske potvr\u0111uju Raosove rije\u010di da je \u0161vicarski politi\u010dki sustav prespecifi\u010dan za usporedbe. &#8220;Izjava gospodina Kolaku\u0161i\u0107a u osnovi nije pogre\u0161na, ali ona ne uzima u obzir specifi\u010dnosti \u0161vicarskog politi\u010dkog sustava. Direktna usporedba s hrvatskim politi\u010dkim sustavom stoga zbog brojnih \u0161vicarskih posebnosti ne bi bila mogu\u0107a&#8221;, rekli su iz veleposlanstva \u0160vicarske Konfederacije.<\/p>\n\n\n\n<p>&#8220;\u0160vicarska naime ima ukupno sedam ministarstava, od kojih je jedno &#8216;Ministarstvo pravosu\u0111a i policije&#8217;, \u0161to bi odgovaralo hrvatskim ministarstvima pravosu\u0111a i unutarnjih poslova. Zbuniti mo\u017ee \u010dinjenica da u \u0160vicarskoj postoji i Ministarstvo unutarnjih poslova, ali njegova nadle\u017enost se razlikuje od hrvatskog MUP-a. Resori kojima se bavi \u0160vicarsko ministarstvo unutarnjih su zdravstvo, kultura, mirovinski sustav i sl.&nbsp; \u0160vicarski politi\u010dki sustav <strong>ne poznaje instituciju predsjednika vlade<\/strong>, kao \u0161to je to u RH. Svake godine \u0161vicarski parlament, me\u0111utim, izme\u0111u sedam ministara bira Predsjednika dr\u017eave, \u010diji mandat traje godinu dana. Stoga, mogu\u0107e je da u jednoj godini na \u010delu \u0160vicarske bude predsjednik ili predsjednica koji\/koja je istovremeno i ministar pravosu\u0111a i policije&#8221;, poru\u010duju iz veleposlanstva \u0160vicarske.<\/p>\n<div id=\"mojev-4088357481\" class=\"mojev-kraj-teksta mojev-entity-placement\" style=\"margin-bottom: 20px;margin-left: auto;margin-right: auto;text-align: center;\"><div class=\"mojev-adlabel\">oglas<\/div><div style=\"height: 250px;\"><script async src=\"https:\/\/pagead2.googlesyndication.com\/pagead\/js\/adsbygoogle.js?client=ca-pub-8106111766207173\"\r\n     crossorigin=\"anonymous\"><\/script>\r\n<!-- Display-1 -->\r\n<ins class=\"adsbygoogle\"\r\n     style=\"display:block\"\r\n     data-ad-client=\"ca-pub-8106111766207173\"\r\n     data-ad-slot=\"1465712950\"\r\n     data-ad-format=\"auto\"\r\n     data-full-width-responsive=\"true\"><\/ins>\r\n<script>\r\n     (adsbygoogle = window.adsbygoogle || []).push({});\r\n<\/script><\/div><\/div>","protected":false},"excerpt":{"rendered":"<p>Direktna usporedba s hrvatskim politi\u010dkim sustavom zbog brojnih \u0161vicarskih posebnosti ne bi bila mogu\u0107a, rekli su iz veleposlanstva \u0160vicarske Konfederacije.<\/p>\n","protected":false},"author":1,"featured_media":27597,"comment_status":"closed","ping_status":"closed","sticky":false,"template":"","format":"standard","meta":{"footnotes":""},"categories":[9],"tags":[1753,1755,1581],"class_list":["post-27593","post","type-post","status-publish","format-standard","has-post-thumbnail","hentry","category-vijesti","tag-mislav-kolakusic","tag-norveska","tag-svicarska"],"_links":{"self":[{"href":"https:\/\/www.mojevrijeme.hr\/magazin\/wp-json\/wp\/v2\/posts\/27593","targetHints":{"allow":["GET"]}}],"collection":[{"href":"https:\/\/www.mojevrijeme.hr\/magazin\/wp-json\/wp\/v2\/posts"}],"about":[{"href":"https:\/\/www.mojevrijeme.hr\/magazin\/wp-json\/wp\/v2\/types\/post"}],"author":[{"embeddable":true,"href":"https:\/\/www.mojevrijeme.hr\/magazin\/wp-json\/wp\/v2\/users\/1"}],"replies":[{"embeddable":true,"href":"https:\/\/www.mojevrijeme.hr\/magazin\/wp-json\/wp\/v2\/comments?post=27593"}],"version-history":[{"count":0,"href":"https:\/\/www.mojevrijeme.hr\/magazin\/wp-json\/wp\/v2\/posts\/27593\/revisions"}],"wp:featuredmedia":[{"embeddable":true,"href":"https:\/\/www.mojevrijeme.hr\/magazin\/wp-json\/wp\/v2\/media\/27597"}],"wp:attachment":[{"href":"https:\/\/www.mojevrijeme.hr\/magazin\/wp-json\/wp\/v2\/media?parent=27593"}],"wp:term":[{"taxonomy":"category","embeddable":true,"href":"https:\/\/www.mojevrijeme.hr\/magazin\/wp-json\/wp\/v2\/categories?post=27593"},{"taxonomy":"post_tag","embeddable":true,"href":"https:\/\/www.mojevrijeme.hr\/magazin\/wp-json\/wp\/v2\/tags?post=27593"}],"curies":[{"name":"wp","href":"https:\/\/api.w.org\/{rel}","templated":true}]}}